{"id":16441,"date":"2023-10-07T11:23:36","date_gmt":"2023-10-07T08:23:36","guid":{"rendered":"https:\/\/akdenizhaber.com.tr\/?p=16441"},"modified":"2023-10-07T11:23:37","modified_gmt":"2023-10-07T08:23:37","slug":"akdeniz-universitesinde-meme-kanseri-tani-ve-tedavisinde-yenilikler-konusuldu","status":"publish","type":"post","link":"https:\/\/akdenizhaber.com.tr\/index.php\/2023\/10\/07\/akdeniz-universitesinde-meme-kanseri-tani-ve-tedavisinde-yenilikler-konusuldu\/","title":{"rendered":"Akdeniz \u00dcniversitesinde Meme Kanseri tan\u0131 ve tedavisinde yenilikler konu\u015fuldu"},"content":{"rendered":"\n<p><\/p>\n\n\n\n<p>Akdeniz \u00dcniversitesi Hastanesinde Meme Kanseri Fark\u0131ndal\u0131k Ay\u0131kapsam\u0131nda \u201cTan\u0131dan Tedaviye Meme Kanseri Yolculu\u011fu Sempozyumu\u201d d\u00fczenlendi.Onkoloji ve Radyasyon Onkolojisib\u00f6l\u00fcmlerinde g\u00fc\u00e7l\u00fc bir alt yap\u0131ya sahip olduklar\u0131n\u0131 s\u00f6yleyen Rekt\u00f6r \u00d6zkan, bu alandaT\u00fcrkiye\u2019deki say\u0131l\u0131 merkezlerden biriolduklar\u0131n\u0131 s\u00f6yledi.<\/p>\n\n\n\n<p>Akdeniz \u00dcniversitesi ve Antalya Meme Hastal\u0131klar\u0131 Derne\u011fi i\u015f birli\u011finde Akdeniz \u00dcniversitesi T\u0131p Fak\u00fcltesi Mor Salon\u2019da Tan\u0131dan Tedaviye Meme Kanseri Yolculu\u011fu Sempozyumud\u00fczenlendi. Meme Kanseri Fark\u0131ndal\u0131k Ay\u0131kapsam\u0131nda kansere kar\u015f\u0131 bilin\u00e7 uyand\u0131rmak amac\u0131yla d\u00fczenlenenSempozyuma Akdeniz \u00dcniversitesi Rekt\u00f6r\u00fc ve Antalya Meme Hastal\u0131klar\u0131 Derne\u011fi Ba\u015fkan\u0131 Prof. Dr. \u00d6zlenen \u00d6zkan, Prof. Dr. Tuncer Karpuzo\u011flu Organ Nakli Enstit\u00fcs\u00fc M\u00fcd\u00fcr\u00fc ve Sempozyum Ba\u015fkan\u0131 Prof. Dr. \u00d6mer \u00d6zkan, T\u0131p Fak\u00fcltesi Dekan\u0131 Prof. Dr. Erol G\u00fcrp\u0131nar, farkl\u0131 disiplinlerden \u00f6\u011fretim \u00fcyeleri ve asistanlar kat\u0131ld\u0131.<\/p>\n\n\n\n<p>\u201cERKEN TANI \u0130\u00c7\u0130N FARKINDALI\u011eIN ARTMASI GEREK\u0130YOR\u201d<\/p>\n\n\n\n<p>Ekim ay\u0131n\u0131n t\u00fcm d\u00fcnyada \u201cMeme Kanseri Fark\u0131ndal\u0131k Ay\u0131\u201d olarak kabul edildi\u011fini ve bu konuya dikkat \u00e7ekmek istediklerini ifade eden Akdeniz \u00dcniversitesi Rekt\u00f6r\u00fc Prof. Dr. \u00d6zlenen \u00d6zkan, \u201cMeme kanseri konusu benim i\u00e7in hem kad\u0131n olarak, hem de anneannemi bu illetten kaybeden biri olarak benim i\u00e7in biraz daha farkl\u0131. Hastal\u0131\u011f\u0131n ne kadar erken ya\u015flara d\u00fc\u015ft\u00fc\u011f\u00fcn\u00fc maalesef hepimiz g\u00f6zlemliyoruz. Bu nedenle erken te\u015fhisin \u00f6nemi de art\u0131yor. Bug\u00fcn de daha \u00e7ok tedavi \u00fczerine konu\u015faca\u011f\u0131z ama as\u0131l \u00f6nemli olan erken tan\u0131. Bunun i\u00e7in de fark\u0131ndal\u0131\u011f\u0131n art\u0131r\u0131lmas\u0131 gerekiyor. Akdeniz \u00dcniversitesi\u2019nin&nbsp; b\u00f6yle bir&nbsp; misyonu oldu\u011funu d\u00fc\u015f\u00fcn\u00fcyorum. Bu konuda halka y\u00f6nelik toplant\u0131lar da yapaca\u011f\u0131z.\u201d dedi.&nbsp;<\/p>\n\n\n\n<p>T\u00dcRK\u0130YE\u2019DEK\u0130 SAYILIR MERKEZLERDEN B\u0130R\u0130<\/p>\n\n\n\n<p>Sempozyumda tedavilerde g\u00fcncel y\u00f6ntemler \u00fczerinde konu\u015fulaca\u011f\u0131ndan bahseden Rekt\u00f6r \u00d6zkan,&nbsp; \u201cAkdeniz \u00dcniversitesi olarak hem onkoloji hem de radyasyon onkoloji b\u00f6l\u00fcmlerimizin alt yap\u0131lar\u0131n\u0131 g\u00fc\u00e7lendirdik. Konu\u015fmac\u0131lar\u0131m\u0131z, hocalar\u0131m\u0131z bundan bahsedecek.&nbsp; Brakiterapiler gibi bir\u00e7ok terapi t\u00fcr\u00fc, T\u00fcrkiye\u2019de \u00e7ok az merkezde var. L\u00fctfen hastalar\u0131n\u0131z\u0131 y\u00f6nlendirin. Keza kanser tedavisi mod\u00fclasyonunu i\u00e7eren genetik mutasyon taramas\u0131 yapan da 2-3 merkezden biriyiz. L\u00fctfen hastalar\u0131n\u0131z\u0131n \u00f6rneklerini uzak merkezlere g\u00f6ndermeyin. Merkezimizde hem ucuz, hem daha hesapl\u0131 bak\u0131yoruz.\u201d \u015feklinde konu\u015ftu.<\/p>\n\n\n\n<p>TECR\u00dcBELER\u0130N\u0130 PAYLA\u015eTI<\/p>\n\n\n\n<p>\u0130ki oturum halinde d\u00fczenlenen sempozyumun ilk oturum ba\u015fkanl\u0131\u011f\u0131n\u0131 Prof. Dr. \u00d6zlenen \u00d6zkan ve Prof. Dr. Cumhur Ar\u0131c\u0131 yapt\u0131. Plastik, Rekonstr\u00fcktif ve Estetik Cerrahi Anabilim Dal\u0131 \u00d6\u011fretim \u00dcyesi Prof. Dr. \u00d6mer \u00d6zkan \u201cNe Zaman Rekonstr\u00fcksiyon Yap\u0131yoruz\u201d ba\u015fl\u0131kl\u0131 konu\u015fmas\u0131nda rekonstr\u00fcksiyonun ne zaman, kimlere yap\u0131ld\u0131\u011f\u0131 konusunda bilgiler vererek hastan\u0131n durumunun bu konuda \u00f6nemli oldu\u011funu ifade etti. \u00d6zellikle asistanlara ya\u015fad\u0131\u011f\u0131 tecr\u00fcbeler \u00fczerinden hastaya yakla\u015f\u0131m konusunda \u00f6nerilerde bulunan Prof. Dr. \u00d6zkan, hastan\u0131n durumunun, psikolojisinin hatta yak\u0131n\u0131n durumunun bile de\u011ferlendirmede \u00f6nemli oldu\u011funu ve tedavi s\u00fcrecinin buna g\u00f6re \u015fekillendi\u011fini anlatt\u0131.Hastan\u0131n durumuna g\u00f6re uygulanabilecek farkl\u0131 tedavi t\u00fcrlerini anlatan Prof. Dr. \u00d6zkan, bu tedavilerin avantaj ve dezavantajlar\u0131ndan bahsederek konuyla ilgili vaka \u00f6rnekleri sundu. Erken te\u015fhisin \u00f6nemine vurgu yapan Prof. Dr. \u00d6zkan \u201cKi\u015fisel tecr\u00fcbeme g\u00f6re memedeki t\u00fcm\u00f6r en yava\u015f geli\u015fen t\u00fcm\u00f6rlerden bir tanesi ancak belli bir a\u015famay\u0131 ge\u00e7tikten sonra h\u0131z\u0131 alam\u0131yorsunuz. Bu sebeple erken te\u015fhis ve erken d\u00f6nemdeki tedavi \u00e7ok \u00f6nemli.\u201d dedi.&nbsp; Hastan\u0131n tan\u0131 ve tedavi s\u00fcrecinde farkl\u0131 bran\u015flarla birlikte uyum i\u00e7inde \u00e7al\u0131\u015fman\u0131n ve operasyonlarda tecr\u00fcbeli bir ekibin \u00f6nemli oldu\u011funa de\u011finen Prof. Dr. \u00d6zkan Akdeniz \u00dcniversitesi olarak bu konuda \u015fansl\u0131 olduklar\u0131n\u0131 \u00e7ok de\u011ferli hocalarla \u00e7al\u0131\u015ft\u0131klar\u0131n\u0131 ifade etti.<\/p>\n\n\n\n<p>AKDEN\u0130Z\u2019DE TANI \u0130\u00c7\u0130N YEN\u0130 B\u0130R Y\u00d6NTEM KULLANILMAYA BA\u015eLANDI<\/p>\n\n\n\n<p>Nas\u0131l tan\u0131 koyduklar\u0131, tan\u0131 ve taramadaki yenilikler konusundan bahseden Radyoloji Anabilim Dal\u0131 \u00d6\u011fretim \u00dcyesi Do\u00e7. Dr. Ebru Sanhal,yap\u0131lan mevcut taramalar\u0131n yan\u0131nda yeni bir teknik olan Kontrastl\u0131 Mamografinin \u00f6zelliklerini anlatt\u0131. Kontrastl\u0131 Mamografinin t\u00fcm\u00f6rle ilgili morfolojik ve fonsiyonel bilgi sa\u011flad\u0131\u011f\u0131n\u0131 basit, h\u0131zl\u0131, ucuz ve do\u011frulu\u011fu y\u00fcksek bir y\u00f6ntem oldu\u011fu s\u00f6yleyen Do\u00e7.Dr. Sanhal,&nbsp; \u201cAkdeniz \u00dcniversitesi Meme Radyolojisi olarak Temmuz ay\u0131 itibar\u0131yla yeni cihaz\u0131m\u0131zla Kontrastl\u0131 Mamografi tetkikini ger\u00e7ekle\u015ftiriyoruz.\u201d \u015feklinde konu\u015ftu.<\/p>\n\n\n\n<p>ALANDAK\u0130 YEN\u0130L\u0130KLER KONU\u015eULDU<\/p>\n\n\n\n<p>Genel Cerrahi Anabilim Dal\u0131 \u00d6\u011fretim \u00dcyesi Do\u00e7. Dr. Veli Vural meme kanserinin kad\u0131nlarda en s\u0131k g\u00f6r\u00fclen kanserlerden oldu\u011funu ve tarihinin antik \u00e7a\u011fa kadar uzand\u0131\u011f\u0131n\u0131 belirtti. Meme koruyu cerrahisi hakk\u0131nda bilgiler veren Do\u00e7. Dr. Veli Vural, meme koruyucu cerrahinin kanserli dokunun uygun kozmetik sonu\u00e7larla t\u00fcm\u00f6r\u00fcn g\u00fcvenli s\u0131n\u0131rlarla \u00e7\u0131kar\u0131lmas\u0131 demek oldu\u011funu ve geli\u015fen teknoloji ve taramalarla birlikte daha fazla meme koruyucu cerrahiye olanak sa\u011fland\u0131\u011f\u0131n\u0131 ifade etti. Radyasyon Onkolojisi Anabilim Dal\u0131 \u00d6\u011fretim \u00dcyesi Do\u00e7. Dr. Timur Koca da konu\u015fmas\u0131nda radyoterapiyi kimlere verdiklerini, dikkat edilmesi gereken noktalar, meme radyolojisindeki de\u011fi\u015fiklikler ve yenilikler konular\u0131nda bilgilerini payla\u015ft\u0131.<\/p>\n\n\n\n<p>AYRINTILI GEN ANAL\u0130Z\u0130 YAPILAN 3 \u00dcN\u0130VERS\u0130TEDEN B\u0130R\u0130S\u0130Y\u0130Z<\/p>\n\n\n\n<p>\u0130\u00e7 Hastal\u0131klar\u0131 Anabilim Dal\u0131 \u00d6\u011fretim \u00dcyesi Do\u00e7. Dr. Mustafa Karaca, \u201cMeme kanserleri tek bir hastal\u0131ktan olu\u015fmay\u0131p \u00e7e\u015fitli alt tipleri bulunmaktad\u0131r.Hormon pozitif meme kanserlerinde eskiden ileri d\u00f6nem hastalarda kemoterapi ilk s\u0131rada tercih edilirken son yap\u0131lan cal\u0131\u015fmalarda hedefe y\u00f6nelik a\u011f\u0131zdan kullan\u0131lan ila\u00e7larla \u00e7ok etkili sonu\u00e7lar al\u0131nm\u0131\u015ft\u0131r.Yine meme kanserinin bu grubunda t\u00fcm\u00f6r h\u00fccreleri genetik olarak ayr\u0131nt\u0131l\u0131 incelenmekte ve tespit edilen genetik mutasyonlara y\u00f6nelik tedavi se\u00e7enekleri de artmaya ba\u015flam\u0131\u015ft\u0131r.Burada \u00f6nemli olan bu gen analizinin yap\u0131labilmesi.Biz Akdeniz \u00dcniversitesi\u2019nde g\u00f6rev yapan onkologlar olarak \u00e7ok \u015fansl\u0131y\u0131z \u00fcniversitemiz NGS denilen ayr\u0131nt\u0131l\u0131 gen analizin yap\u0131ld\u0131\u011f\u0131 T\u00fcrkiye\u2019deki 3 devlet \u00fcniversitesinden bir tanesi bizlere bu imkan\u0131 sa\u011flayan Rekt\u00f6r\u00fcm\u00fcz Prof. Dr. \u00d6zlenen \u00d6zkan\u2019a te\u015fekk\u00fcrlerimi iletiyorum.\u201d dedi.<\/p>\n\n\n\n<p>\u0130K\u0130 OTURUM HAL\u0130NDE<\/p>\n\n\n\n<p>Sempozyumun ikinci oturumunda ise oturum ba\u015fkanl\u0131klar\u0131n\u0131 Prof. Dr. Mustafa \u00d6zdo\u011fan, Prof. Dr. Aylin Fidan Kor\u00e7um \u015eahin yaparken \u0130\u00e7 Hastal\u0131klar\u0131 Anabilim Dal\u0131 \u00d6\u011fretim \u00dcyesi Do\u00e7. Dr. Mustafa Karaca \u201cHormon + Meme Kanserinde Adjuvan ve Metastatik D\u00f6nemdeki Yenilikler\u201d, T\u0131bbi Onkoloji Bilim Dal\u0131 Ba\u015fkan\u0131 Prof. Dr. Ali Murat Tatl\u0131 \u201cHER+ Meme Kanserinde Adjuvan ve Metastatik D\u00f6nemdeki Yenilikler\u201d,<\/p>\n\n\n\n<p>T\u0131bbi Onkoloji Bilim Dal\u0131 \u00d6\u011fretim \u00dcyesi Prof. Dr. Sema Sezgin G\u00f6ksu Triple Negatif Meme Kanserinde Adjuvan ve Metastatik D\u00f6nemdeki Yenilikler, Plastik, Rekonstr\u00fcktif ve Estetik Cerrahi Anabilim Dal\u0131 \u00d6\u011fretim \u00dcyesi Dr. \u00d6\u011fr. \u00dcyesi G\u00f6khan Ertosun Ki\u015fiselle\u015ftirilmi\u015f Tarama ve Genetik Risk, Genetik Dan\u0131\u015fmanl\u0131k Kime? konulu sunumlar\u0131n\u0131 ger\u00e7ekle\u015ftirdi.<\/p>\n\n\n\n<p>Akdeniz \u00dcniversitesi Rekt\u00f6rl\u00fc\u011f\u00fc \/ B\u00fclten<\/p>\n","protected":false},"excerpt":{"rendered":"<p>Akdeniz \u00dcniversitesi Hastanesinde Meme Kanseri Fark\u0131ndal\u0131k Ay\u0131kapsam\u0131nda \u201cTan\u0131dan Tedaviye Meme Kanseri Yolculu\u011fu Sempozyumu\u201d d\u00fczenlendi.Onkoloji ve Radyasyon Onkolojisib\u00f6l\u00fcmlerinde g\u00fc\u00e7l\u00fc bir alt yap\u0131ya sahip olduklar\u0131n\u0131 s\u00f6yleyen Rekt\u00f6r <a href=\"https:\/\/akdenizhaber.com.tr\/index.php\/2023\/10\/07\/akdeniz-universitesinde-meme-kanseri-tani-ve-tedavisinde-yenilikler-konusuldu\/\" class=\"read-more-link\">[more&#8230;]<\/a><\/p>\n","protected":false},"author":2,"featured_media":16442,"comment_status":"open","ping_status":"open","sticky":false,"template":"","format":"standard","meta":{"footnotes":""},"categories":[2],"tags":[],"class_list":["post-16441","post","type-post","status-publish","format-standard","has-post-thumbnail","hentry","category-gundem"],"_links":{"self":[{"href":"https:\/\/akdenizhaber.com.tr\/index.php\/wp-json\/wp\/v2\/posts\/16441","targetHints":{"allow":["GET"]}}],"collection":[{"href":"https:\/\/akdenizhaber.com.tr\/index.php\/wp-json\/wp\/v2\/posts"}],"about":[{"href":"https:\/\/akdenizhaber.com.tr\/index.php\/wp-json\/wp\/v2\/types\/post"}],"author":[{"embeddable":true,"href":"https:\/\/akdenizhaber.com.tr\/index.php\/wp-json\/wp\/v2\/users\/2"}],"replies":[{"embeddable":true,"href":"https:\/\/akdenizhaber.com.tr\/index.php\/wp-json\/wp\/v2\/comments?post=16441"}],"version-history":[{"count":0,"href":"https:\/\/akdenizhaber.com.tr\/index.php\/wp-json\/wp\/v2\/posts\/16441\/revisions"}],"wp:featuredmedia":[{"embeddable":true,"href":"https:\/\/akdenizhaber.com.tr\/index.php\/wp-json\/wp\/v2\/media\/16442"}],"wp:attachment":[{"href":"https:\/\/akdenizhaber.com.tr\/index.php\/wp-json\/wp\/v2\/media?parent=16441"}],"wp:term":[{"taxonomy":"category","embeddable":true,"href":"https:\/\/akdenizhaber.com.tr\/index.php\/wp-json\/wp\/v2\/categories?post=16441"},{"taxonomy":"post_tag","embeddable":true,"href":"https:\/\/akdenizhaber.com.tr\/index.php\/wp-json\/wp\/v2\/tags?post=16441"}],"curies":[{"name":"wp","href":"https:\/\/api.w.org\/{rel}","templated":true}]}}