{"id":16435,"date":"2023-10-07T11:21:41","date_gmt":"2023-10-07T08:21:41","guid":{"rendered":"https:\/\/akdenizhaber.com.tr\/?p=16435"},"modified":"2023-10-07T11:21:42","modified_gmt":"2023-10-07T08:21:42","slug":"akdeniz-universitesinde-cocuklarin-egitimi-icin-uluslararasi-toplanti","status":"publish","type":"post","link":"https:\/\/akdenizhaber.com.tr\/index.php\/2023\/10\/07\/akdeniz-universitesinde-cocuklarin-egitimi-icin-uluslararasi-toplanti\/","title":{"rendered":"Akdeniz \u00dcniversitesinde \u00e7ocuklar\u0131n e\u011fitimi i\u00e7in uluslararas\u0131 toplant\u0131"},"content":{"rendered":"\n<p><\/p>\n\n\n\n<p>Akdeniz \u00dcniversitesi Edebiyat Fak\u00fcltesi ev sahipli\u011fin debilim, teknoloji merak\u0131 olan \u00e7ocuklar i\u00e7in e\u011flenceli, bilgilendirici dijitalle\u015ftirilmi\u015f e\u011fitsel \u00f6yk\u00fcler olu\u015fturmak amac\u0131yla y\u00fcr\u00fct\u00fclen uluslararas\u0131 \u201cCURIKIDS\u201d projesinin e\u011fitim toplant\u0131s\u0131 ger\u00e7ekle\u015ftirildi.<\/p>\n\n\n\n<p>Akdeniz \u00dcniversitesi koordinat\u00f6rl\u00fc\u011f\u00fcnde, Avrupa Birli\u011fi Erasmus+ Program\u0131 ve T\u00fcrkiye Ulusal Ajans\u0131 taraf\u0131ndan desteklenen \u201cKA220 &#8211; Okul E\u011fitiminde \u0130\u015f Birli\u011fi Ortakl\u0131klar\u0131\u201d CURIKIDS projesinin e\u011fitici e\u011fitim toplant\u0131s\u0131 ger\u00e7ekle\u015ftirildi. Edebiyat Fak\u00fcltesi ev sahipli\u011finde 25-29 Eyl\u00fcl 2023 tarihlerinde ger\u00e7ekle\u015ftirilen e\u011fitim toplant\u0131s\u0131nda Akdeniz \u00dcniversitesi ve Antalya \u0130l Milli E\u011fitim M\u00fcd\u00fcrl\u00fc\u011f\u00fcn\u00fcn yan\u0131 s\u0131ra \u0130talya, \u0130spanya Portekiz\u2019den kat\u0131l\u0131mc\u0131lar yer ald\u0131.<\/p>\n\n\n\n<p><strong>B\u0130L\u0130M, TEKNOLOJ\u0130 MERAKI OLAN \u00c7OCUKLARA \u00d6YK\u00dcLER<\/strong><\/p>\n\n\n\n<p>CURIKIDS projesi, pedagojik a\u00e7\u0131dan e\u011flenceli, bilgilendirici ve dil \u00f6geleri a\u00e7\u0131s\u0131ndan zengin, \u00f6\u011frencilerin bilim, teknoloji, m\u00fchendislik ve matematik temelli \u00e7ok dilli okuryazarl\u0131k etkinliklerine olan merak\u0131n\u0131 peki\u015ftirecek dijitalle\u015ftirilmi\u015f e\u011fitsel \u00f6yk\u00fcler olu\u015fturmak ve bu \u00f6yk\u00fcleri kullan\u0131ma sunmay\u0131 ama\u00e7l\u0131yor. Merakl\u0131 \u00c7ocuklar i\u00e7in Etkile\u015fimli Dijital Kitapl\u0131k ile Birle\u015ftirilmi\u015f FETEMM E\u011fitimi (CURIKIDS: Integrated STEM Education with an Interactive Digital Library for Curious Kids)ad\u0131n\u0131 ta\u015f\u0131yan proje, Akdeniz \u00dcniversitesi koordinat\u00f6rl\u00fc\u011f\u00fcnde Antalya \u0130l Mill\u00ee E\u011fitim M\u00fcd\u00fcrl\u00fc\u011f\u00fc, UNIBA-Bari Aldo Moro \u00dcniversitesi (\u0130talya), AIJU (\u0130spanya), Euro<a>&#8211;<\/a>Net (\u0130talya) ve Lusofono \u00dcniversitesi (Portekiz) i\u015f birli\u011finde y\u00fcr\u00fct\u00fcl\u00fcyor.<\/p>\n\n\n\n<p>Akdeniz \u00dcniversitesi Rekt\u00f6rl\u00fc\u011f\u00fc \/ B\u00fclten<\/p>\n","protected":false},"excerpt":{"rendered":"<p>Akdeniz \u00dcniversitesi Edebiyat Fak\u00fcltesi ev sahipli\u011fin debilim, teknoloji merak\u0131 olan \u00e7ocuklar i\u00e7in e\u011flenceli, bilgilendirici dijitalle\u015ftirilmi\u015f e\u011fitsel \u00f6yk\u00fcler olu\u015fturmak amac\u0131yla y\u00fcr\u00fct\u00fclen uluslararas\u0131 \u201cCURIKIDS\u201d projesinin e\u011fitim toplant\u0131s\u0131 <a href=\"https:\/\/akdenizhaber.com.tr\/index.php\/2023\/10\/07\/akdeniz-universitesinde-cocuklarin-egitimi-icin-uluslararasi-toplanti\/\" class=\"read-more-link\">[more&#8230;]<\/a><\/p>\n","protected":false},"author":2,"featured_media":16436,"comment_status":"open","ping_status":"open","sticky":false,"template":"","format":"standard","meta":{"footnotes":""},"categories":[2],"tags":[],"class_list":["post-16435","post","type-post","status-publish","format-standard","has-post-thumbnail","hentry","category-gundem"],"_links":{"self":[{"href":"https:\/\/akdenizhaber.com.tr\/index.php\/wp-json\/wp\/v2\/posts\/16435","targetHints":{"allow":["GET"]}}],"collection":[{"href":"https:\/\/akdenizhaber.com.tr\/index.php\/wp-json\/wp\/v2\/posts"}],"about":[{"href":"https:\/\/akdenizhaber.com.tr\/index.php\/wp-json\/wp\/v2\/types\/post"}],"author":[{"embeddable":true,"href":"https:\/\/akdenizhaber.com.tr\/index.php\/wp-json\/wp\/v2\/users\/2"}],"replies":[{"embeddable":true,"href":"https:\/\/akdenizhaber.com.tr\/index.php\/wp-json\/wp\/v2\/comments?post=16435"}],"version-history":[{"count":0,"href":"https:\/\/akdenizhaber.com.tr\/index.php\/wp-json\/wp\/v2\/posts\/16435\/revisions"}],"wp:featuredmedia":[{"embeddable":true,"href":"https:\/\/akdenizhaber.com.tr\/index.php\/wp-json\/wp\/v2\/media\/16436"}],"wp:attachment":[{"href":"https:\/\/akdenizhaber.com.tr\/index.php\/wp-json\/wp\/v2\/media?parent=16435"}],"wp:term":[{"taxonomy":"category","embeddable":true,"href":"https:\/\/akdenizhaber.com.tr\/index.php\/wp-json\/wp\/v2\/categories?post=16435"},{"taxonomy":"post_tag","embeddable":true,"href":"https:\/\/akdenizhaber.com.tr\/index.php\/wp-json\/wp\/v2\/tags?post=16435"}],"curies":[{"name":"wp","href":"https:\/\/api.w.org\/{rel}","templated":true}]}}