{"id":16432,"date":"2023-10-06T11:54:16","date_gmt":"2023-10-06T08:54:16","guid":{"rendered":"https:\/\/akdenizhaber.com.tr\/?p=16432"},"modified":"2023-10-06T11:54:17","modified_gmt":"2023-10-06T08:54:17","slug":"danscilar-sideye-renk-katti","status":"publish","type":"post","link":"https:\/\/akdenizhaber.com.tr\/index.php\/2023\/10\/06\/danscilar-sideye-renk-katti\/","title":{"rendered":"Dans\u00e7\u0131lar Side\u2019ye Renk Katt\u0131"},"content":{"rendered":"\n<p><\/p>\n\n\n\n<p>Manavgat Belediyesi\u2019nin bu y\u0131l 7\u2019ncisini d\u00fczenledi\u011fi Side Uluslararas\u0131 Halk Danslar\u0131 Festivali, 3-4 Ekim tarihleri aras\u0131nda yap\u0131lan dans g\u00f6steriyletamamland\u0131. Halk danslar\u0131 festivaline Manavgat Belediye Ba\u015fkan\u0131 \u015e\u00fckr\u00fc S\u00f6zen\u2019i temsilen ba\u015fkan yard\u0131mc\u0131lar\u0131 ve birim m\u00fcd\u00fcrleri kat\u0131ld\u0131. Meksika, Bulgaristan, S\u0131rbistan, Estonya, Litvanya ve Ukrayna\u2019dan Manavgat\u2019a gelen 380 dans\u00e7\u0131, k\u00fclt\u00fcrlerini ve y\u00f6resel oyunlar\u0131n\u0131 kortej y\u00fcr\u00fcy\u00fc\u015f\u00fc ve sahne performanslar\u0131yla izleyenlerin be\u011fenisine sundu Halk Danslar\u0131 Festivali\u2019ndeki kortej ge\u00e7i\u015fi, Side Antik Kenti\u2019nde olduk\u00e7a renkli g\u00f6r\u00fcnt\u00fcler olu\u015fturdu. Korteje Manavgat Belediyesi \u00d6zg\u00fcrl\u00fck Bandosu, \u015fark\u0131lar ve mar\u015flarla e\u015flik etti. Ayr\u0131ca Manavgat Belediyesi\u2019nin kendi b\u00fcnyesinde kurdu\u011fu Halk Danslar\u0131 ekibi de, y\u00f6resel k\u0131yafet ve oyunlarla kat\u0131l\u0131m sa\u011flad\u0131. Halk dans\u00e7\u0131lar\u0131 Side Antik Kent yolundan y\u00fcr\u00fcrken yerli ve yabanc\u0131 turistlerde cep telefonu ile \u00e7ekimler yaparak an\u0131 \u00f6l\u00fcms\u00fczle\u015ftirdi.Manavgat Belediye Ba\u015fkan\u0131 \u015e\u00fckr\u00fc S\u00f6zen, k\u00fclt\u00fcrel birlikteli\u011fin \u00f6nemine dikkat \u00e7ekerek festivalin, turizme de de\u011fer katt\u0131\u011f\u0131n\u0131 s\u00f6yledi. Ba\u015fkan \u015e\u00fckr\u00fc S\u00f6zen, \u201cTarih boyunca bir\u00e7ok medeniyete ve farkl\u0131 k\u00fclt\u00fcrlere ev sahipli\u011fi yapm\u0131\u015f olan Antik Side\u2019mizde b\u00f6ylesine \u00f6zel bir festivali d\u00fczenliyor olmaktan mutluluk duyduk.&nbsp; Sanat\u0131n evrensel bir g\u00fc\u00e7 oldu\u011funu ve bu g\u00fcc\u00fcn birliktelik getirdi\u011fine inan\u0131yorum. \u00dclkemize, kentimize gelerek bizlere bu g\u00f6rsel \u015f\u00f6leni ya\u015fatan t\u00fcm kat\u0131l\u0131mc\u0131lara te\u015fekk\u00fcr ediyorum. Manavgat Belediyesi olarak kentimize art\u0131 de\u011fer katan bu tarz etkinlikleri ger\u00e7ekle\u015ftirmeye devam edece\u011fiz\u201d dedi.<\/p>\n\n\n\n<p>Manavgat Belediyesi \/ B\u00fclten<\/p>\n","protected":false},"excerpt":{"rendered":"<p>Manavgat Belediyesi\u2019nin bu y\u0131l 7\u2019ncisini d\u00fczenledi\u011fi Side Uluslararas\u0131 Halk Danslar\u0131 Festivali, 3-4 Ekim tarihleri aras\u0131nda yap\u0131lan dans g\u00f6steriyletamamland\u0131. Halk danslar\u0131 festivaline Manavgat Belediye Ba\u015fkan\u0131 \u015e\u00fckr\u00fc <a href=\"https:\/\/akdenizhaber.com.tr\/index.php\/2023\/10\/06\/danscilar-sideye-renk-katti\/\" class=\"read-more-link\">[more&#8230;]<\/a><\/p>\n","protected":false},"author":2,"featured_media":16433,"comment_status":"open","ping_status":"open","sticky":false,"template":"","format":"standard","meta":{"footnotes":""},"categories":[2],"tags":[],"class_list":["post-16432","post","type-post","status-publish","format-standard","has-post-thumbnail","hentry","category-gundem"],"_links":{"self":[{"href":"https:\/\/akdenizhaber.com.tr\/index.php\/wp-json\/wp\/v2\/posts\/16432","targetHints":{"allow":["GET"]}}],"collection":[{"href":"https:\/\/akdenizhaber.com.tr\/index.php\/wp-json\/wp\/v2\/posts"}],"about":[{"href":"https:\/\/akdenizhaber.com.tr\/index.php\/wp-json\/wp\/v2\/types\/post"}],"author":[{"embeddable":true,"href":"https:\/\/akdenizhaber.com.tr\/index.php\/wp-json\/wp\/v2\/users\/2"}],"replies":[{"embeddable":true,"href":"https:\/\/akdenizhaber.com.tr\/index.php\/wp-json\/wp\/v2\/comments?post=16432"}],"version-history":[{"count":0,"href":"https:\/\/akdenizhaber.com.tr\/index.php\/wp-json\/wp\/v2\/posts\/16432\/revisions"}],"wp:featuredmedia":[{"embeddable":true,"href":"https:\/\/akdenizhaber.com.tr\/index.php\/wp-json\/wp\/v2\/media\/16433"}],"wp:attachment":[{"href":"https:\/\/akdenizhaber.com.tr\/index.php\/wp-json\/wp\/v2\/media?parent=16432"}],"wp:term":[{"taxonomy":"category","embeddable":true,"href":"https:\/\/akdenizhaber.com.tr\/index.php\/wp-json\/wp\/v2\/categories?post=16432"},{"taxonomy":"post_tag","embeddable":true,"href":"https:\/\/akdenizhaber.com.tr\/index.php\/wp-json\/wp\/v2\/tags?post=16432"}],"curies":[{"name":"wp","href":"https:\/\/api.w.org\/{rel}","templated":true}]}}