{"id":16404,"date":"2023-10-06T11:48:42","date_gmt":"2023-10-06T08:48:42","guid":{"rendered":"https:\/\/akdenizhaber.com.tr\/?p=16404"},"modified":"2023-10-06T11:48:43","modified_gmt":"2023-10-06T08:48:43","slug":"baskan-tutuncu-huzurevi-sakinleriyle-bulustu","status":"publish","type":"post","link":"https:\/\/akdenizhaber.com.tr\/index.php\/2023\/10\/06\/baskan-tutuncu-huzurevi-sakinleriyle-bulustu\/","title":{"rendered":"Ba\u015fkan T\u00fct\u00fcnc\u00fc, Huzurevi sakinleriyle bulu\u015ftu"},"content":{"rendered":"\n<p><\/p>\n\n\n\n<p>D\u00fcnya Ya\u015fl\u0131lar G\u00fcn\u00fc dolay\u0131s\u0131yla huzurevi ziyaretlerini s\u00fcrd\u00fcren Kepez Belediye Ba\u015fkan\u0131 Hakan T\u00fct\u00fcnc\u00fc, Fethi Bay\u00e7\u0131n Huzurevi sakinleriyle bulu\u015ftu. Ba\u015fkan T\u00fct\u00fcnc\u00fc, b\u00fcy\u00fcklerimizin ya\u015fam tecr\u00fcbelerinden faydalanman\u0131n ve onlar\u0131n ihtiya\u00e7lar\u0131na duyarl\u0131 olman\u0131n toplumun bir g\u00f6revi oldu\u011funu s\u00f6yledi.<\/p>\n\n\n\n<p>Kepez Belediye Ba\u015fkan\u0131 Hakan T\u00fct\u00fcnc\u00fc, 1 Ekim D\u00fcnya Ya\u015fl\u0131lar G\u00fcn\u00fc dolay\u0131s\u0131yla huzurevi ziyaretlerini s\u00fcrd\u00fcr\u00fcyor. D\u00fcnya Ya\u015fl\u0131lar G\u00fcn\u00fc\u2019nde Kepez Belediyesi\u2019nin 5 y\u0131ld\u0131zl\u0131 otel konforundaki \u015eefkat ve Huzurevi sakinleriyle bulu\u015fan Ba\u015fkan T\u00fct\u00fcnc\u00fc, Muratpa\u015fa il\u00e7esindeki Fethi Bay\u00e7\u0131n Huzurevini de ziyaret etti. Ba\u015fkan T\u00fct\u00fcnc\u00fc, huzurevi sakinlerini tek tek gezerek, ellerini \u00f6pt\u00fc, hal hat\u0131r sordu. Ziyaret s\u0131ras\u0131nda Ba\u015fkan T\u00fct\u00fcnc\u00fc, ya\u015fl\u0131lar g\u00fcn\u00fcn\u00fc kutlad\u0131 ve huzurevi sakinlerinin toplumun \u00f6nemli bir par\u00e7as\u0131 oldu\u011funu vurgulad\u0131. Ayr\u0131ca, b\u00fcy\u00fcklerin ya\u015fam tecr\u00fcbelerinden faydalanman\u0131n ve onlar\u0131n ihtiya\u00e7lar\u0131na duyarl\u0131 olman\u0131n toplumun bir g\u00f6revi oldu\u011funu da s\u00f6zlerine ekledi. Ba\u015fkan T\u00fct\u00fcnc\u00fc, hayatlar\u0131n\u0131n her an\u0131nda yanlar\u0131nda olduklar\u0131n\u0131 ve olmaya da devam edeceklerini s\u00f6yledi. Fethi Bay\u00e7\u0131n Huzurevi sakinleri de Ba\u015fkan T\u00fct\u00fcnc\u00fc&#8217;n\u00fcn ziyaretinden b\u00fcy\u00fck mutluluk duyduklar\u0131n\u0131 ifade ettiler.<\/p>\n\n\n\n<p>Kepez Belediyesi \/ B\u00fclten<\/p>\n","protected":false},"excerpt":{"rendered":"<p>D\u00fcnya Ya\u015fl\u0131lar G\u00fcn\u00fc dolay\u0131s\u0131yla huzurevi ziyaretlerini s\u00fcrd\u00fcren Kepez Belediye Ba\u015fkan\u0131 Hakan T\u00fct\u00fcnc\u00fc, Fethi Bay\u00e7\u0131n Huzurevi sakinleriyle bulu\u015ftu. Ba\u015fkan T\u00fct\u00fcnc\u00fc, b\u00fcy\u00fcklerimizin ya\u015fam tecr\u00fcbelerinden faydalanman\u0131n ve onlar\u0131n <a href=\"https:\/\/akdenizhaber.com.tr\/index.php\/2023\/10\/06\/baskan-tutuncu-huzurevi-sakinleriyle-bulustu\/\" class=\"read-more-link\">[more&#8230;]<\/a><\/p>\n","protected":false},"author":2,"featured_media":16405,"comment_status":"open","ping_status":"open","sticky":false,"template":"","format":"standard","meta":{"footnotes":""},"categories":[2],"tags":[],"class_list":["post-16404","post","type-post","status-publish","format-standard","has-post-thumbnail","hentry","category-gundem"],"_links":{"self":[{"href":"https:\/\/akdenizhaber.com.tr\/index.php\/wp-json\/wp\/v2\/posts\/16404","targetHints":{"allow":["GET"]}}],"collection":[{"href":"https:\/\/akdenizhaber.com.tr\/index.php\/wp-json\/wp\/v2\/posts"}],"about":[{"href":"https:\/\/akdenizhaber.com.tr\/index.php\/wp-json\/wp\/v2\/types\/post"}],"author":[{"embeddable":true,"href":"https:\/\/akdenizhaber.com.tr\/index.php\/wp-json\/wp\/v2\/users\/2"}],"replies":[{"embeddable":true,"href":"https:\/\/akdenizhaber.com.tr\/index.php\/wp-json\/wp\/v2\/comments?post=16404"}],"version-history":[{"count":0,"href":"https:\/\/akdenizhaber.com.tr\/index.php\/wp-json\/wp\/v2\/posts\/16404\/revisions"}],"wp:featuredmedia":[{"embeddable":true,"href":"https:\/\/akdenizhaber.com.tr\/index.php\/wp-json\/wp\/v2\/media\/16405"}],"wp:attachment":[{"href":"https:\/\/akdenizhaber.com.tr\/index.php\/wp-json\/wp\/v2\/media?parent=16404"}],"wp:term":[{"taxonomy":"category","embeddable":true,"href":"https:\/\/akdenizhaber.com.tr\/index.php\/wp-json\/wp\/v2\/categories?post=16404"},{"taxonomy":"post_tag","embeddable":true,"href":"https:\/\/akdenizhaber.com.tr\/index.php\/wp-json\/wp\/v2\/tags?post=16404"}],"curies":[{"name":"wp","href":"https:\/\/api.w.org\/{rel}","templated":true}]}}