{"id":16401,"date":"2023-10-06T11:48:15","date_gmt":"2023-10-06T08:48:15","guid":{"rendered":"https:\/\/akdenizhaber.com.tr\/?p=16401"},"modified":"2023-10-06T11:48:16","modified_gmt":"2023-10-06T08:48:16","slug":"minikler-can-dostlarini-yalniz-birakmadi","status":"publish","type":"post","link":"https:\/\/akdenizhaber.com.tr\/index.php\/2023\/10\/06\/minikler-can-dostlarini-yalniz-birakmadi\/","title":{"rendered":"Minikler can dostlar\u0131n\u0131 yaln\u0131z b\u0131rakmad\u0131"},"content":{"rendered":"\n<p><\/p>\n\n\n\n<p>Antalya B\u00fcy\u00fck\u015fehir Belediyesi, 4 Ekim D\u00fcnya Hayvanlar\u0131 Koruma G\u00fcn\u00fc nedeniyle ilkokul ve anaokulu \u00f6\u011frencilerine Antalya Do\u011fal Ya\u015fam Park\u0131\u2019nda gezi d\u00fczenledi.<\/p>\n\n\n\n<p>D\u00fcnya genelinde hayvanlar\u0131n haklar\u0131n\u0131, refahlar\u0131n\u0131 ve korunmalar\u0131n\u0131 vurgulamak ve hayvanlara olan sayg\u0131y\u0131 art\u0131rmak amac\u0131yla her y\u0131l 4 Ekim\u2019de kutlanan Hayvanlar\u0131 Koruma G\u00fcn\u00fc\u2019nde Antalya B\u00fcy\u00fck\u015fehir Belediyesi Do\u011fal Ya\u015fam Park\u0131minik \u00f6\u011frencileri a\u011f\u0131rlad\u0131. PARS Hayvan Arama Kurtarma Derne\u011fi ve Antalya Milli Parklar Genel M\u00fcd\u00fcrl\u00fc\u011f\u00fc i\u015fbirli\u011finde do\u011fada bulunan hayvanlar\u0131 tan\u0131tmay\u0131 ve ya\u015fam bi\u00e7imlerini \u00f6\u011fretmeyi ama\u00e7layan etkinlikte minik \u00f6\u011frenciler keyifli vakit ge\u00e7irdi.&nbsp;<\/p>\n\n\n\n<p>DO\u011eA SINIFINDA ETK\u0130NL\u0130K<\/p>\n\n\n\n<p>Do\u011fal Ya\u015fam Park\u0131 i\u00e7erisinde gezi sonras\u0131 \u00f6\u011frencilere do\u011fada ya\u015famlar\u0131n\u0131 s\u00fcrd\u00fcren hayvanlar\u0131 daha iyi tan\u0131yabilmeleri i\u00e7in tan\u0131t\u0131m kartlar\u0131 da\u011f\u0131t\u0131ld\u0131.Ayr\u0131ca \u00f6\u011frencilere hayvan fig\u00fcrleri ile y\u00fcz boyama etkinli\u011fi ger\u00e7ekle\u015ftirildi.<\/p>\n\n\n\n<p>\u00c7OCUKLAR B\u0130LG\u0130LEND\u0130R\u0130LD\u0130<\/p>\n\n\n\n<p>PARS Hayvan Arama Kurtarma Derne\u011fi Ba\u015fkan\u0131 Veteriner Hekim Ay\u015fe Gencer \u00f6\u011frencilerin gezide do\u011fal ya\u015fam konusunda bilgilendi\u011fini belirerek, \u201c\u00c7ocuklar\u0131m\u0131z Do\u011fal Ya\u015fam Park\u0131 i\u00e7erisinde yer alan hayvanlar ile temas ederek, onlar\u0131 severek daha yak\u0131ndan inceleme f\u0131rsat\u0131 elde ettiler. Ayr\u0131ca \u00e7ocuklar i\u00e7in boyama kitab\u0131 ve maske da\u011f\u0131tarak daha e\u011flenceli vakit ge\u00e7irmeleri sa\u011flanm\u0131\u015f oldu. Bu g\u00fcn\u00fc daha anlaml\u0131 k\u0131lan Antalya B\u00fcy\u00fck\u015fehir Belediyesi\u2019ne te\u015fekk\u00fcr ediyoruz\u201d dedi.<\/p>\n\n\n\n<p>Antalya B\u00fcy\u00fck\u015fehir Belediyesi \/ B\u00fclten<\/p>\n","protected":false},"excerpt":{"rendered":"<p>Antalya B\u00fcy\u00fck\u015fehir Belediyesi, 4 Ekim D\u00fcnya Hayvanlar\u0131 Koruma G\u00fcn\u00fc nedeniyle ilkokul ve anaokulu \u00f6\u011frencilerine Antalya Do\u011fal Ya\u015fam Park\u0131\u2019nda gezi d\u00fczenledi. D\u00fcnya genelinde hayvanlar\u0131n haklar\u0131n\u0131, refahlar\u0131n\u0131 <a href=\"https:\/\/akdenizhaber.com.tr\/index.php\/2023\/10\/06\/minikler-can-dostlarini-yalniz-birakmadi\/\" class=\"read-more-link\">[more&#8230;]<\/a><\/p>\n","protected":false},"author":2,"featured_media":16402,"comment_status":"open","ping_status":"open","sticky":false,"template":"","format":"standard","meta":{"footnotes":""},"categories":[2],"tags":[],"class_list":["post-16401","post","type-post","status-publish","format-standard","has-post-thumbnail","hentry","category-gundem"],"_links":{"self":[{"href":"https:\/\/akdenizhaber.com.tr\/index.php\/wp-json\/wp\/v2\/posts\/16401","targetHints":{"allow":["GET"]}}],"collection":[{"href":"https:\/\/akdenizhaber.com.tr\/index.php\/wp-json\/wp\/v2\/posts"}],"about":[{"href":"https:\/\/akdenizhaber.com.tr\/index.php\/wp-json\/wp\/v2\/types\/post"}],"author":[{"embeddable":true,"href":"https:\/\/akdenizhaber.com.tr\/index.php\/wp-json\/wp\/v2\/users\/2"}],"replies":[{"embeddable":true,"href":"https:\/\/akdenizhaber.com.tr\/index.php\/wp-json\/wp\/v2\/comments?post=16401"}],"version-history":[{"count":0,"href":"https:\/\/akdenizhaber.com.tr\/index.php\/wp-json\/wp\/v2\/posts\/16401\/revisions"}],"wp:featuredmedia":[{"embeddable":true,"href":"https:\/\/akdenizhaber.com.tr\/index.php\/wp-json\/wp\/v2\/media\/16402"}],"wp:attachment":[{"href":"https:\/\/akdenizhaber.com.tr\/index.php\/wp-json\/wp\/v2\/media?parent=16401"}],"wp:term":[{"taxonomy":"category","embeddable":true,"href":"https:\/\/akdenizhaber.com.tr\/index.php\/wp-json\/wp\/v2\/categories?post=16401"},{"taxonomy":"post_tag","embeddable":true,"href":"https:\/\/akdenizhaber.com.tr\/index.php\/wp-json\/wp\/v2\/tags?post=16401"}],"curies":[{"name":"wp","href":"https:\/\/api.w.org\/{rel}","templated":true}]}}