{"id":16389,"date":"2023-10-05T11:18:09","date_gmt":"2023-10-05T08:18:09","guid":{"rendered":"https:\/\/akdenizhaber.com.tr\/?p=16389"},"modified":"2023-10-05T11:18:10","modified_gmt":"2023-10-05T08:18:10","slug":"kaymakama-ziyaretler-devam-ediyor","status":"publish","type":"post","link":"https:\/\/akdenizhaber.com.tr\/index.php\/2023\/10\/05\/kaymakama-ziyaretler-devam-ediyor\/","title":{"rendered":"Kaymakama Ziyaretler Devam Ediyor"},"content":{"rendered":"\n<p><\/p>\n\n\n\n<p>Esenler Kaymakaml\u0131\u011f\u0131ndan il\u00e7emize atanarak g\u00f6reve ba\u015flayan Kaymakam Adil Karata\u015f\u2019a ho\u015f geldin ziyaretleri devam ediyor.<\/p>\n\n\n\n<p>Ge\u00e7ti\u011fimiz g\u00fcn Mayder dernek ba\u015fkan\u0131 Ezgi Bah\u00e7ealt\u0131 ve y\u00f6netim kurlu \u00fcyeleri yeni kaymakam\u0131 ziyaret ederek hay\u0131rl\u0131 olsun dileklerini ilettikten sonra Mayder ba\u015fkan\u0131 Ezgi Bah\u00e7ealt\u0131 dernekle ilgili geni\u015f kapsaml\u0131 bilgi verdi.<br>Mayder\u2019in b\u00fcnyesinde \u00fcye olarak bulunan yerle\u015fik yabanc\u0131larla ge\u00e7mi\u015ften g\u00fcn\u00fcm\u00fcze bir\u00e7ok etkinli\u011fe imza att\u0131klar\u0131n\u0131, Kaymakaml\u0131k ve di\u011fer kurum kurulu\u015flarla d\u00fczenledikleri etkinliklerin \u00fclke geneli d\u0131\u015f\u0131nda Avrupa bas\u0131n\u0131nda da ses getirdi\u011fini&nbsp;&nbsp; ifade ederek,gelecek g\u00fcnlerde yeni projeler \u00fczerine \u00e7al\u0131\u015ft\u0131klar\u0131n\u0131 s\u00f6yledi.<\/p>\n\n\n\n<p>Atat\u00fcrk\u00e7\u00fc D\u00fc\u015f\u00fcnce Derne\u011fi Ba\u015fkan\u0131 Ya\u015far Bulut ve y\u00f6netim kurulu ziyaretinde ise ba\u015fkan Bulut,Atat\u00fcrk\u00e7\u00fc D\u00fc\u015f\u00fcnce Derne\u011finin \u00e7ok b\u00fcy\u00fck geliri olmamas\u0131na kar\u015f\u0131n d\u00fczenledikleri etkinliklerden elde ettikleri gelirlerle ihtiya\u00e7 sahibi \u00f6\u011frencilere burs verdiklerini ifade ederek hay\u0131rl\u0131 olsun dileklerini iletti.<\/p>\n\n\n\n<p>Manavgat Gazeteciler ve Yazarlar Cemiyeti ise Avni Gelendost, Mehmet Y\u0131lmaz, Mustafa Karab\u0131y\u0131k ve Erol Baykara ile birlikte ziyaret ettikleri yeni Kaymakam Adil Karata\u015f\u2019a yerel bas\u0131n\u0131n sorunlar\u0131n\u0131 aktararak hay\u0131rl\u0131 olsun dileklerini ilettiler.<\/p>\n\n\n\n<p>(B\u00fc\u015fra Deveci)<\/p>\n","protected":false},"excerpt":{"rendered":"<p>Esenler Kaymakaml\u0131\u011f\u0131ndan il\u00e7emize atanarak g\u00f6reve ba\u015flayan Kaymakam Adil Karata\u015f\u2019a ho\u015f geldin ziyaretleri devam ediyor. Ge\u00e7ti\u011fimiz g\u00fcn Mayder dernek ba\u015fkan\u0131 Ezgi Bah\u00e7ealt\u0131 ve y\u00f6netim kurlu \u00fcyeleri <a href=\"https:\/\/akdenizhaber.com.tr\/index.php\/2023\/10\/05\/kaymakama-ziyaretler-devam-ediyor\/\" class=\"read-more-link\">[more&#8230;]<\/a><\/p>\n","protected":false},"author":2,"featured_media":16390,"comment_status":"open","ping_status":"open","sticky":false,"template":"","format":"standard","meta":{"footnotes":""},"categories":[2],"tags":[],"class_list":["post-16389","post","type-post","status-publish","format-standard","has-post-thumbnail","hentry","category-gundem"],"_links":{"self":[{"href":"https:\/\/akdenizhaber.com.tr\/index.php\/wp-json\/wp\/v2\/posts\/16389","targetHints":{"allow":["GET"]}}],"collection":[{"href":"https:\/\/akdenizhaber.com.tr\/index.php\/wp-json\/wp\/v2\/posts"}],"about":[{"href":"https:\/\/akdenizhaber.com.tr\/index.php\/wp-json\/wp\/v2\/types\/post"}],"author":[{"embeddable":true,"href":"https:\/\/akdenizhaber.com.tr\/index.php\/wp-json\/wp\/v2\/users\/2"}],"replies":[{"embeddable":true,"href":"https:\/\/akdenizhaber.com.tr\/index.php\/wp-json\/wp\/v2\/comments?post=16389"}],"version-history":[{"count":0,"href":"https:\/\/akdenizhaber.com.tr\/index.php\/wp-json\/wp\/v2\/posts\/16389\/revisions"}],"wp:featuredmedia":[{"embeddable":true,"href":"https:\/\/akdenizhaber.com.tr\/index.php\/wp-json\/wp\/v2\/media\/16390"}],"wp:attachment":[{"href":"https:\/\/akdenizhaber.com.tr\/index.php\/wp-json\/wp\/v2\/media?parent=16389"}],"wp:term":[{"taxonomy":"category","embeddable":true,"href":"https:\/\/akdenizhaber.com.tr\/index.php\/wp-json\/wp\/v2\/categories?post=16389"},{"taxonomy":"post_tag","embeddable":true,"href":"https:\/\/akdenizhaber.com.tr\/index.php\/wp-json\/wp\/v2\/tags?post=16389"}],"curies":[{"name":"wp","href":"https:\/\/api.w.org\/{rel}","templated":true}]}}