{"id":16386,"date":"2023-10-05T11:16:44","date_gmt":"2023-10-05T08:16:44","guid":{"rendered":"https:\/\/akdenizhaber.com.tr\/?p=16386"},"modified":"2023-10-05T11:16:58","modified_gmt":"2023-10-05T08:16:58","slug":"kendi-degerini-bilmek","status":"publish","type":"post","link":"https:\/\/akdenizhaber.com.tr\/index.php\/2023\/10\/05\/kendi-degerini-bilmek\/","title":{"rendered":"Kendi De\u011ferini Bil"},"content":{"rendered":"\n<p>G\u00fcnayd\u0131n g\u00fczel insanlar\u2026<br>Her insan\u0131n kendine \u00f6zg\u00fc bir de\u011feri vard\u0131r. Bu de\u011fer, ki\u015finin yeteneklerinden, becerilerinden, deneyimlerinden ve ki\u015fili\u011finden kaynaklan\u0131r. Ancak, \u00e7o\u011fu insan kendi de\u011ferinin tam olarak fark\u0131nda de\u011fildir. Kendi de\u011ferininin fark\u0131na varmak, ki\u015finin kendine olan sayg\u0131s\u0131n\u0131 ve \u00f6zg\u00fcvenini art\u0131rabilir, ayr\u0131ca daha sa\u011fl\u0131kl\u0131 ve tatmin edici ili\u015fkiler kurmas\u0131na yard\u0131mc\u0131 olabilir. Kendi de\u011ferininin fark\u0131na varmak, ki\u015finin kendine olan inanc\u0131n\u0131 ve de\u011ferini anlamas\u0131d\u0131r. Bu, ki\u015finin kendine olan sayg\u0131s\u0131n\u0131 ve \u00f6zg\u00fcvenini art\u0131rabilir, ayr\u0131ca daha sa\u011fl\u0131kl\u0131 ve tatmin edici ili\u015fkiler kurmas\u0131na yard\u0131mc\u0131 olabilir. Kendi de\u011ferininin fark\u0131na varmak, ki\u015finin kendine olan g\u00fcvenini art\u0131r\u0131r. Kendine g\u00fcvenen bir ki\u015fi, zorluklarla daha iyi ba\u015fa \u00e7\u0131kabilir ve hayatta daha ba\u015far\u0131l\u0131 olabilir. Kendi de\u011ferininin fark\u0131na varan bir ki\u015fi, ba\u015fkalar\u0131yla daha sa\u011fl\u0131kl\u0131 ve tatmin edici ili\u015fkiler kurabilir. Kendine de\u011fer veren bir ki\u015fi, ba\u015fkalar\u0131n\u0131n da kendisine de\u011fer vermesini bekler. Kendi de\u011ferininin fark\u0131na varmak, ki\u015fisel geli\u015fim ve \u00f6z-bilin\u00e7 yolculu\u011funun \u00f6nemli bir par\u00e7as\u0131d\u0131r. Kendine de\u011fer veren bir ki\u015fi, kendini geli\u015ftirmek i\u00e7in daha fazla \u00e7aba sarf eder. Kendi de\u011ferininin fark\u0131na varmak, ki\u015fisel geli\u015fim ve \u00f6z-bilin\u00e7 yolculu\u011funun \u00f6nemli bir par\u00e7as\u0131d\u0131r. Kendi de\u011ferimizin fark\u0131nda olmak, \u00f6zg\u00fcvenimizi art\u0131rabilir, ili\u015fkilerimizi iyile\u015ftirebilir ve ki\u015fisel geli\u015fimimizi destekleyebilir. Kendi de\u011ferimizin fark\u0131na varmak i\u00e7in kendimizi tan\u0131mal\u0131, kendimize de\u011fer vermeli ve kendimizi geli\u015ftirmeliyiz. Kendi de\u011ferimizin fark\u0131na varmak, kendi \u0131\u015f\u0131\u011f\u0131m\u0131z\u0131 ke\u015ffetmek ve bu \u0131\u015f\u0131\u011f\u0131 d\u00fcnyaya yans\u0131tmakt\u0131r. Kendi de\u011ferimizin fark\u0131nda olmak, hayat\u0131m\u0131z\u0131 daha anlaml\u0131 ve tatmin edici hale getirebilir.<\/p>\n\n\n\n<p>ESRA \u0130\u00c7G\u00d6Z<\/p>\n","protected":false},"excerpt":{"rendered":"<p>G\u00fcnayd\u0131n g\u00fczel insanlar\u2026Her insan\u0131n kendine \u00f6zg\u00fc bir de\u011feri vard\u0131r. Bu de\u011fer, ki\u015finin yeteneklerinden, becerilerinden, deneyimlerinden ve ki\u015fili\u011finden kaynaklan\u0131r. Ancak, \u00e7o\u011fu insan kendi de\u011ferinin tam olarak <a href=\"https:\/\/akdenizhaber.com.tr\/index.php\/2023\/10\/05\/kendi-degerini-bilmek\/\" class=\"read-more-link\">[more&#8230;]<\/a><\/p>\n","protected":false},"author":2,"featured_media":16275,"comment_status":"open","ping_status":"open","sticky":false,"template":"","format":"standard","meta":{"footnotes":""},"categories":[2],"tags":[],"class_list":["post-16386","post","type-post","status-publish","format-standard","has-post-thumbnail","hentry","category-gundem"],"_links":{"self":[{"href":"https:\/\/akdenizhaber.com.tr\/index.php\/wp-json\/wp\/v2\/posts\/16386","targetHints":{"allow":["GET"]}}],"collection":[{"href":"https:\/\/akdenizhaber.com.tr\/index.php\/wp-json\/wp\/v2\/posts"}],"about":[{"href":"https:\/\/akdenizhaber.com.tr\/index.php\/wp-json\/wp\/v2\/types\/post"}],"author":[{"embeddable":true,"href":"https:\/\/akdenizhaber.com.tr\/index.php\/wp-json\/wp\/v2\/users\/2"}],"replies":[{"embeddable":true,"href":"https:\/\/akdenizhaber.com.tr\/index.php\/wp-json\/wp\/v2\/comments?post=16386"}],"version-history":[{"count":0,"href":"https:\/\/akdenizhaber.com.tr\/index.php\/wp-json\/wp\/v2\/posts\/16386\/revisions"}],"wp:featuredmedia":[{"embeddable":true,"href":"https:\/\/akdenizhaber.com.tr\/index.php\/wp-json\/wp\/v2\/media\/16275"}],"wp:attachment":[{"href":"https:\/\/akdenizhaber.com.tr\/index.php\/wp-json\/wp\/v2\/media?parent=16386"}],"wp:term":[{"taxonomy":"category","embeddable":true,"href":"https:\/\/akdenizhaber.com.tr\/index.php\/wp-json\/wp\/v2\/categories?post=16386"},{"taxonomy":"post_tag","embeddable":true,"href":"https:\/\/akdenizhaber.com.tr\/index.php\/wp-json\/wp\/v2\/tags?post=16386"}],"curies":[{"name":"wp","href":"https:\/\/api.w.org\/{rel}","templated":true}]}}