{"id":16383,"date":"2023-10-05T11:15:48","date_gmt":"2023-10-05T08:15:48","guid":{"rendered":"https:\/\/akdenizhaber.com.tr\/?p=16383"},"modified":"2023-10-05T11:15:49","modified_gmt":"2023-10-05T08:15:49","slug":"isitme-engelli-kadin-milli-takimi-finalde","status":"publish","type":"post","link":"https:\/\/akdenizhaber.com.tr\/index.php\/2023\/10\/05\/isitme-engelli-kadin-milli-takimi-finalde\/","title":{"rendered":"\u0130\u015fitme Engelli Kad\u0131n Milli Tak\u0131m\u0131 Finalde"},"content":{"rendered":"\n<p><\/p>\n\n\n\n<p>4. \u0130\u015fitme Engelliler D\u00fcnya Futbol \u015eampiyonas\u0131&#8217;nda m\u00fccadele eden Kad\u0131n Milli Tak\u0131m\u0131, Polonya&#8217;y\u0131 2-1 yenerek finale y\u00fckseldi.<\/p>\n\n\n\n<p>Malezya&#8217;n\u0131n ba\u015fkenti Kuala Lumpur&#8217;un ev sahipli\u011fi yapt\u0131\u011f\u0131 organizasyonun yar\u0131 finalinde, T\u00fcrkiye ile Polonya UITM Stad\u0131&#8217;nda kar\u015f\u0131la\u015ft\u0131.<\/p>\n\n\n\n<p>\u0130lk yar\u0131s\u0131 gols\u00fcz sona eren m\u00fccadelede ay-y\u0131ld\u0131zl\u0131 ekip, 73. dakikada Ecrin K\u00f6se ve 82. dakikada \u00d6zlem Akta\u015f&#8217;\u0131n a\u011flar\u0131 sarsmas\u0131yla rakibini 2-1 ma\u011flup etti ve bu turnuvada ad\u0131n\u0131 ilk kez finale yazd\u0131rd\u0131.<\/p>\n\n\n\n<p>T\u00fcrkiye, ABD-\u0130ngiltere yar\u0131 final e\u015fle\u015fmesini ge\u00e7en tarafla 6 Ekim Cuma g\u00fcn\u00fc finalde kar\u015f\u0131la\u015facak.<\/p>\n\n\n\n<p>(Haber Merkezi)<\/p>\n","protected":false},"excerpt":{"rendered":"<p>4. \u0130\u015fitme Engelliler D\u00fcnya Futbol \u015eampiyonas\u0131&#8217;nda m\u00fccadele eden Kad\u0131n Milli Tak\u0131m\u0131, Polonya&#8217;y\u0131 2-1 yenerek finale y\u00fckseldi. Malezya&#8217;n\u0131n ba\u015fkenti Kuala Lumpur&#8217;un ev sahipli\u011fi yapt\u0131\u011f\u0131 organizasyonun yar\u0131 <a href=\"https:\/\/akdenizhaber.com.tr\/index.php\/2023\/10\/05\/isitme-engelli-kadin-milli-takimi-finalde\/\" class=\"read-more-link\">[more&#8230;]<\/a><\/p>\n","protected":false},"author":2,"featured_media":16384,"comment_status":"open","ping_status":"open","sticky":false,"template":"","format":"standard","meta":{"footnotes":""},"categories":[2],"tags":[],"class_list":["post-16383","post","type-post","status-publish","format-standard","has-post-thumbnail","hentry","category-gundem"],"_links":{"self":[{"href":"https:\/\/akdenizhaber.com.tr\/index.php\/wp-json\/wp\/v2\/posts\/16383","targetHints":{"allow":["GET"]}}],"collection":[{"href":"https:\/\/akdenizhaber.com.tr\/index.php\/wp-json\/wp\/v2\/posts"}],"about":[{"href":"https:\/\/akdenizhaber.com.tr\/index.php\/wp-json\/wp\/v2\/types\/post"}],"author":[{"embeddable":true,"href":"https:\/\/akdenizhaber.com.tr\/index.php\/wp-json\/wp\/v2\/users\/2"}],"replies":[{"embeddable":true,"href":"https:\/\/akdenizhaber.com.tr\/index.php\/wp-json\/wp\/v2\/comments?post=16383"}],"version-history":[{"count":0,"href":"https:\/\/akdenizhaber.com.tr\/index.php\/wp-json\/wp\/v2\/posts\/16383\/revisions"}],"wp:featuredmedia":[{"embeddable":true,"href":"https:\/\/akdenizhaber.com.tr\/index.php\/wp-json\/wp\/v2\/media\/16384"}],"wp:attachment":[{"href":"https:\/\/akdenizhaber.com.tr\/index.php\/wp-json\/wp\/v2\/media?parent=16383"}],"wp:term":[{"taxonomy":"category","embeddable":true,"href":"https:\/\/akdenizhaber.com.tr\/index.php\/wp-json\/wp\/v2\/categories?post=16383"},{"taxonomy":"post_tag","embeddable":true,"href":"https:\/\/akdenizhaber.com.tr\/index.php\/wp-json\/wp\/v2\/tags?post=16383"}],"curies":[{"name":"wp","href":"https:\/\/api.w.org\/{rel}","templated":true}]}}