{"id":16380,"date":"2023-10-05T11:15:13","date_gmt":"2023-10-05T08:15:13","guid":{"rendered":"https:\/\/akdenizhaber.com.tr\/?p=16380"},"modified":"2023-10-05T11:15:14","modified_gmt":"2023-10-05T08:15:14","slug":"kepezin-9-ulusal-muzik-odullerinde-final-heyecani","status":"publish","type":"post","link":"https:\/\/akdenizhaber.com.tr\/index.php\/2023\/10\/05\/kepezin-9-ulusal-muzik-odullerinde-final-heyecani\/","title":{"rendered":"Kepez\u2019in 9.Ulusal M\u00fczik \u00d6d\u00fcllerinde final heyecan\u0131"},"content":{"rendered":"\n<p><\/p>\n\n\n\n<p>Kepez Belediyesi\u2019nin yeni yeteneklerin ke\u015ffedilmesini ama\u00e7lad\u0131\u011f\u0131 Ulusal M\u00fczik \u00d6d\u00fclleri Yar\u0131\u015fmas\u0131 finali, yazar, \u015fair, besteci, s\u00f6z yazar\u0131 ve m\u00fczisyen Tuna Kiremit\u00e7i\u2019nin kat\u0131l\u0131m\u0131yla 8 Ekim\u2019de Erdem Bayaz\u0131t K\u00fclt\u00fcr Merkezi\u2019nde ger\u00e7ekle\u015ftirilecek.<\/p>\n\n\n\n<p>Kepez\u2019de 9.Ulusal M\u00fczik \u00d6d\u00fclleri Yar\u0131\u015fmas\u0131 final heyecan\u0131 ya\u015fan\u0131yor. Kepez Belediyesi\u2019nin Ulusal M\u00fczik \u00d6d\u00fclleri Yar\u0131\u015fmas\u0131, 8 Ekim Pazar G\u00fcn\u00fc saat 20.00\u2019da Erdem Beyaz\u0131t K\u00fclt\u00fcr Merkezi\u2019nde ger\u00e7ekle\u015ftirilecek. Birbirinden g\u00fczel seslerin yar\u0131\u015faca\u011f\u0131 finalin bu y\u0131lki \u00f6zel konu\u011fu \u00fcnl\u00fc yazar, \u015fair, besteci, s\u00f6z yazar\u0131 ve m\u00fczisyen Tuna Kiremit\u00e7i olacak. Tuna Kiremit\u00e7i, birbirinden g\u00fczel eserlerini 9. Ulusal M\u00fczik \u00d6d\u00fclleri Yar\u0131\u015fmas\u0131nda seslendirecek. Ulusal M\u00fczik \u00d6d\u00fclleri Yar\u0131\u015fmas\u0131nda birinci gelen yar\u0131\u015fmac\u0131 15 bin TL, ikinci 10 bin TL, \u00fc\u00e7\u00fcnc\u00fc yar\u0131\u015fmac\u0131 7 bin TL. ile \u00f6d\u00fcllendirilecek. \u0130lk 3 yar\u0131\u015fmac\u0131n\u0131n belirlenmesinin ard\u0131ndan kurulun belirledi\u011fi J\u00fcri \u00d6zel \u00d6d\u00fcl\u00fc i\u00e7in se\u00e7ilen yar\u0131\u015fmac\u0131ya 4 bin TL. \u00f6d\u00fcl verilecek.&nbsp; Amat\u00f6r sanat\u00e7\u0131lar\u0131n te\u015fvik edilerek yeni yeteneklerin ve seslerin T\u00fcrk M\u00fczi\u011fine kazand\u0131r\u0131lmas\u0131n\u0131n hedeflendi\u011fi yar\u0131\u015fman\u0131n \u00f6n elemesi, 5-8 Eyl\u00fcl, yar\u0131 final 25-26 Eyl\u00fcl tarihlerinde yap\u0131lm\u0131\u015ft\u0131. Yar\u0131 finale hak kazanan adaylar 9 Eyl\u00fcl Cumartesi g\u00fcn\u00fc <a href=\"http:\/\/www.kepezkultur.com\">www.kepezkultur.com<\/a> sitesinden duyuruldu ve ayn\u0131 zamanda da sms ile bilgilendirildi.<\/p>\n\n\n\n<p>Kepez Belediyesi \/ B\u00fclten<\/p>\n","protected":false},"excerpt":{"rendered":"<p>Kepez Belediyesi\u2019nin yeni yeteneklerin ke\u015ffedilmesini ama\u00e7lad\u0131\u011f\u0131 Ulusal M\u00fczik \u00d6d\u00fclleri Yar\u0131\u015fmas\u0131 finali, yazar, \u015fair, besteci, s\u00f6z yazar\u0131 ve m\u00fczisyen Tuna Kiremit\u00e7i\u2019nin kat\u0131l\u0131m\u0131yla 8 Ekim\u2019de Erdem Bayaz\u0131t <a href=\"https:\/\/akdenizhaber.com.tr\/index.php\/2023\/10\/05\/kepezin-9-ulusal-muzik-odullerinde-final-heyecani\/\" class=\"read-more-link\">[more&#8230;]<\/a><\/p>\n","protected":false},"author":2,"featured_media":16381,"comment_status":"open","ping_status":"open","sticky":false,"template":"","format":"standard","meta":{"footnotes":""},"categories":[2],"tags":[],"class_list":["post-16380","post","type-post","status-publish","format-standard","has-post-thumbnail","hentry","category-gundem"],"_links":{"self":[{"href":"https:\/\/akdenizhaber.com.tr\/index.php\/wp-json\/wp\/v2\/posts\/16380","targetHints":{"allow":["GET"]}}],"collection":[{"href":"https:\/\/akdenizhaber.com.tr\/index.php\/wp-json\/wp\/v2\/posts"}],"about":[{"href":"https:\/\/akdenizhaber.com.tr\/index.php\/wp-json\/wp\/v2\/types\/post"}],"author":[{"embeddable":true,"href":"https:\/\/akdenizhaber.com.tr\/index.php\/wp-json\/wp\/v2\/users\/2"}],"replies":[{"embeddable":true,"href":"https:\/\/akdenizhaber.com.tr\/index.php\/wp-json\/wp\/v2\/comments?post=16380"}],"version-history":[{"count":0,"href":"https:\/\/akdenizhaber.com.tr\/index.php\/wp-json\/wp\/v2\/posts\/16380\/revisions"}],"wp:featuredmedia":[{"embeddable":true,"href":"https:\/\/akdenizhaber.com.tr\/index.php\/wp-json\/wp\/v2\/media\/16381"}],"wp:attachment":[{"href":"https:\/\/akdenizhaber.com.tr\/index.php\/wp-json\/wp\/v2\/media?parent=16380"}],"wp:term":[{"taxonomy":"category","embeddable":true,"href":"https:\/\/akdenizhaber.com.tr\/index.php\/wp-json\/wp\/v2\/categories?post=16380"},{"taxonomy":"post_tag","embeddable":true,"href":"https:\/\/akdenizhaber.com.tr\/index.php\/wp-json\/wp\/v2\/tags?post=16380"}],"curies":[{"name":"wp","href":"https:\/\/api.w.org\/{rel}","templated":true}]}}