{"id":16358,"date":"2023-10-05T11:09:48","date_gmt":"2023-10-05T08:09:48","guid":{"rendered":"https:\/\/akdenizhaber.com.tr\/?p=16358"},"modified":"2023-10-05T11:09:49","modified_gmt":"2023-10-05T08:09:49","slug":"ogrencilere-deprem-tirinda-egitim","status":"publish","type":"post","link":"https:\/\/akdenizhaber.com.tr\/index.php\/2023\/10\/05\/ogrencilere-deprem-tirinda-egitim\/","title":{"rendered":"\u00d6\u011frencilere deprem t\u0131r\u0131nda e\u011fitim"},"content":{"rendered":"\n<p><\/p>\n\n\n\n<p>Antalya B\u00fcy\u00fck\u015fehir Belediyesi\u2019nin d\u00fczenledi\u011fi \u2018Antalya Deprem Master Plan\u0131 Konferans\u0131\u2019 kapsam\u0131nda kente getirilen deprem sim\u00fclasyon t\u0131r\u0131nda \u00f6\u011frenciler deprem deneyimi ya\u015fad\u0131.<\/p>\n\n\n\n<p>Antalya B\u00fcy\u00fck\u015fehir Belediyesi, Antalya Deprem Master Plan\u0131 \u00e7al\u0131\u015fmalar\u0131 kapsam\u0131nda deprem bilincini artt\u0131rmak ve vatanda\u015flara deprem an\u0131nda sergilenmesi gereken do\u011fru davran\u0131\u015flar\u0131 g\u00f6stermek amac\u0131yla deprem sim\u00fclasyon t\u0131r\u0131n\u0131 kente getirdi.<\/p>\n\n\n\n<p>\u00c7\u00d6K-KAPAN-TUTUN E\u011e\u0130T\u0130M\u0130<\/p>\n\n\n\n<p>Karaalio\u011flu Park\u0131\u2019na kurulan deprem sim\u00fclasyon t\u0131r\u0131nda \u00f6\u011frencilere deprem e\u011fitimi verildi. Afet bilicinin geli\u015ftirilmesi i\u00e7in her ya\u015ftan kat\u0131l\u0131mc\u0131ya deprem \u00f6ncesi, deprem s\u0131ras\u0131 ve sonras\u0131nda neler yap\u0131lmas\u0131 gerekti\u011fi, do\u011fru davran\u0131\u015f \u015fekillerinin neler oldu\u011fu, uzmanlar taraf\u0131ndan uygulamal\u0131 olarak g\u00f6sterildi. \u00d6\u011frenciler \u00e7\u00f6k-kapan-tutun tatbikat\u0131 yaparak deprem ile ilgili tecr\u00fcbe kazand\u0131. Daha sonra ise \u00f6\u011frencilere Kocaeli Depremi&#8217;nin Sakarya&#8217;daki hissedili\u015fi ya\u015fat\u0131ld\u0131.<\/p>\n\n\n\n<p>MARMARA DEPREM\u0130 CANLANDIRILDI<\/p>\n\n\n\n<p>Deprem Sim\u00fclasyon T\u0131r\u0131n\u0131n \u00f6\u011frencilere ve yeti\u015fkinlere deprem an\u0131nda yap\u0131lmas\u0131 gerekenler hakk\u0131nda e\u011fitimler verdi\u011fini belirten Jeoloji M\u00fchendisi Ahmet Aky\u00fcz, \u201cEvlerde, i\u015fyerlerinde ve okullarda hangi \u00f6nlemleri almal\u0131y\u0131z nas\u0131l davranmal\u0131y\u0131z bu konularda e\u011fitim veriyoruz. Evdeki gardolap, ayakkab\u0131l\u0131k, buzdolab\u0131 ve kitapl\u0131k gibi b\u00fcy\u00fck ve y\u00fcksek e\u015fyalar\u0131 sabitlememiz gerekti\u011fini, deprem \u00e7antas\u0131 haz\u0131rlama ve deprem \u00e7antas\u0131nda olmas\u0131 gerekenler hakk\u0131nda bilgiler verdik. Deprem an\u0131nda hayati \u00f6nem ta\u015f\u0131yan \u201c\u00e7\u00f6k-kapan-tutun\u201d y\u00f6ntemini g\u00f6sterdik. Son olarak da 1999 y\u0131l\u0131nda ger\u00e7ekle\u015fen Marmara depremindeki gibi6.5 -7 \u015fiddetinde bir sars\u0131nt\u0131 ya\u015fat\u0131ld\u0131\u201d diye konu\u015ftu.<\/p>\n\n\n\n<p>S\u0130M\u00dcLASYON \u00c7OK GER\u00c7EK\u00c7\u0130<\/p>\n\n\n\n<p>E\u011fitime kat\u0131lan 9. s\u0131n\u0131f \u00f6\u011frencisi Beyza Bahad\u0131r, \u201cDeprem an\u0131nda neler yapmam\u0131z gerekti\u011fini \u00f6\u011frendik. \u00c7\u00f6k-kapan-tutun tekni\u011fi g\u00f6sterildi. Deprem acil \u00e7antas\u0131 haz\u0131rlanmas\u0131n\u0131 \u00f6\u011frendim. Deprem sim\u00fclasyonu an\u0131nda korktum \u00e7ok sars\u0131ld\u0131k, ger\u00e7ekte olsa ne yapard\u0131m diye d\u00fc\u015f\u00fcnd\u00fcm. Akrabalar\u0131m\u0131z Hatay depremini ya\u015fad\u0131lar o y\u00fczden korkutucu ve \u00e7ok \u00fcz\u00fcc\u00fc bir durum\u201d ifadelerini kulland\u0131.<\/p>\n\n\n\n<p>DEPREM \u00c7ANTAMI BUG\u00dcN HAZIRLAYACA\u011eIM<\/p>\n\n\n\n<p>Emin Yi\u011fit ise deprem an\u0131nda neler yap\u0131laca\u011f\u0131n\u0131 \u00f6\u011frendi\u011fini dile getirerek, \u201cDeprem s\u0131ras\u0131nda neler ya\u015fan\u0131yor bilmiyordum ama bug\u00fcn deneyimledim. Ger\u00e7ekten deprem an\u0131 \u00e7ok panik bir durum, burada bile korkutucu bir sars\u0131nt\u0131 ya\u015fad\u0131m. Sim\u00fclasyon t\u0131r\u0131 beni \u00e7ok etkiledi. \u00c7ok ger\u00e7ek gibiydi. Bug\u00fcn hemen ailem i\u00e7in bir deprem \u00e7antas\u0131 haz\u0131rlamaya karar verdim\u201d dedi.<\/p>\n\n\n\n<p>E\u011e\u0130T\u0130M \u00c7OK FAYDALI OLDU<\/p>\n\n\n\n<p>T\u0131rda deprem an\u0131n\u0131 ya\u015fayan \u00f6\u011frencilerden Doruk G\u00f6k\u00e7e de \u201cSim\u00fclasyon ile depremin ne kadar korkutucu bir \u015fey oldu\u011funu ya\u015fad\u0131m. Deprem an\u0131nda yapmam\u0131z gereken \u00e7\u00f6k-kapan-tutun hareketi \u00f6\u011frendik ve uygulad\u0131k. Deprem \u00e7antas\u0131nda neler olmal\u0131 bunlar\u0131 g\u00f6sterdiler. Bug\u00fcn eve gidince bir deprem \u00e7antas\u0131 haz\u0131rlamay\u0131 d\u00fc\u015f\u00fcn\u00fcyorum. E\u011fitim faydal\u0131 oldu\u201d diye konu\u015ftu.<\/p>\n\n\n\n<p>Antalya B\u00fcy\u00fck\u015fehir Belediyesi \/ B\u00fclten<\/p>\n","protected":false},"excerpt":{"rendered":"<p>Antalya B\u00fcy\u00fck\u015fehir Belediyesi\u2019nin d\u00fczenledi\u011fi \u2018Antalya Deprem Master Plan\u0131 Konferans\u0131\u2019 kapsam\u0131nda kente getirilen deprem sim\u00fclasyon t\u0131r\u0131nda \u00f6\u011frenciler deprem deneyimi ya\u015fad\u0131. Antalya B\u00fcy\u00fck\u015fehir Belediyesi, Antalya Deprem Master <a href=\"https:\/\/akdenizhaber.com.tr\/index.php\/2023\/10\/05\/ogrencilere-deprem-tirinda-egitim\/\" class=\"read-more-link\">[more&#8230;]<\/a><\/p>\n","protected":false},"author":2,"featured_media":16359,"comment_status":"open","ping_status":"open","sticky":false,"template":"","format":"standard","meta":{"footnotes":""},"categories":[2],"tags":[],"class_list":["post-16358","post","type-post","status-publish","format-standard","has-post-thumbnail","hentry","category-gundem"],"_links":{"self":[{"href":"https:\/\/akdenizhaber.com.tr\/index.php\/wp-json\/wp\/v2\/posts\/16358","targetHints":{"allow":["GET"]}}],"collection":[{"href":"https:\/\/akdenizhaber.com.tr\/index.php\/wp-json\/wp\/v2\/posts"}],"about":[{"href":"https:\/\/akdenizhaber.com.tr\/index.php\/wp-json\/wp\/v2\/types\/post"}],"author":[{"embeddable":true,"href":"https:\/\/akdenizhaber.com.tr\/index.php\/wp-json\/wp\/v2\/users\/2"}],"replies":[{"embeddable":true,"href":"https:\/\/akdenizhaber.com.tr\/index.php\/wp-json\/wp\/v2\/comments?post=16358"}],"version-history":[{"count":0,"href":"https:\/\/akdenizhaber.com.tr\/index.php\/wp-json\/wp\/v2\/posts\/16358\/revisions"}],"wp:featuredmedia":[{"embeddable":true,"href":"https:\/\/akdenizhaber.com.tr\/index.php\/wp-json\/wp\/v2\/media\/16359"}],"wp:attachment":[{"href":"https:\/\/akdenizhaber.com.tr\/index.php\/wp-json\/wp\/v2\/media?parent=16358"}],"wp:term":[{"taxonomy":"category","embeddable":true,"href":"https:\/\/akdenizhaber.com.tr\/index.php\/wp-json\/wp\/v2\/categories?post=16358"},{"taxonomy":"post_tag","embeddable":true,"href":"https:\/\/akdenizhaber.com.tr\/index.php\/wp-json\/wp\/v2\/tags?post=16358"}],"curies":[{"name":"wp","href":"https:\/\/api.w.org\/{rel}","templated":true}]}}