{"id":16345,"date":"2023-10-04T12:03:30","date_gmt":"2023-10-04T09:03:30","guid":{"rendered":"https:\/\/akdenizhaber.com.tr\/?p=16345"},"modified":"2023-10-04T12:03:31","modified_gmt":"2023-10-04T09:03:31","slug":"cocuklarimiza-sporu-bir-yasam-tarzi-olarak-benimsetmeliyiz","status":"publish","type":"post","link":"https:\/\/akdenizhaber.com.tr\/index.php\/2023\/10\/04\/cocuklarimiza-sporu-bir-yasam-tarzi-olarak-benimsetmeliyiz\/","title":{"rendered":"\u00c7ocuklar\u0131m\u0131za Sporu Bir Ya\u015fam Tarz\u0131 Olarak Benimsetmeliyiz"},"content":{"rendered":"\n<p><br>2023-2024 E\u011fitim \u00d6\u011fretim Y\u0131l\u0131 Okul Sporlar\u0131 Faaliyet Program\u0131 De\u011ferlendirme ve 2023-2024 E\u011fitim \u00d6\u011fretim Y\u0131l\u0131 Okul Sporlar\u0131 Faaliyet Planlama Toplant\u0131s\u0131, Vali Hulusi \u015eahin ba\u015fkanl\u0131\u011f\u0131nda ger\u00e7ekle\u015fti.<br>Vali Hulusi \u015eahin ba\u015fkanl\u0131\u011f\u0131nda, 2023-2024 E\u011fitim \u00d6\u011fretim Y\u0131l\u0131 Okul Sporlar\u0131 Faaliyet Program\u0131 De\u011ferlendirme ve 2023-2024 E\u011fitim \u00d6\u011fretim Y\u0131l\u0131 Okul Sporlar\u0131 Faaliyet Planlama Toplant\u0131s\u0131 ger\u00e7ekle\u015fti. Mimar Sinan Kongre Merkezi\u2019nde ger\u00e7ekle\u015fen toplant\u0131ya Gen\u00e7lik ve Spor \u0130l M\u00fcd\u00fcr\u00fc Yavuz G\u00fcrhan, \u0130l Milli E\u011fitim M\u00fcd\u00fcr\u00fc Salih Kaygusuz, \u0130l\u00e7e Milli E\u011fitim M\u00fcd\u00fcrleri, okul m\u00fcd\u00fcrleri ve \u00f6\u011fretmenler kat\u0131ld\u0131.<br>\u0130nsan\u0131m\u0131z\u0131 Ne Kadar \u0130yi Yeti\u015ftirirsek Gelece\u011fe O Kadar Umutlu Bakar\u0131z<br>Toplant\u0131daki konu\u015fmas\u0131na en de\u011ferli kayna\u011f\u0131m\u0131z\u0131n insan kayna\u011f\u0131 oldu\u011funu belirterek ba\u015flayan Vali \u015eahin; \u201cMesaimizin en az yar\u0131s\u0131n\u0131, ekonomik kaynaklar\u0131m\u0131z\u0131n da en az yar\u0131s\u0131n\u0131 e\u011fitime harcayaca\u011f\u0131z. En de\u011ferli kayna\u011f\u0131m\u0131z insan\u0131m\u0131z. \u0130nsan\u0131m\u0131z\u0131 ne kadar iyi yeti\u015ftirirsek gelece\u011fe o kadar umutlu bakar\u0131z.\u201d ifadelerini kulland\u0131.<br>Gen\u00e7lerimizin Sporu Bir Ya\u015fam Tarz\u0131 Haline Getirmelerini Sa\u011flamal\u0131y\u0131z<br>T\u00fcm \u00e7ocuklar\u0131 spora te\u015fvik etmemize vurgu yapan Vali \u015eahin konu\u015fmas\u0131n\u0131n devam\u0131nda \u015funlar\u0131 kaydetti: \u201c\u00d6ncelikle t\u00fcm \u00e7ocuklar\u0131m\u0131z\u0131n mutlaka sporu ve hareketli bir ya\u015fam\u0131 hayat tarz\u0131 olarak benimsemelerini istiyoruz. Biz bu konuda biraz zay\u0131f\u0131z. Toplum olarak bunu i\u00e7selle\u015ftirmi\u015f durumda de\u011filiz. \u00c7ocuklar\u0131m\u0131za ve gen\u00e7lerimize sporu sevdirerek onlar\u0131n sporu bir ya\u015fam tarz\u0131 haline getirmelerini sa\u011flamal\u0131y\u0131z.\u201d<br>Gelece\u011fin Olimpiyat \u015eampiyonlar\u0131n\u0131 Okullar\u0131m\u0131z\u0131n \u0130\u00e7inden Bulup \u00c7\u0131karabiliriz<br>Gen\u00e7 bir n\u00fcfusa sahip oldu\u011fumuzu ve bunun da bizler i\u00e7in avantaj oldu\u011funu kaydeden Vali \u015eahin; \u201cGen\u00e7 bir toplumuz. Milyonlarca gencimizin i\u00e7inden mutlaka her spordan temay\u00fcz etmi\u015f \u00e7ocuklar\u0131m\u0131z \u00e7\u0131kacakt\u0131r. \u0130\u015fte bunlar\u0131 ilk g\u00f6recek olan, ilk fark edecek olan buradaki beden e\u011fitimi \u00f6\u011fretmenlerimizdir. E\u011fer bunu yapabilirsek gelece\u011fin olimpiyat \u015fampiyonlar\u0131n\u0131 okullar\u0131m\u0131z\u0131n i\u00e7inden bulup \u00e7\u0131karabiliriz.\u201d \u015feklinde konu\u015ftu.<br>Konu\u015fmas\u0131n\u0131n sonunda \u00f6\u011fretmenlerin en \u00f6nemli payda\u015flar\u0131 oldu\u011funa dikkat \u00e7eken Vali \u015eahin, t\u00fcm g\u00fc\u00e7leriyle \u00f6\u011fretmenlerin yanlar\u0131nda olduklar\u0131n\u0131 ifade etti.<\/p>\n\n\n\n<p>Antalya Valili\u011fi \/ B\u00fclten<\/p>\n","protected":false},"excerpt":{"rendered":"<p>2023-2024 E\u011fitim \u00d6\u011fretim Y\u0131l\u0131 Okul Sporlar\u0131 Faaliyet Program\u0131 De\u011ferlendirme ve 2023-2024 E\u011fitim \u00d6\u011fretim Y\u0131l\u0131 Okul Sporlar\u0131 Faaliyet Planlama Toplant\u0131s\u0131, Vali Hulusi \u015eahin ba\u015fkanl\u0131\u011f\u0131nda ger\u00e7ekle\u015fti.Vali Hulusi <a href=\"https:\/\/akdenizhaber.com.tr\/index.php\/2023\/10\/04\/cocuklarimiza-sporu-bir-yasam-tarzi-olarak-benimsetmeliyiz\/\" class=\"read-more-link\">[more&#8230;]<\/a><\/p>\n","protected":false},"author":2,"featured_media":16346,"comment_status":"open","ping_status":"open","sticky":false,"template":"","format":"standard","meta":{"footnotes":""},"categories":[2],"tags":[],"class_list":["post-16345","post","type-post","status-publish","format-standard","has-post-thumbnail","hentry","category-gundem"],"_links":{"self":[{"href":"https:\/\/akdenizhaber.com.tr\/index.php\/wp-json\/wp\/v2\/posts\/16345","targetHints":{"allow":["GET"]}}],"collection":[{"href":"https:\/\/akdenizhaber.com.tr\/index.php\/wp-json\/wp\/v2\/posts"}],"about":[{"href":"https:\/\/akdenizhaber.com.tr\/index.php\/wp-json\/wp\/v2\/types\/post"}],"author":[{"embeddable":true,"href":"https:\/\/akdenizhaber.com.tr\/index.php\/wp-json\/wp\/v2\/users\/2"}],"replies":[{"embeddable":true,"href":"https:\/\/akdenizhaber.com.tr\/index.php\/wp-json\/wp\/v2\/comments?post=16345"}],"version-history":[{"count":0,"href":"https:\/\/akdenizhaber.com.tr\/index.php\/wp-json\/wp\/v2\/posts\/16345\/revisions"}],"wp:featuredmedia":[{"embeddable":true,"href":"https:\/\/akdenizhaber.com.tr\/index.php\/wp-json\/wp\/v2\/media\/16346"}],"wp:attachment":[{"href":"https:\/\/akdenizhaber.com.tr\/index.php\/wp-json\/wp\/v2\/media?parent=16345"}],"wp:term":[{"taxonomy":"category","embeddable":true,"href":"https:\/\/akdenizhaber.com.tr\/index.php\/wp-json\/wp\/v2\/categories?post=16345"},{"taxonomy":"post_tag","embeddable":true,"href":"https:\/\/akdenizhaber.com.tr\/index.php\/wp-json\/wp\/v2\/tags?post=16345"}],"curies":[{"name":"wp","href":"https:\/\/api.w.org\/{rel}","templated":true}]}}