{"id":16330,"date":"2023-10-04T12:00:45","date_gmt":"2023-10-04T09:00:45","guid":{"rendered":"https:\/\/akdenizhaber.com.tr\/?p=16330"},"modified":"2023-10-04T12:00:45","modified_gmt":"2023-10-04T09:00:45","slug":"bu-ilcenin-bebekleri-cok-mutlu","status":"publish","type":"post","link":"https:\/\/akdenizhaber.com.tr\/index.php\/2023\/10\/04\/bu-ilcenin-bebekleri-cok-mutlu\/","title":{"rendered":"Bu il\u00e7enin bebekleri \u00e7ok mutlu"},"content":{"rendered":"\n<p><\/p>\n\n\n\n<p>T\u00fcrkiye\u2019de ilk kez Konyaalt\u0131 Belediyesi taraf\u0131ndan hizmete a\u00e7\u0131lan Bebek Park\u0131 vatanda\u015flar ve minikler taraf\u0131ndan yo\u011fun ilgi g\u00f6r\u00fcyor. Bebek Park\u0131 her g\u00fcn 0-5 ya\u015f aras\u0131 y\u00fczlerce mini\u011fi a\u011f\u0131rl\u0131yor.<\/p>\n\n\n\n<p>T\u00fcrkiye\u2019de ilk kez Konyaalt\u0131 Belediyesi taraf\u0131ndan Konyaalt\u0131 Sahili\u2019nin kar\u015f\u0131s\u0131nda hayata ge\u00e7irilen Bebek Park\u0131 vatanda\u015flar ve minikler taraf\u0131ndan yo\u011fun ilgi g\u00f6r\u00fcyor. Bebek Park\u0131\u2019na vatanda\u015flar her g\u00fcn 0-5 ya\u015f grubu \u00e7ocuklar\u0131n\u0131 getirerek, onlar\u0131n g\u00fczel vakit ge\u00e7irmesini sa\u011fl\u0131yor.<\/p>\n\n\n\n<p>HEM E\u011eLEN\u0130YORLAR HEM \u00d6\u011eREN\u0130YORLAR<\/p>\n\n\n\n<p>Bebek Park\u0131\u2019nda minikler yap-boz, \u00e7al s\u00f6yle, orf ve ritm \u00e7al\u0131\u015fmas\u0131 gibi etkinliklerle hem e\u011fleniyor hem de \u00f6\u011freniyor. Minikler, \u00e7ocuk jimnastik, zumba, mini disco, baby oryantiring, kolaj \u00e7al\u0131\u015fmas\u0131 ve masal saati gibi etkinliklere de kat\u0131l\u0131yor. E\u011fitimler \u00e7ocuk geli\u015fimi mezunu uzman \u00f6\u011fretmenler taraf\u0131ndan veriliyor. Haftan\u0131n 7 g\u00fcn\u00fc hizmet veren Bebek Park\u0131\u2019nda lavabo, tuvalet, oyun alanlar\u0131 \u00e7ocuklar\u0131n ula\u015fabilece\u011fi \u015fekilde tasarlanm\u0131\u015f halde bulunuyor.<\/p>\n\n\n\n<p>\u00c7OCUKLARI D\u00dc\u015e\u00dcNEN BA\u015eKAN<\/p>\n\n\n\n<p>T\u00fcrkiye\u2019de ilk kez Konyaalt\u0131 Belediyesi taraf\u0131ndan hayata ge\u00e7irilen Bebek Park\u0131\u2019na \u00e7ocu\u011funu 6 ayl\u0131kken getirmeye ba\u015flad\u0131\u011f\u0131n\u0131 s\u00f6yleyen \u015eule Y\u0131ld\u0131r\u0131m, \u201cBebek Park\u0131 a\u00e7\u0131ld\u0131\u011f\u0131nda o\u011flum 6 ayl\u0131kt\u0131. Biz o s\u00fcre\u00e7ten beri Bebek Park\u0131\u2019na geliyoruz. Emzirme odas\u0131, anne \u00e7ocuk tuvaletinin olmas\u0131 i\u015fimizi \u00e7ok kolayla\u015ft\u0131r\u0131yor. Burada \u00e7ok uzun zaman ge\u00e7iriyoruz. \u00c7ocuklar\u0131m\u0131z\u0131 serbest b\u0131rakabildi\u011fimiz bir alan buras\u0131. Bebek Park\u0131\u2019ndan \u00e7ok memnunuz\u201d dedi. Bebek Park\u0131\u2019ndaki at\u00f6lyelerinde olduk\u00e7a e\u011flenceli ve e\u011fitici oldu\u011funu belirten Y\u0131ld\u0131r\u0131m, \u201cBelirli saatlerde yap\u0131lan at\u00f6lye \u00e7al\u0131\u015fmalar\u0131 \u00e7ok g\u00fczel. Bu at\u00f6lyeler sayesinde \u00e7ocuklar\u0131m\u0131z daha iyi sosyalle\u015febiliyorlar. \u00c7ocuklara verdi\u011fi \u00f6nemden ve b\u00f6yle g\u00fczel bir park\u0131n yapmas\u0131ndan dolay\u0131 Konyaalt\u0131 Belediye Ba\u015fkan\u0131 Semih Esen\u2019e te\u015fekk\u00fcr ediyorum\u201d diye konu\u015ftu. Daha \u00f6nce \u00fccretli at\u00f6lyelere gittiklerini ancak bir ayd\u0131r Bebek Park\u0131\u2019na geldiklerini belirten B\u00fc\u015fra Y\u0131lmaz da, \u201cK\u0131z\u0131mla g\u00fcn boyu Bebek Park\u0131\u2019nda vakit ge\u00e7iriyoruz. Etkinliklere kat\u0131l\u0131yoruz. Konyaalt\u0131 Belediye Ba\u015fkan\u0131 Semih Esen\u2019e Bebek Park\u0131\u2019n\u0131 yapt\u0131\u011f\u0131 i\u00e7in te\u015fekk\u00fcr ediyorum\u2019\u2019 dedi.<\/p>\n\n\n\n<p>Konyaalt\u0131 Belediyesi \/ B\u00fclten<\/p>\n","protected":false},"excerpt":{"rendered":"<p>T\u00fcrkiye\u2019de ilk kez Konyaalt\u0131 Belediyesi taraf\u0131ndan hizmete a\u00e7\u0131lan Bebek Park\u0131 vatanda\u015flar ve minikler taraf\u0131ndan yo\u011fun ilgi g\u00f6r\u00fcyor. Bebek Park\u0131 her g\u00fcn 0-5 ya\u015f aras\u0131 y\u00fczlerce <a href=\"https:\/\/akdenizhaber.com.tr\/index.php\/2023\/10\/04\/bu-ilcenin-bebekleri-cok-mutlu\/\" class=\"read-more-link\">[more&#8230;]<\/a><\/p>\n","protected":false},"author":2,"featured_media":16331,"comment_status":"open","ping_status":"open","sticky":false,"template":"","format":"standard","meta":{"footnotes":""},"categories":[2],"tags":[],"class_list":["post-16330","post","type-post","status-publish","format-standard","has-post-thumbnail","hentry","category-gundem"],"_links":{"self":[{"href":"https:\/\/akdenizhaber.com.tr\/index.php\/wp-json\/wp\/v2\/posts\/16330","targetHints":{"allow":["GET"]}}],"collection":[{"href":"https:\/\/akdenizhaber.com.tr\/index.php\/wp-json\/wp\/v2\/posts"}],"about":[{"href":"https:\/\/akdenizhaber.com.tr\/index.php\/wp-json\/wp\/v2\/types\/post"}],"author":[{"embeddable":true,"href":"https:\/\/akdenizhaber.com.tr\/index.php\/wp-json\/wp\/v2\/users\/2"}],"replies":[{"embeddable":true,"href":"https:\/\/akdenizhaber.com.tr\/index.php\/wp-json\/wp\/v2\/comments?post=16330"}],"version-history":[{"count":0,"href":"https:\/\/akdenizhaber.com.tr\/index.php\/wp-json\/wp\/v2\/posts\/16330\/revisions"}],"wp:featuredmedia":[{"embeddable":true,"href":"https:\/\/akdenizhaber.com.tr\/index.php\/wp-json\/wp\/v2\/media\/16331"}],"wp:attachment":[{"href":"https:\/\/akdenizhaber.com.tr\/index.php\/wp-json\/wp\/v2\/media?parent=16330"}],"wp:term":[{"taxonomy":"category","embeddable":true,"href":"https:\/\/akdenizhaber.com.tr\/index.php\/wp-json\/wp\/v2\/categories?post=16330"},{"taxonomy":"post_tag","embeddable":true,"href":"https:\/\/akdenizhaber.com.tr\/index.php\/wp-json\/wp\/v2\/tags?post=16330"}],"curies":[{"name":"wp","href":"https:\/\/api.w.org\/{rel}","templated":true}]}}