{"id":16327,"date":"2023-10-04T12:00:17","date_gmt":"2023-10-04T09:00:17","guid":{"rendered":"https:\/\/akdenizhaber.com.tr\/?p=16327"},"modified":"2023-10-04T12:00:18","modified_gmt":"2023-10-04T09:00:18","slug":"100-yili-fotograf-yarismasi-sonuclari-9-ekimde-aciklanacak","status":"publish","type":"post","link":"https:\/\/akdenizhaber.com.tr\/index.php\/2023\/10\/04\/100-yili-fotograf-yarismasi-sonuclari-9-ekimde-aciklanacak\/","title":{"rendered":"100. Y\u0131l\u0131 Foto\u011fraf Yar\u0131\u015fmas\u0131 sonu\u00e7lar\u0131 9 Ekim\u2019de a\u00e7\u0131klanacak"},"content":{"rendered":"\n<p><\/p>\n\n\n\n<p>Antalya B\u00fcy\u00fck\u015fehir Belediyesi, Antalya Foto\u011fraf ve Sinema Amat\u00f6rleri Derne\u011fi i\u015fbirli\u011fi ve T\u00fcrkiye Foto\u011fraf Sanat\u0131 Federasyonu (TFSF) deste\u011fi ile d\u00fczenlenen \u201cCumhuriyetin 100. Y\u0131l\u0131 Ulusal Foto\u011fraf Yar\u0131\u015fmas\u0131\u201dj\u00fcri de\u011ferlendirmesi yap\u0131ld\u0131. 423 ki\u015finin 1449 foto\u011frafla kat\u0131ld\u0131\u011f\u0131 yar\u0131\u015fman\u0131n sonucu 9 Ekim\u2019de a\u00e7\u0131klanacak.<\/p>\n\n\n\n<p>Antalya B\u00fcy\u00fck\u015fehir Belediyesi\u2019nin T\u00fcrkiye Cumhuriyeti\u2019nin geli\u015fiminin ve d\u00f6n\u00fc\u015f\u00fcm\u00fcn\u00fcn belgelenmesi, Cumhuriyet\u2019in kazan\u0131mlar\u0131n\u0131n tekrar hat\u0131rlanmas\u0131, haf\u0131zalarda yer eden ge\u00e7mi\u015fin g\u00fczel an\u0131lar\u0131n\u0131n an\u0131tla\u015ft\u0131\u011f\u0131 mekanlar\u0131n, insanlar\u0131n son hallerinin hem ge\u00e7mi\u015fle kar\u015f\u0131la\u015ft\u0131r\u0131lmas\u0131 ve gelece\u011fe \u0131\u015f\u0131k tutacak nitelikte foto\u011fraf ar\u015fivlerinde yerini almas\u0131 hedefiyle Antalya Foto\u011fraf ve Sinema Amat\u00f6rleri Derne\u011fi i\u015fbirli\u011finde ve T\u00fcrkiye Foto\u011fraf Sanat\u0131 Federasyonu (TFSF) deste\u011fi ile d\u00fczenledi\u011fi Cumhuriyetin 100. Y\u0131l\u0131 konulu ulusal foto\u011fraf yar\u0131\u015fmas\u0131 tamamland\u0131. Yar\u0131\u015fmaya 423 ki\u015fi, 1449 foto\u011frafla kat\u0131ld\u0131.<\/p>\n\n\n\n<p>J\u00dcR\u0130 DE\u011eERLEND\u0130MES\u0130N\u0130 YAPTI<\/p>\n\n\n\n<p>Foto\u011fraf sanat\u00e7\u0131s\u0131, gazeteci ve sava\u015f muhabiri Co\u015fkun Aral, \u00f6d\u00fcll\u00fc foto\u011fraf\u00e7\u0131 ve gezgin \u0130zzet Keribar, sokak foto\u011fraf\u00e7\u0131s\u0131 ve g\u00f6rsel sanat\u00e7\u0131 Dilan Bozyel, Akdeniz \u00dcniversitesi G\u00fczel Sanatlar Fak\u00fcltesi Foto\u011fraf Ana Sanat Dal\u0131 B\u00f6l\u00fcm Ba\u015fkan\u0131 Dr. Nafia \u00d6zdemir Hanyalo\u011flu, foto\u011fraf sanat\u00e7\u0131s\u0131 ve ANFAD temsilcisi Bilkan U\u00e7kan\u2019dan olu\u015fan se\u00e7ici kurul topland\u0131. Birbirinden \u00f6zel foto\u011fraflar\u0131 titizlikle inceleyen j\u00fcri dereceye girenleri belirledi. Yar\u0131\u015fma sonucu 9 Ekim\u2019de a\u00e7\u0131klanacak.<\/p>\n\n\n\n<p>1449 FOTO\u011eRAF YARI\u015eTI<\/p>\n\n\n\n<p>T\u00fcrkiye Foto\u011fraf Sanat\u0131 Yar\u0131\u015fmalar temsilcisi ve Antalya Foto\u011fraf ve Sinema Amat\u00f6rleri Derne\u011fi Ba\u015fkan\u0131 Mehmet Boyac\u0131, yar\u0131\u015fma ve j\u00fcri de\u011ferlendirmeleri hakk\u0131nda bilgi verdi. Boyac\u0131, \u201cYar\u0131\u015fmaya 1449 foto\u011fraf kat\u0131ld\u0131. \u0130lk \u00f6nce elektronik ortamda bir de\u011ferlendirme yap\u0131ld\u0131. Sonra j\u00fcri \u00fcyelerimiz de\u011ferlendirmelerini ger\u00e7ekle\u015ftirdi. Son toplant\u0131m\u0131zda 3 turlu bir eleme ger\u00e7ekle\u015ftirdik. Son tur baya \u00e7eki\u015fmeli anlara sahne oldu. T\u00fcm j\u00fcri \u00fcyelerine emeklerinden dolay\u0131 te\u015fekk\u00fcr ediyorum\u201d dedi.<\/p>\n\n\n\n<p>I\u015eIKLARI BOL OLSUN<\/p>\n\n\n\n<p>Yar\u0131\u015fman\u0131n se\u00e7ici kurulunda yer alan tan\u0131nm\u0131\u015f foto\u011fraf sanat\u00e7\u0131s\u0131, gazeteci ve sava\u015f muhabiri Co\u015fkun Aral, foto\u011fraf\u0131n d\u00fcnyada \u015fu anda en \u00e7ok konu\u015fulan dil oldu\u011funu ve T\u00fcrkiye Cumhuriyetinin 100. Y\u0131la girerken \u00e7ok farkl\u0131 a\u015famalardan ge\u00e7ti\u011fini s\u00f6yledi. Aral, \u201cSanat\u00e7\u0131n\u0131n bir \u015fekilde ifade bi\u00e7imi olan foto\u011frafla, kendi topraklar\u0131nda ya\u015fananlar\u0131 kay\u0131t alt\u0131na almas\u0131, bunlar\u0131 belgelemesi, kal\u0131c\u0131la\u015ft\u0131rmas\u0131, i\u015fin i\u00e7ine estetik de\u011ferler kat\u0131p sanata d\u00f6n\u00fc\u015ft\u00fcrmesi, \u00e7ok \u00f6nemli. Oy\u00fczden b\u00f6yle bir yar\u0131\u015fmaya \u00f6nderlik etti\u011fi i\u00e7in Antalya B\u00fcy\u00fck\u015fehir Belediyesi\u2019ni kutluyorum. Foto\u011fraflar\u0131 se\u00e7me a\u015famas\u0131nda \u00e7ok zorland\u0131k. \u00c7\u00fcnk\u00fc \u00e7ok g\u00fczel foto\u011fraflar vard\u0131. Se\u00e7ilemeyenler \u00fcz\u00fclmesinler. \u00d6nemli olan ya\u015famdan bu zamansal kesintileri \u00e7ekmeye devam etmek laz\u0131m. I\u015f\u0131klar\u0131 bol olsun diyorum\u201d diye konu\u015ftu.<\/p>\n\n\n\n<p>BU YARI\u015eMANIN HER YIL YAPILMASINI D\u0130L\u0130YORUM<\/p>\n\n\n\n<p>Foto\u011fraf\u00e7\u0131l\u0131\u011f\u0131 bir ya\u015fam tarz\u0131 olarak belirledi\u011fini ve yakla\u015f\u0131k 75 y\u0131ld\u0131r foto\u011fraf \u00e7ekti\u011fini ifade eden j\u00fcri \u00fcyesi \u00f6d\u00fcll\u00fc foto\u011fraf\u00e7\u0131 ve gezgin \u0130zzet Keribar, foto\u011fraf\u00e7\u0131l\u0131\u011f\u0131 t\u00fcm gen\u00e7lere a\u015f\u0131lamak istediklerini belirterek \u201cAntalya B\u00fcy\u00fck\u015fehir Belediyesinin sadece bu y\u0131la \u00f6zel de\u011fil her sene bu yar\u0131\u015fmalar\u0131 geleneksel hale getirmesini diliyorum\u201d dedi.<\/p>\n\n\n\n<p>Akdeniz \u00dcniversitesi G\u00fczel Sanatlar Fak\u00fcltesi Foto\u011fraf Ana Sanat Dal\u0131 B\u00f6l\u00fcm Ba\u015fkan\u0131 Dr. Nafia \u00d6zdemir Hanyalo\u011flu ise, \u201c B\u00fcy\u00fck\u015fehir Belediyemizin Cumhuriyetin 100. Y\u0131l\u0131 dolays\u0131yla yapt\u0131\u011f\u0131 bu anlaml\u0131 foto\u011fraf yar\u0131\u015fmas\u0131na kat\u0131l\u0131m olduk\u00e7a y\u00fcksekti. \u00c7ok ba\u015far\u0131l\u0131 foto\u011fraflar aras\u0131nda se\u00e7im yapmakta zorland\u0131k diyebilirim. T\u00fcm j\u00fcri \u00fcyelerimizin hem fikir oldu\u011fu foto\u011fraflar\u0131 belirledik. Yar\u0131\u015fmada ba\u015far\u0131l\u0131 olan t\u00fcm arkada\u015flar\u0131m\u0131z\u0131 y\u00fcrekten kutluyorum\u201d ifadelerini kulland\u0131.<\/p>\n\n\n\n<p>B\u0130R\u0130NC\u0130YE 25 B\u0130N TL \u00d6D\u00dcL<\/p>\n\n\n\n<p>Yar\u0131\u015fmada birinciye 25 bin TL, ikinciye 15 bin TL, \u00fc\u00e7\u00fcnc\u00fcye ise 10 bin TL para \u00f6d\u00fcl\u00fc verilecek. Ayr\u0131ca mansiyon \u00f6d\u00fcl\u00fc ve sergilenmeye de\u011fer foto\u011fraflarda a\u00e7\u0131klanacak.<\/p>\n\n\n\n<p>Antalya B\u00fcy\u00fck\u015fehir Belediyesi \/ B\u00fclten<\/p>\n","protected":false},"excerpt":{"rendered":"<p>Antalya B\u00fcy\u00fck\u015fehir Belediyesi, Antalya Foto\u011fraf ve Sinema Amat\u00f6rleri Derne\u011fi i\u015fbirli\u011fi ve T\u00fcrkiye Foto\u011fraf Sanat\u0131 Federasyonu (TFSF) deste\u011fi ile d\u00fczenlenen \u201cCumhuriyetin 100. Y\u0131l\u0131 Ulusal Foto\u011fraf Yar\u0131\u015fmas\u0131\u201dj\u00fcri <a href=\"https:\/\/akdenizhaber.com.tr\/index.php\/2023\/10\/04\/100-yili-fotograf-yarismasi-sonuclari-9-ekimde-aciklanacak\/\" class=\"read-more-link\">[more&#8230;]<\/a><\/p>\n","protected":false},"author":2,"featured_media":16328,"comment_status":"open","ping_status":"open","sticky":false,"template":"","format":"standard","meta":{"footnotes":""},"categories":[2],"tags":[],"class_list":["post-16327","post","type-post","status-publish","format-standard","has-post-thumbnail","hentry","category-gundem"],"_links":{"self":[{"href":"https:\/\/akdenizhaber.com.tr\/index.php\/wp-json\/wp\/v2\/posts\/16327","targetHints":{"allow":["GET"]}}],"collection":[{"href":"https:\/\/akdenizhaber.com.tr\/index.php\/wp-json\/wp\/v2\/posts"}],"about":[{"href":"https:\/\/akdenizhaber.com.tr\/index.php\/wp-json\/wp\/v2\/types\/post"}],"author":[{"embeddable":true,"href":"https:\/\/akdenizhaber.com.tr\/index.php\/wp-json\/wp\/v2\/users\/2"}],"replies":[{"embeddable":true,"href":"https:\/\/akdenizhaber.com.tr\/index.php\/wp-json\/wp\/v2\/comments?post=16327"}],"version-history":[{"count":0,"href":"https:\/\/akdenizhaber.com.tr\/index.php\/wp-json\/wp\/v2\/posts\/16327\/revisions"}],"wp:featuredmedia":[{"embeddable":true,"href":"https:\/\/akdenizhaber.com.tr\/index.php\/wp-json\/wp\/v2\/media\/16328"}],"wp:attachment":[{"href":"https:\/\/akdenizhaber.com.tr\/index.php\/wp-json\/wp\/v2\/media?parent=16327"}],"wp:term":[{"taxonomy":"category","embeddable":true,"href":"https:\/\/akdenizhaber.com.tr\/index.php\/wp-json\/wp\/v2\/categories?post=16327"},{"taxonomy":"post_tag","embeddable":true,"href":"https:\/\/akdenizhaber.com.tr\/index.php\/wp-json\/wp\/v2\/tags?post=16327"}],"curies":[{"name":"wp","href":"https:\/\/api.w.org\/{rel}","templated":true}]}}