{"id":16324,"date":"2023-10-04T11:59:49","date_gmt":"2023-10-04T08:59:49","guid":{"rendered":"https:\/\/akdenizhaber.com.tr\/?p=16324"},"modified":"2023-10-04T11:59:50","modified_gmt":"2023-10-04T08:59:50","slug":"baskan-geyikci-din-gorevlileriyle-bir-araya-geldi","status":"publish","type":"post","link":"https:\/\/akdenizhaber.com.tr\/index.php\/2023\/10\/04\/baskan-geyikci-din-gorevlileriyle-bir-araya-geldi\/","title":{"rendered":"Ba\u015fkan Geyik\u00e7i, din g\u00f6revlileriyle bir araya geldi"},"content":{"rendered":"\n<p><\/p>\n\n\n\n<p>Finike Belediye Ba\u015fkan\u0131 Mustafa Geyik\u00e7i, &#8220;Camiler ve Din G\u00f6revlileri Haftas\u0131&#8221; dolay\u0131s\u0131yla Belediye Sosyal Tesisleri&#8217;nde ger\u00e7ekle\u015ftirilen programda din g\u00f6revlileriyle biraraya geldi. Ba\u015fkan Geyik\u00e7i, &#8220;Aziz milletimizin din\u00ee ve manevi hayat\u0131na hizmete adayan de\u011ferli din g\u00f6revlilerimizin Camiler ve Din G\u00f6revlileri Haftas\u0131\u2019n\u0131 kutluyorum&#8221; dedi.<\/p>\n\n\n\n<p>Finike&#8217;de, 1-7 Ekim tarihlerinde \u00e7e\u015fitli etkinliklerle kutlanan Camiler ve Din G\u00f6revlileri Haftas\u0131 dolay\u0131s\u0131yla, Ba\u015fkan Geyik\u00e7i bu y\u0131lda d\u00fczenlenen kahvalt\u0131 program\u0131nda din g\u00f6revlileriyle bir araya geldi. Belediye Sosyal Tesisleri&#8217;nde ger\u00e7ekle\u015ftirilen programa, Finike Belediye Ba\u015fkan\u0131 Mustafa Geyik\u00e7i ba\u015fta olmak \u00fczere, Finike Cumhuriyet Ba\u015fsavc\u0131s\u0131 Vahdet Gebe\u015f, Sahil G\u00fcvenlik Karakol Komutan\u0131 VekiliMelih Ba\u015faran, \u0130l\u00e7e Jandarma Komutan\u0131 Murat Kemal Karakaya, Finike Askerlik \u015eubesi Ba\u015fkan Vekili Mehmet Ali G\u00fcle\u00e7, Finike \u0130l\u00e7e M\u00fcft\u00fcs\u00fc Hasan K\u0131rkan, Belediye Meclis \u00fcyesi Arif Ertu\u011f ve il\u00e7e din g\u00f6revlileri kat\u0131ld\u0131. Camiler ve Din G\u00f6revlileri Haftas\u0131&#8217;n\u0131 kutlamak i\u00e7in bir araya geldiklerini dile getiren Finike Belediye Ba\u015fkan\u0131 Mustafa Geyik\u00e7i, g\u00fcn\u00fcn anlam ve \u00f6nemine dair yapt\u0131\u011f\u0131 konu\u015fmada, &#8220;Sayg\u0131de\u011fer din g\u00f6revlisi arkada\u015flar\u0131m, 1-7 Ekim tarihleri, camilerimizin ve din g\u00f6revlilerimizin \u00f6nemini vurgulamak ve onlara olan minnettarl\u0131\u011f\u0131m\u0131z\u0131 ifade etmek i\u00e7in \u00f6zel bir hafta. Camiler, toplumumuzun kalbinde yer alan kutsal mekanlard\u0131r. Bar\u0131\u015f, birlik ve dayan\u0131\u015fma duygular\u0131n\u0131 g\u00fc\u00e7lendirir. Din g\u00f6revlilerimiz ise vatanda\u015flar\u0131m\u0131z\u0131 ayd\u0131nlatmak, rehberlik etmek ve manevi ihtiya\u00e7lar\u0131m\u0131za cevap vermek i\u00e7in \u00e7al\u0131\u015fan de\u011ferli ki\u015filerdir. Bu vesileyle, camilerimizi ve din g\u00f6revlilerimizi desteklemek, onlarla dayan\u0131\u015fma i\u00e7inde olmak ve onlara minnettarl\u0131\u011f\u0131m\u0131z\u0131 g\u00f6stermek i\u00e7in bir araday\u0131z. Aziz milletimizin din\u00ee ve manevi hayat\u0131na hizmete adayan de\u011ferli din g\u00f6revlilerimizin Camiler ve Din G\u00f6revlileri Haftas\u0131\u2019n\u0131 kutluyorum. Hepinize bug\u00fcnk\u00fc program\u0131m\u0131za te\u015frif etti\u011finiz i\u00e7in ayr\u0131 ayr\u0131 te\u015fekk\u00fcr ediyor, g\u00f6revlerinde ba\u015far\u0131lar diliyorum&#8221; dedi.<\/p>\n\n\n\n<p>\u201cBU HAYATIN B\u0130R PAR\u00c7ASIYIZ\u201d<\/p>\n\n\n\n<p>Finike \u0130l\u00e7e M\u00fcft\u00fcs\u00fc Hasan K\u0131rkan ise yapt\u0131\u011f\u0131 konu\u015fmada, &#8220;Belediyemizin geleneksel hale getirdi\u011fi Camiler ve Din G\u00f6revlileri Haftas\u0131 m\u00fcnasebetiyle d\u00fczenlenen kahvalt\u0131 program\u0131ndan dolay\u0131 \u00e7ok te\u015fekk\u00fcr ediyoruz. Bukurumumuz ve de\u011ferli meslekta\u015flar\u0131m\u0131z a\u00e7\u0131s\u0131nda \u00f6nemli bir program. Bizlerin onure edilmesi, hat\u0131rlanmas\u0131, toplumda vazge\u00e7ilmez bir unsur oldu\u011fumuzun g\u00f6stergesidir. \u00c7\u00fcnk\u00fc bizler kurumsal olarak Misak-\u0131 Milli s\u0131n\u0131rlar\u0131 i\u00e7indeki her bir karde\u015fimize \u0130slam\u2019\u0131 anlatmak, \u00f6\u011fretmek, ger\u00e7ek bilgiyi aktarma vazifesini icra eden, do\u011fumla ba\u015flay\u0131p, \u00f6l\u00fcmle sonu\u00e7lan\u0131ncaya kadar, din hizmetleri y\u00fcr\u00fcten bir kurumun mensuplar\u0131y\u0131z. Biz bu hayat\u0131n bir par\u00e7as\u0131y\u0131z. Onun i\u00e7in Say\u0131n Ba\u015fkan\u0131m\u0131z ba\u015fta olmak \u00fczere bu programda eme\u011fi ge\u00e7en herkese ayr\u0131 ayr\u0131 \u015f\u00fckranlar\u0131m\u0131z\u0131 arz ediyoruz. Mevlid-i Nebihaftas\u0131 m\u00fcnasebetiyle, m\u00fcft\u00fcl\u00fck olarak, bir tak\u0131m programlar icra edece\u011fiz. Ba\u015fta Say\u0131n Ba\u015fkan\u0131m\u0131z Geyik\u00e7i olmak \u00fczere t\u00fcm misafirlerimizi de program\u0131m\u0131z\u0131 onurland\u0131rmas\u0131n\u0131 arzu ediyoruz\u201d dedi.<\/p>\n\n\n\n<p>Finike Belediyesi \/ B\u00fclten<\/p>\n","protected":false},"excerpt":{"rendered":"<p>Finike Belediye Ba\u015fkan\u0131 Mustafa Geyik\u00e7i, &#8220;Camiler ve Din G\u00f6revlileri Haftas\u0131&#8221; dolay\u0131s\u0131yla Belediye Sosyal Tesisleri&#8217;nde ger\u00e7ekle\u015ftirilen programda din g\u00f6revlileriyle biraraya geldi. Ba\u015fkan Geyik\u00e7i, &#8220;Aziz milletimizin din\u00ee <a href=\"https:\/\/akdenizhaber.com.tr\/index.php\/2023\/10\/04\/baskan-geyikci-din-gorevlileriyle-bir-araya-geldi\/\" class=\"read-more-link\">[more&#8230;]<\/a><\/p>\n","protected":false},"author":2,"featured_media":16325,"comment_status":"open","ping_status":"open","sticky":false,"template":"","format":"standard","meta":{"footnotes":""},"categories":[2],"tags":[],"class_list":["post-16324","post","type-post","status-publish","format-standard","has-post-thumbnail","hentry","category-gundem"],"_links":{"self":[{"href":"https:\/\/akdenizhaber.com.tr\/index.php\/wp-json\/wp\/v2\/posts\/16324","targetHints":{"allow":["GET"]}}],"collection":[{"href":"https:\/\/akdenizhaber.com.tr\/index.php\/wp-json\/wp\/v2\/posts"}],"about":[{"href":"https:\/\/akdenizhaber.com.tr\/index.php\/wp-json\/wp\/v2\/types\/post"}],"author":[{"embeddable":true,"href":"https:\/\/akdenizhaber.com.tr\/index.php\/wp-json\/wp\/v2\/users\/2"}],"replies":[{"embeddable":true,"href":"https:\/\/akdenizhaber.com.tr\/index.php\/wp-json\/wp\/v2\/comments?post=16324"}],"version-history":[{"count":0,"href":"https:\/\/akdenizhaber.com.tr\/index.php\/wp-json\/wp\/v2\/posts\/16324\/revisions"}],"wp:featuredmedia":[{"embeddable":true,"href":"https:\/\/akdenizhaber.com.tr\/index.php\/wp-json\/wp\/v2\/media\/16325"}],"wp:attachment":[{"href":"https:\/\/akdenizhaber.com.tr\/index.php\/wp-json\/wp\/v2\/media?parent=16324"}],"wp:term":[{"taxonomy":"category","embeddable":true,"href":"https:\/\/akdenizhaber.com.tr\/index.php\/wp-json\/wp\/v2\/categories?post=16324"},{"taxonomy":"post_tag","embeddable":true,"href":"https:\/\/akdenizhaber.com.tr\/index.php\/wp-json\/wp\/v2\/tags?post=16324"}],"curies":[{"name":"wp","href":"https:\/\/api.w.org\/{rel}","templated":true}]}}