{"id":16321,"date":"2023-10-04T11:59:13","date_gmt":"2023-10-04T08:59:13","guid":{"rendered":"https:\/\/akdenizhaber.com.tr\/?p=16321"},"modified":"2023-10-04T11:59:13","modified_gmt":"2023-10-04T08:59:13","slug":"baskan-bocek-herkesin-adayiyim-diye-yola-ciktim","status":"publish","type":"post","link":"https:\/\/akdenizhaber.com.tr\/index.php\/2023\/10\/04\/baskan-bocek-herkesin-adayiyim-diye-yola-ciktim\/","title":{"rendered":"Ba\u015fkan B\u00f6cek \u201cHerkesin Aday\u0131y\u0131m Diye Yola \u00c7\u0131kt\u0131m\u201d"},"content":{"rendered":"\n<p><\/p>\n\n\n\n<p>Antalya B\u00fcy\u00fck\u015fehir Belediye Ba\u015fkan\u0131 Muhittin B\u00f6cek, Konyaalt\u0131 Sanayici ve \u0130\u015f \u0130nsanlar\u0131 Derne\u011fi\u2019nin (KONYS\u0130AD) g\u00fcz d\u00f6nemi toplant\u0131s\u0131na kat\u0131ld\u0131. Antalya ve Konyaalt\u0131 i\u00e7in hayata ge\u00e7irdi\u011fi ve \u00f6n\u00fcm\u00fczdeki s\u00fcre\u00e7te yapaca\u011f\u0131 \u00e7al\u0131\u015fmalar\u0131 anlatan Ba\u015fkan B\u00f6cek, dernek \u00fcyelerinin sorular\u0131n\u0131 yan\u0131tlad\u0131.<\/p>\n\n\n\n<p>B\u00fcy\u00fck\u015fehir Belediyesi\u2019ni g\u00f6reve geldiklerinde 6 milyar 136 milyon bor\u00e7la devrald\u0131klar\u0131n\u0131 hat\u0131rlatan Ba\u015fkan Muhittin B\u00f6cek, \u201cHer \u015feye ra\u011fmen Antalya\u2019m\u0131z i\u00e7in \u00e7ivi \u00e7akan iktidar\u0131yla muhalefetiyle herkese t\u00fcm kurum kurulu\u015flara te\u015fekk\u00fcr ediyoruz. Sadece ASAT olarak 972 milyon 909 bin 182 Euro borcumuz vard\u0131. 4.5 y\u0131l oldu. \u015eu anda bu borcu 392 milyon 350 bin Euro\u2019ya d\u00fc\u015f\u00fcrd\u00fck. Bir taraftan tasarrufa gittik, \u00f6ncelikli hedefleri belirledik, yat\u0131r\u0131mlara da devam ettik\u201d dedi.<\/p>\n\n\n\n<p>LARA\u2019YA KARAVAN PARK<\/p>\n\n\n\n<p>Gerek Konyaalt\u0131\u2019nda gerek di\u011fer t\u00fcm il\u00e7elerde ne s\u00f6z verdiyse fazlas\u0131n\u0131 yapmaya devam ettiklerini ifade eden Ba\u015fkan B\u00f6cek, \u201cHi\u00e7 kimseyi \u00f6tekile\u015ftirmeden yapmam\u0131z gereken ne varsa onu yap\u0131yoruz\u201d dedi.\u201cKaravanlar en b\u00fcy\u00fck sorunlardan biriydi\u201d diyen Ba\u015fkan B\u00f6cek, Konyaalt\u0131\u2019na karavan park kazand\u0131rd\u0131klar\u0131n\u0131, ikinci karavan park\u0131n\u0131 da Lara\u2019da 9 bin metrekarelik bir alanda planlad\u0131klar\u0131n\u0131 aktard\u0131.<\/p>\n\n\n\n<p>4. ETAP RAYLI S\u0130STEM\u0130N 5.5 KM\u2019S\u0130 YERALTINDA<\/p>\n\n\n\n<p>3. Etap Rayl\u0131 sistemin Otogar-M\u00fcze etab\u0131n\u0131 9 ay gibi k\u0131sa bir s\u00fcrede tamamlad\u0131klar\u0131n\u0131 anlatan Ba\u015fkan B\u00f6cek, devlet eliyle yap\u0131l\u0131yor diye lanse edilen Meydan-Expo aras\u0131ndaki 2. Etap Rayl\u0131 Sistem Projesi\u2019nin 379 milyon liras\u0131n\u0131 da B\u00fcy\u00fck\u015fehir Belediyesi olarak \u00f6dediklerini aktard\u0131. 4. etap rayl\u0131 sistem projelerinin tamamland\u0131\u011f\u0131n\u0131, 5. Etab\u0131n proje \u00e7al\u0131\u015fmalar\u0131n\u0131n devam etti\u011fini kaydeden Ba\u015fkan Muhittin B\u00f6cek,\u201c4. etap rayl\u0131 sistem projemizde 6 adet batt\u0131 \u00e7\u0131kt\u0131 kav\u015fak yap\u0131yoruz. Falez Kav\u015fa\u011f\u0131 ve Antalyaspor Kav\u015fa\u011f\u0131\u2019n\u0131n \u00fczerini proje kapsam\u0131nda kapataca\u011f\u0131z orada bir ya\u015fam alan\u0131 olu\u015fturaca\u011f\u0131z. 4. etab\u0131n 5.5 km\u2019si yer alt\u0131ndan ge\u00e7iyor. Kundu\u2019ya kadar giden 5. etap rayl\u0131 sistemi i\u00e7in de bakanl\u0131ktan onay\u0131n\u0131 bekliyoruz\u201d diye konu\u015ftu.<\/p>\n\n\n\n<p>KAV\u015eAKLAR B\u0130ZDE OLSA HEMEN YAPACA\u011eIZ<\/p>\n\n\n\n<p>\u0130ller Bankas\u0131- Bat\u0131 \u00c7evreyolu aras\u0131ndaki b\u00f6l\u00fcm\u00fcn ve burada yap\u0131lmas\u0131 gereken kav\u015faklar\u0131n Karayollar\u0131 sorumlulu\u011funda oldu\u011funun alt\u0131n\u0131 \u00e7izen Ba\u015fkan B\u00f6cek, \u201cPlanlamayla ilgili sorunlar a\u015f\u0131ld\u0131. Ask\u0131 s\u00fcreci sonras\u0131 bu kav\u015faklar\u0131 karayollar\u0131 yapar diye d\u00fc\u015f\u00fcn\u00fcyoruz. Bizde olsa bu kav\u015faklar\u0131 an\u0131nda yapaca\u011f\u0131z\u201d dedi. Akdeniz \u00dcniversitesi\u2019ne 118 milyon lira yat\u0131r\u0131mla 1797 ara\u00e7l\u0131k otopark ve afet toplanma merkezi yapt\u0131klar\u0131n\u0131 aktaran Ba\u015fkan B\u00f6cek, \u00dcniversite Caddesi\u2019yle ilgili alan\u0131n planlamas\u0131n\u0131 tamamlad\u0131klar\u0131n\u0131 s\u00f6yledi. Meltem K\u00f6pr\u00fcl\u00fc Kav\u015fa\u011f\u0131\u2019n\u0131 yaparak hem ula\u015f\u0131m\u0131 rahatlatt\u0131klar\u0131n\u0131, hem de 33 milyon liran\u0131n belediye kasas\u0131nda kalmas\u0131n\u0131 sa\u011flad\u0131klar\u0131n\u0131 ifade eden Ba\u015fkan B\u00f6cek, Karaman ve Kuru\u00e7ay k\u00f6pr\u00fclerinide se\u00e7im vaatleri aras\u0131nda olmamas\u0131na ra\u011fmen 67 milyon liral\u0131k yat\u0131r\u0131mla yenilediklerini kaydetti.<\/p>\n\n\n\n<p>Kav\u015fak d\u00fczenlemeleri ve 101 kav\u015fakta uygulanan ak\u0131ll\u0131 ula\u015f\u0131m sistemiyle trafi\u011fi rahatlatmaya \u00e7al\u0131\u015ft\u0131klar\u0131n\u0131 belirten Ba\u015fkan B\u00f6cek, havaalan\u0131 yolu \u00fczerindeki C\u0131rn\u0131k k\u00f6pr\u00fcs\u00fcn\u00fc geni\u015fleterek 5 \u015feride \u00e7\u0131kard\u0131klar\u0131n\u0131 s\u00f6yledi.<\/p>\n\n\n\n<p>SAH\u0130L PROJES\u0130 YILDA 17 M\u0130LYON L\u0130RA ZARAR ED\u0130YOR<\/p>\n\n\n\n<p>Ba\u015fkan Muhittin B\u00f6cek, bug\u00fcn\u00fcn rakamlar\u0131yla yakla\u015f\u0131k 1 milyar 502 milyon liraya mal edilen ve i\u015fletmesi 28 y\u0131ll\u0131\u011f\u0131na verilen Konyaalt\u0131 Sahil Projesi\u2019nde peyzaj, temizlik, g\u00fcvenlik gibi i\u015flerin sorumlulu\u011funun B\u00fcy\u00fck\u015fehir Belediyesi\u2019ne b\u0131rak\u0131ld\u0131\u011f\u0131na dikkati \u00e7ekerek, \u201cSahilin bak\u0131m maliyeti bize y\u0131ll\u0131k 20 milyon lira. \u00dcz\u00fcnt\u00fcm \u015fudur y\u0131lda 17 milyon zarar eden bir sahil vard\u0131r. B\u00f6yle bir imzan\u0131n at\u0131lmamas\u0131 laz\u0131m.&nbsp; \u0130\u015fletmelerden de a\u015f\u0131r\u0131 derecede para toplanmaktad\u0131r. Sahilde yaz sezonunda 500, k\u0131\u015f sezonunda da 350 personel \u00e7al\u0131\u015ft\u0131r\u0131yoruz. Orada kuruyan a\u011faca kadar sorumluluk bizim. B\u00f6yle bir \u015fey d\u00fcnyada yoktur diye d\u00fc\u015f\u00fcn\u00fcyorum\u201d diye konu\u015ftu.<\/p>\n\n\n\n<p>Ba\u015fkan B\u00f6cek, bug\u00fcn\u00fcn rakamlar\u0131yla 905 milyon liraya mal olan Bo\u011fa\u00e7ay\u0131 Projesi\u2019nin de k\u0131y\u0131 erozyonu, sinek, sucul bitkiler sorunlar\u0131yla s\u00fcrekli g\u00fcndemde oldu\u011funu hat\u0131rlatt\u0131.<\/p>\n\n\n\n<p>\u00c7EVREY\u0130 KORUYACA\u011eIZ<\/p>\n\n\n\n<p>Ba\u015fkan B\u00f6cek, Frans\u0131z Kalk\u0131nma Ajans\u0131\u2019ndan (AFD) temin etikleri hazine garantisiz 59 milyon 850 bin Euro krediyle Hurma Ar\u0131tma \u00c7amuru Yakma ve Enerji Geri Kazan\u0131m Tesisi, Lara Ar\u0131tma kapasite art\u0131r\u0131m\u0131 gibi \u00e7evrenin korunmas\u0131n\u0131 sa\u011flayacak projeleri hayata ge\u00e7ireceklerini dile getirdi.<\/p>\n\n\n\n<p>HERKES\u0130N ADAYIYIM D\u0130YE YOLA \u00c7IKTIM<\/p>\n\n\n\n<p>B\u00fcy\u00fck\u015fehir Belediye Ba\u015fkanl\u0131\u011f\u0131\u2019na se\u00e7ilirken herkesten oy istedi\u011fini hat\u0131rlatan Ba\u015fkan B\u00f6cek, \u015funlar\u0131 s\u00f6yledi: \u201cOy isterken hep \u015funu s\u00f6ylemi\u015ftim.Kendisini T\u00fcrkiye Cumhuriyeti vatanda\u015f\u0131 kabul eden ezan\u0131m\u0131za, al bayra\u011f\u0131m\u0131za sahip \u00e7\u0131kan, Cumhuriyetimizin temel de\u011ferlerine inanan, Cumhuriyetimizin kurucusu Ata\u2019m\u0131z\u0131n yolunda y\u00fcr\u00fcyen herkesin aday\u0131y\u0131m demi\u015ftim. Yine Antalya\u2019n\u0131n Y\u00f6r\u00fck \u00e7ocu\u011fu olarak ayn\u0131 azim ve kararl\u0131l\u0131kla \u00e7al\u0131\u015fmalara devam edece\u011fim.\u201d<\/p>\n\n\n\n<p>Antalya B\u00fcy\u00fck\u015fehir Belediyesi \/ B\u00fclten<\/p>\n","protected":false},"excerpt":{"rendered":"<p>Antalya B\u00fcy\u00fck\u015fehir Belediye Ba\u015fkan\u0131 Muhittin B\u00f6cek, Konyaalt\u0131 Sanayici ve \u0130\u015f \u0130nsanlar\u0131 Derne\u011fi\u2019nin (KONYS\u0130AD) g\u00fcz d\u00f6nemi toplant\u0131s\u0131na kat\u0131ld\u0131. Antalya ve Konyaalt\u0131 i\u00e7in hayata ge\u00e7irdi\u011fi ve \u00f6n\u00fcm\u00fczdeki <a href=\"https:\/\/akdenizhaber.com.tr\/index.php\/2023\/10\/04\/baskan-bocek-herkesin-adayiyim-diye-yola-ciktim\/\" class=\"read-more-link\">[more&#8230;]<\/a><\/p>\n","protected":false},"author":2,"featured_media":16322,"comment_status":"open","ping_status":"open","sticky":false,"template":"","format":"standard","meta":{"footnotes":""},"categories":[2],"tags":[],"class_list":["post-16321","post","type-post","status-publish","format-standard","has-post-thumbnail","hentry","category-gundem"],"_links":{"self":[{"href":"https:\/\/akdenizhaber.com.tr\/index.php\/wp-json\/wp\/v2\/posts\/16321","targetHints":{"allow":["GET"]}}],"collection":[{"href":"https:\/\/akdenizhaber.com.tr\/index.php\/wp-json\/wp\/v2\/posts"}],"about":[{"href":"https:\/\/akdenizhaber.com.tr\/index.php\/wp-json\/wp\/v2\/types\/post"}],"author":[{"embeddable":true,"href":"https:\/\/akdenizhaber.com.tr\/index.php\/wp-json\/wp\/v2\/users\/2"}],"replies":[{"embeddable":true,"href":"https:\/\/akdenizhaber.com.tr\/index.php\/wp-json\/wp\/v2\/comments?post=16321"}],"version-history":[{"count":0,"href":"https:\/\/akdenizhaber.com.tr\/index.php\/wp-json\/wp\/v2\/posts\/16321\/revisions"}],"wp:featuredmedia":[{"embeddable":true,"href":"https:\/\/akdenizhaber.com.tr\/index.php\/wp-json\/wp\/v2\/media\/16322"}],"wp:attachment":[{"href":"https:\/\/akdenizhaber.com.tr\/index.php\/wp-json\/wp\/v2\/media?parent=16321"}],"wp:term":[{"taxonomy":"category","embeddable":true,"href":"https:\/\/akdenizhaber.com.tr\/index.php\/wp-json\/wp\/v2\/categories?post=16321"},{"taxonomy":"post_tag","embeddable":true,"href":"https:\/\/akdenizhaber.com.tr\/index.php\/wp-json\/wp\/v2\/tags?post=16321"}],"curies":[{"name":"wp","href":"https:\/\/api.w.org\/{rel}","templated":true}]}}