{"id":16318,"date":"2023-10-04T11:58:33","date_gmt":"2023-10-04T08:58:33","guid":{"rendered":"https:\/\/akdenizhaber.com.tr\/?p=16318"},"modified":"2023-10-04T11:58:34","modified_gmt":"2023-10-04T08:58:34","slug":"kepezde-anne-sutunun-onemi-hatirlatildi","status":"publish","type":"post","link":"https:\/\/akdenizhaber.com.tr\/index.php\/2023\/10\/04\/kepezde-anne-sutunun-onemi-hatirlatildi\/","title":{"rendered":"Kepez\u2019de, anne s\u00fct\u00fcn\u00fcn \u00f6nemi hat\u0131rlat\u0131ld\u0131\u00a0"},"content":{"rendered":"\n<p><\/p>\n\n\n\n<p>T\u00fcrkiye\u2019nin 6\u2019nc\u0131 Akdeniz ve Antalya\u2019n\u0131n ilk bebek dostu belediyesi Kepez Belediyesi, Emzirme Haftas\u0131\u2019nda Belediye Sa\u011fl\u0131k Merkezi\u2019ne gelen \u00e7ocuklar\u0131 rengarenk balonlarla g\u00fcl\u00fcmsetti.&nbsp; Anne ve anne adaylar\u0131n\u0131 da emzirme konusunda bro\u015f\u00fcrlerle bilgilendirdi.<\/p>\n\n\n\n<p>Kepez Belediyesi\u2019nin Sa\u011fl\u0131k Merkezi\u2019nde 1-7 Ekim Emzirme Haftas\u0131 dolay\u0131s\u0131yla etkinlik d\u00fczenlendi. T\u00fcrkiye\u2019nin 6\u2019nc\u0131 Akdeniz ve Antalya\u2019n\u0131n ilk bebek dostu belediyesi Kepez Belediyesi, Emzirme Haftas\u0131\u2019nda Belediye Sa\u011fl\u0131k Merkezi\u2019ne gelen \u00e7ocuklar\u0131 rengarenk balonlarla g\u00fcl\u00fcmsetti. Anne ve anne adaylar\u0131na anne s\u00fct\u00fcn\u00fcn \u00f6neminin anlat\u0131ld\u0131\u011f\u0131 bro\u015f\u00fcrler da\u011f\u0131t\u0131ld\u0131. Kepez Belediyesi Sa\u011fl\u0131k Merkezi \u00c7ocuk Sa\u011f\u0131l\u0131\u011f\u0131 ve Hastal\u0131klar\u0131 Uzman\u0131 Dr. Burak Emre Demir, \u2018Bebek Dostu Belediye\u2019 olarak emzirme konusunda anne ve anne adaylar\u0131na te\u015fvik ve bilin\u00e7lendirme \u00e7al\u0131\u015fmalar\u0131n\u0131n s\u00fcrd\u00fcr\u00fcld\u00fc\u011f\u00fcn\u00fc s\u00f6yledi. Demir, anne s\u00fct\u00fcn\u00fcn bebe\u011fin ruh ve v\u00fccut sa\u011fl\u0131\u011f\u0131 i\u00e7in en uygun besin oldu\u011funu, emzirmenin de anne adaylar\u0131n\u0131n sa\u011fl\u0131\u011f\u0131 i\u00e7in b\u00fcy\u00fck \u00f6nem arz etti\u011fini de s\u00f6zlerine ekledi.&nbsp;<\/p>\n\n\n\n<p>Kepez Belediyesi \/ B\u00fclten<\/p>\n","protected":false},"excerpt":{"rendered":"<p>T\u00fcrkiye\u2019nin 6\u2019nc\u0131 Akdeniz ve Antalya\u2019n\u0131n ilk bebek dostu belediyesi Kepez Belediyesi, Emzirme Haftas\u0131\u2019nda Belediye Sa\u011fl\u0131k Merkezi\u2019ne gelen \u00e7ocuklar\u0131 rengarenk balonlarla g\u00fcl\u00fcmsetti.&nbsp; Anne ve anne adaylar\u0131n\u0131 <a href=\"https:\/\/akdenizhaber.com.tr\/index.php\/2023\/10\/04\/kepezde-anne-sutunun-onemi-hatirlatildi\/\" class=\"read-more-link\">[more&#8230;]<\/a><\/p>\n","protected":false},"author":2,"featured_media":16319,"comment_status":"open","ping_status":"open","sticky":false,"template":"","format":"standard","meta":{"footnotes":""},"categories":[2],"tags":[],"class_list":["post-16318","post","type-post","status-publish","format-standard","has-post-thumbnail","hentry","category-gundem"],"_links":{"self":[{"href":"https:\/\/akdenizhaber.com.tr\/index.php\/wp-json\/wp\/v2\/posts\/16318","targetHints":{"allow":["GET"]}}],"collection":[{"href":"https:\/\/akdenizhaber.com.tr\/index.php\/wp-json\/wp\/v2\/posts"}],"about":[{"href":"https:\/\/akdenizhaber.com.tr\/index.php\/wp-json\/wp\/v2\/types\/post"}],"author":[{"embeddable":true,"href":"https:\/\/akdenizhaber.com.tr\/index.php\/wp-json\/wp\/v2\/users\/2"}],"replies":[{"embeddable":true,"href":"https:\/\/akdenizhaber.com.tr\/index.php\/wp-json\/wp\/v2\/comments?post=16318"}],"version-history":[{"count":0,"href":"https:\/\/akdenizhaber.com.tr\/index.php\/wp-json\/wp\/v2\/posts\/16318\/revisions"}],"wp:featuredmedia":[{"embeddable":true,"href":"https:\/\/akdenizhaber.com.tr\/index.php\/wp-json\/wp\/v2\/media\/16319"}],"wp:attachment":[{"href":"https:\/\/akdenizhaber.com.tr\/index.php\/wp-json\/wp\/v2\/media?parent=16318"}],"wp:term":[{"taxonomy":"category","embeddable":true,"href":"https:\/\/akdenizhaber.com.tr\/index.php\/wp-json\/wp\/v2\/categories?post=16318"},{"taxonomy":"post_tag","embeddable":true,"href":"https:\/\/akdenizhaber.com.tr\/index.php\/wp-json\/wp\/v2\/tags?post=16318"}],"curies":[{"name":"wp","href":"https:\/\/api.w.org\/{rel}","templated":true}]}}