{"id":16312,"date":"2023-10-03T11:12:01","date_gmt":"2023-10-03T08:12:01","guid":{"rendered":"https:\/\/akdenizhaber.com.tr\/?p=16312"},"modified":"2023-10-03T11:12:02","modified_gmt":"2023-10-03T08:12:02","slug":"memleket-partisi-manavgat-ilce-baskani-ali-sazan-yerel-secimde-iddialiyiz","status":"publish","type":"post","link":"https:\/\/akdenizhaber.com.tr\/index.php\/2023\/10\/03\/memleket-partisi-manavgat-ilce-baskani-ali-sazan-yerel-secimde-iddialiyiz\/","title":{"rendered":"Memleket Partisi Manavgat \u0130l\u00e7e Ba\u015fkan\u0131 Ali Sazan; \u2018Yerel Se\u00e7imde \u0130ddial\u0131y\u0131z\u2019"},"content":{"rendered":"\n<p><\/p>\n\n\n\n<p>Memleket Partisi Manavgat \u0130l\u00e7e Ba\u015fkan\u0131 Ali Sazan,&nbsp;\u00d6nce Memleket, \u00d6nce Manavgat slogan\u0131 ile yola \u00e7\u0131kt\u0131klar\u0131n\u0131 ifade ederek,\u201dGelece\u011fin Manavgat\u2019\u0131n\u0131 beraber in\u015fa edelim\u201d \u00e7a\u011fr\u0131s\u0131nda bulundu.<\/p>\n\n\n\n<p>31 Mart 2024 Pazar g\u00fcn\u00fc yap\u0131lacak olan yerel se\u00e7imlerle ilgili \u00e7al\u0131\u015fmalar\u0131n\u0131 s\u00fcrd\u00fcrd\u00fcklerini bu konuda y\u00f6netim kurulu \u00fcyeleri ile s\u00fcrekli toplant\u0131lar yaparak yol haritas\u0131 belirlediklerini belirten Memleket Partisi Manavgat \u0130l\u00e7e Ba\u015fkan\u0131 Ali Sazan \u00f6n\u00fcm\u00fczdeki y\u0131l yap\u0131lacak yerel se\u00e7imlerde Memleket Partisi olarak \u00fclke genelinde oldu\u011fu gibi Manavgat\u2019ta da iddial\u0131 olduklar\u0131n\u0131 s\u00f6yledi.<\/p>\n\n\n\n<p>\u0130l\u00e7e Ba\u015fkan\u0131 ali Sazan konu\u015fmas\u0131n\u0131 \u015f\u00f6yle s\u00fcrd\u00fcrd\u00fc;<\/p>\n\n\n\n<p>&nbsp;\u201cManavgat&#8217;\u0131n gelece\u011fini sahipsiz b\u0131rakmayal\u0131m. Bizim i\u00e7in her bir vatanda\u015f\u0131m\u0131z\u0131n refah\u0131 ve Manavgat&#8217;\u0131n kalk\u0131nmas\u0131 \u00f6nceliklidir. Memleketimizin potansiyelini en iyi \u015fekilde de\u011ferlendirip, adil ve s\u00fcrd\u00fcr\u00fclebilir bir \u015fekilde geli\u015ftirecek projelerle Manavgat&#8217;\u0131 daha ya\u015fanabilir ve b\u00fcy\u00fcyen bir \u015fehir haline getirece\u011fimize s\u00f6z veriyoruz. Bu anlamda 31 Mart 2024 y\u0131l\u0131nda yap\u0131lacak olan yerel se\u00e7imlere Memleket Partisi il\u00e7e te\u015fkilat\u0131 olarak tam kadro haz\u0131rl\u0131klar\u0131m\u0131z\u0131 s\u00fcrd\u00fcr\u00fcyoruz. Halk\u0131m\u0131zla projelerimizi \u00e7ok yak\u0131nda payla\u015faca\u011f\u0131z\u201d dedi.<\/p>\n\n\n\n<p>&nbsp;Manavgat\u2019\u0131n T\u00fcrkiye\u2019de k\u0131rk ilden daha b\u00fcy\u00fck oldu\u011funu,300 bine yak\u0131n bir n\u00fcfusu ile yaz aylar\u0131nda bu rakam\u0131n milyonlar\u0131 a\u015ft\u0131\u011f\u0131na dikkat \u00e7eken Memleket Partisi il\u00e7e ba\u015fkan\u0131 Ali Sazan \u201cN\u00fcfus oran\u0131na bakt\u0131\u011f\u0131n zaman gerekli yat\u0131r\u0131m\u0131 g\u00f6remiyoruz. \u00c7\u00fcnk\u00fc y\u00f6netici arkada\u015flar\u0131n bu konuda m\u00fccadelesi yok bir kere her \u015feyden \u00f6nce Yani Manavgat gerekli yat\u0131r\u0131m\u0131 alam\u0131yor. Ama biz de yerimiz bozulmas\u0131n, koltu\u011fumuz bozulmas\u0131n. Sessiz kal\u0131yor. Biz sessiz kalmayaca\u011f\u0131z. Biz halk\u0131n tepkisi neyse vatanda\u015f\u0131n tepkisi neyse onu direk yans\u0131taca\u011f\u0131z\u201d<\/p>\n\n\n\n<p>\u2018YEREL SE\u00c7\u0130MDE \u0130DD\u0130ALLIYIZ\u2019<\/p>\n\n\n\n<p>Muharrem \u0130nce liderli\u011findeki Memleket Partisinin, Manavgat\u2019ta yerel se\u00e7im start\u0131n\u0131 verdi\u011fini ifade eden Ali Sazan, \u201cMemleket Partisi olarak&nbsp; 2024 yerel se\u00e7imlerinde Manavgat Belediye ba\u015fkanl\u0131\u011f\u0131n\u0131 kazanmak istiyoruz, bu konuda halk\u0131m\u0131z\u0131n da b\u00fcy\u00fck destekleri var,2024 y\u0131l\u0131 Memleket Partisi olarak yerel se\u00e7imleri i\u00e7in \u00e7ok \u00f6nemli bir y\u0131l olacak\u201d diyerek s\u00f6zlerini tamamlad\u0131.<\/p>\n\n\n\n<p>(Haber Merkezi)<\/p>\n","protected":false},"excerpt":{"rendered":"<p>Memleket Partisi Manavgat \u0130l\u00e7e Ba\u015fkan\u0131 Ali Sazan,&nbsp;\u00d6nce Memleket, \u00d6nce Manavgat slogan\u0131 ile yola \u00e7\u0131kt\u0131klar\u0131n\u0131 ifade ederek,\u201dGelece\u011fin Manavgat\u2019\u0131n\u0131 beraber in\u015fa edelim\u201d \u00e7a\u011fr\u0131s\u0131nda bulundu. 31 Mart 2024 <a href=\"https:\/\/akdenizhaber.com.tr\/index.php\/2023\/10\/03\/memleket-partisi-manavgat-ilce-baskani-ali-sazan-yerel-secimde-iddialiyiz\/\" class=\"read-more-link\">[more&#8230;]<\/a><\/p>\n","protected":false},"author":2,"featured_media":16313,"comment_status":"open","ping_status":"open","sticky":false,"template":"","format":"standard","meta":{"footnotes":""},"categories":[2],"tags":[],"class_list":["post-16312","post","type-post","status-publish","format-standard","has-post-thumbnail","hentry","category-gundem"],"_links":{"self":[{"href":"https:\/\/akdenizhaber.com.tr\/index.php\/wp-json\/wp\/v2\/posts\/16312","targetHints":{"allow":["GET"]}}],"collection":[{"href":"https:\/\/akdenizhaber.com.tr\/index.php\/wp-json\/wp\/v2\/posts"}],"about":[{"href":"https:\/\/akdenizhaber.com.tr\/index.php\/wp-json\/wp\/v2\/types\/post"}],"author":[{"embeddable":true,"href":"https:\/\/akdenizhaber.com.tr\/index.php\/wp-json\/wp\/v2\/users\/2"}],"replies":[{"embeddable":true,"href":"https:\/\/akdenizhaber.com.tr\/index.php\/wp-json\/wp\/v2\/comments?post=16312"}],"version-history":[{"count":0,"href":"https:\/\/akdenizhaber.com.tr\/index.php\/wp-json\/wp\/v2\/posts\/16312\/revisions"}],"wp:featuredmedia":[{"embeddable":true,"href":"https:\/\/akdenizhaber.com.tr\/index.php\/wp-json\/wp\/v2\/media\/16313"}],"wp:attachment":[{"href":"https:\/\/akdenizhaber.com.tr\/index.php\/wp-json\/wp\/v2\/media?parent=16312"}],"wp:term":[{"taxonomy":"category","embeddable":true,"href":"https:\/\/akdenizhaber.com.tr\/index.php\/wp-json\/wp\/v2\/categories?post=16312"},{"taxonomy":"post_tag","embeddable":true,"href":"https:\/\/akdenizhaber.com.tr\/index.php\/wp-json\/wp\/v2\/tags?post=16312"}],"curies":[{"name":"wp","href":"https:\/\/api.w.org\/{rel}","templated":true}]}}