{"id":16307,"date":"2023-10-03T11:10:44","date_gmt":"2023-10-03T08:10:44","guid":{"rendered":"https:\/\/akdenizhaber.com.tr\/?p=16307"},"modified":"2023-10-03T11:10:45","modified_gmt":"2023-10-03T08:10:45","slug":"avcilara-ucretsiz-egitim-kursu","status":"publish","type":"post","link":"https:\/\/akdenizhaber.com.tr\/index.php\/2023\/10\/03\/avcilara-ucretsiz-egitim-kursu\/","title":{"rendered":"Avc\u0131lara \u00dccretsiz E\u011fitim Kursu"},"content":{"rendered":"\n<p><\/p>\n\n\n\n<p>Manavgat Avc\u0131lar ve At\u0131c\u0131lar Spor Kul\u00fcb\u00fc Derne\u011fi Ba\u015fkan\u0131 Engin T\u00fcter, derneklerinin her ge\u00e7en g\u00fcn \u00e7\u0131tas\u0131n\u0131 y\u00fckselterek \u00fcyelerine en iyi bi\u00e7imde hizmet vermeye devam ettiklerini s\u00f6yledi.<\/p>\n\n\n\n<p>Ele\u015ftirilere her zaman a\u00e7\u0131k olduklar\u0131n\u0131 ama asla dedikoduya kulak asmayacaklar\u0131n\u0131 ifade eden dernek ba\u015fkan\u0131 Engin T\u00fcter, Avc\u0131lar derne\u011finin \u00fcyelerinin birlik ve beraberlik i\u00e7ersin de yoluna devam etti\u011fini belirterek, \u00f6n\u00fcm\u00fczdeki g\u00fcnlerde Manavgat\u2019taki avc\u0131lar i\u00e7in \u0130l\u00e7e Halk e\u011fitim m\u00fcd\u00fcrl\u00fc\u011f\u00fcnde \u00fccretsiz avc\u0131l\u0131k e\u011fitim kursu ba\u015flatacaklar\u0131n\u0131 s\u00f6yledi.<\/p>\n\n\n\n<p>Ge\u00e7ti\u011fimiz g\u00fcnlerde \u0130l\u00e7e Halk E\u011fitim m\u00fcd\u00fcr\u00fc ile bir araya gelerek konuyu g\u00f6r\u00fc\u015ft\u00fcklerini ve destek ald\u0131klar\u0131n\u0131 da s\u00f6zlerine ekleyen Engin T\u00fcter konuyla ilgili \u015f\u00f6yle konu\u015ftu;<\/p>\n\n\n\n<p>\u201cAc\u0131l\u0131k ve At\u0131c\u0131l\u0131k Derne\u011fi olarak \u00f6ncelikle hedeflerimizin ba\u015f\u0131nda \u00fcyelerimizin huzur ve birlik i\u00e7erisinde ya\u015famalar\u0131n\u0131 sa\u011flamakt\u0131r. Biz y\u00f6netim kurulu olarak bu \u015fartlar \u00e7er\u00e7evesinde \u00e7al\u0131\u015fmalar\u0131m\u0131z\u0131 s\u00fcrd\u00fcr\u00fcyoruz. Bu ay i\u00e7erisinde \u0130l\u00e7e Halk e\u011fitim m\u00fcd\u00fcrl\u00fc\u011f\u00fcm\u00fczle ortakla\u015fa \u00fcyelerimize y\u00f6nelik \u00fccretsiz avc\u0131l\u0131k e\u011fitim kursu a\u00e7aca\u011f\u0131z. \u00dcyelerimiz d\u0131\u015f\u0131nda da vatanda\u015flar\u0131m\u0131zdan kat\u0131lmak isteyenlerin derne\u011fimizden geni\u015f bilgi alabilirler. Biz yolumuza emin ad\u0131mlarla devam ediyoruz, dedikodularla bizleri y\u0131pratmak isteyenlere selam olsun\u201d dedi.<\/p>\n\n\n\n<p>(Haber Merkezi)<\/p>\n","protected":false},"excerpt":{"rendered":"<p>Manavgat Avc\u0131lar ve At\u0131c\u0131lar Spor Kul\u00fcb\u00fc Derne\u011fi Ba\u015fkan\u0131 Engin T\u00fcter, derneklerinin her ge\u00e7en g\u00fcn \u00e7\u0131tas\u0131n\u0131 y\u00fckselterek \u00fcyelerine en iyi bi\u00e7imde hizmet vermeye devam ettiklerini s\u00f6yledi. <a href=\"https:\/\/akdenizhaber.com.tr\/index.php\/2023\/10\/03\/avcilara-ucretsiz-egitim-kursu\/\" class=\"read-more-link\">[more&#8230;]<\/a><\/p>\n","protected":false},"author":2,"featured_media":16308,"comment_status":"open","ping_status":"open","sticky":false,"template":"","format":"standard","meta":{"footnotes":""},"categories":[2],"tags":[],"class_list":["post-16307","post","type-post","status-publish","format-standard","has-post-thumbnail","hentry","category-gundem"],"_links":{"self":[{"href":"https:\/\/akdenizhaber.com.tr\/index.php\/wp-json\/wp\/v2\/posts\/16307","targetHints":{"allow":["GET"]}}],"collection":[{"href":"https:\/\/akdenizhaber.com.tr\/index.php\/wp-json\/wp\/v2\/posts"}],"about":[{"href":"https:\/\/akdenizhaber.com.tr\/index.php\/wp-json\/wp\/v2\/types\/post"}],"author":[{"embeddable":true,"href":"https:\/\/akdenizhaber.com.tr\/index.php\/wp-json\/wp\/v2\/users\/2"}],"replies":[{"embeddable":true,"href":"https:\/\/akdenizhaber.com.tr\/index.php\/wp-json\/wp\/v2\/comments?post=16307"}],"version-history":[{"count":0,"href":"https:\/\/akdenizhaber.com.tr\/index.php\/wp-json\/wp\/v2\/posts\/16307\/revisions"}],"wp:featuredmedia":[{"embeddable":true,"href":"https:\/\/akdenizhaber.com.tr\/index.php\/wp-json\/wp\/v2\/media\/16308"}],"wp:attachment":[{"href":"https:\/\/akdenizhaber.com.tr\/index.php\/wp-json\/wp\/v2\/media?parent=16307"}],"wp:term":[{"taxonomy":"category","embeddable":true,"href":"https:\/\/akdenizhaber.com.tr\/index.php\/wp-json\/wp\/v2\/categories?post=16307"},{"taxonomy":"post_tag","embeddable":true,"href":"https:\/\/akdenizhaber.com.tr\/index.php\/wp-json\/wp\/v2\/tags?post=16307"}],"curies":[{"name":"wp","href":"https:\/\/api.w.org\/{rel}","templated":true}]}}