{"id":16298,"date":"2023-10-03T11:08:27","date_gmt":"2023-10-03T08:08:27","guid":{"rendered":"https:\/\/akdenizhaber.com.tr\/?p=16298"},"modified":"2023-10-03T11:08:28","modified_gmt":"2023-10-03T08:08:28","slug":"buyuksehirden-antalya-deprem-master-plani-konferansi","status":"publish","type":"post","link":"https:\/\/akdenizhaber.com.tr\/index.php\/2023\/10\/03\/buyuksehirden-antalya-deprem-master-plani-konferansi\/","title":{"rendered":"B\u00fcy\u00fck\u015fehir\u2019den \u201cAntalya Deprem Master Plan\u0131 Konferans\u0131\u201d"},"content":{"rendered":"\n<p><\/p>\n\n\n\n<p>Antalya Deprem Master Plan\u0131 haz\u0131rl\u0131klar\u0131n\u0131 t\u00fcm h\u0131z\u0131yla s\u00fcrd\u00fcren Antalya B\u00fcy\u00fck\u015fehir Belediyesi, T\u00fcrkiye\u2019nin \u00f6nemli deprem uzmanlar\u0131n\u0131 \u2018Antalya Deprem Master Plan\u0131 Konferans\u0131\u2019nda bir araya getirdi. Konferans\u0131n a\u00e7\u0131l\u0131\u015f\u0131nda konu\u015fan Ba\u015fkan Muhittin B\u00f6cek, yap\u0131lan \u00e7al\u0131\u015fmalar\u0131n irdelenmesi ve bundan sonra yap\u0131lacaklarla ilgili yol haritas\u0131 olu\u015fturulmas\u0131 i\u00e7inT\u00fcrkiye Deprem Vakf\u0131 ile beraber \u00e7al\u0131\u015facaklar\u0131n s\u00f6yledi.<\/p>\n\n\n\n<p>Antalya B\u00fcy\u00fck\u015fehir Belediyesi \u201cAntalya Deprem Master Plan\u0131 Konferans\u0131&#8221; Atat\u00fcrk K\u00fclt\u00fcr Merkezi (AKM) Perge Salonu\u2019nda ger\u00e7ekle\u015ftirildi. Konferansa Antalya B\u00fcy\u00fck\u015fehir Belediye Ba\u015fkan\u0131 Muhittin B\u00f6cek, konu\u015fmac\u0131 olarak Prof. Dr. Mustafa Erdik, Prof. Dr. Ahmet Cevdet Yal\u00e7\u0131ner, Dr. Cem Demir ve\u00e7ok say\u0131da vatanda\u015f kat\u0131ld\u0131. Konferans\u0131n a\u00e7\u0131l\u0131\u015f\u0131nda konu\u015fan B\u00fcy\u00fck\u015fehir Belediye Ba\u015fkan\u0131 Muhittin B\u00f6cek,\u00fclke olarak bir\u00e7ok deprem felaketi ya\u015fad\u0131klar\u0131n\u0131, \u00f6l\u00fcmler, y\u0131k\u0131mlar ve unutulmas\u0131 m\u00fcmk\u00fcn olmayan b\u00fcy\u00fck ac\u0131lara tan\u0131kl\u0131k edildi\u011fine dikkat \u00e7ekti.<\/p>\n\n\n\n<p>DEPREMDE G\u00d6RD\u00dcKLER\u0130M\u0130Z\u0130 UNUTMAK M\u00dcMK\u00dcN DE\u011e\u0130L<\/p>\n\n\n\n<p>\u201811 ili etkileyen \u015eubat 2023 depremlerinde 50 binin \u00fczerinde insan\u0131m\u0131z\u0131 kaybettik\u2019 diyen Ba\u015fkan Muhittin B\u00f6cek, \u015funlar\u0131 s\u00f6yledi: \u201cY\u00fczbinlerce bina y\u0131k\u0131ld\u0131. T\u00fcm \u00fclkemizi derinden sarsan deprem b\u00f6lgesinde ya\u015fanan trajedi halen haf\u0131zalar\u0131m\u0131zda yerini korumaktad\u0131r. Kald\u0131 ki b\u00f6lgeye o d\u00f6nemde 6 defa gitmi\u015f biri olarak g\u00f6rd\u00fcklerimi unutmam m\u00fcmk\u00fcn de\u011fildir. \u2018Deprem de\u011fil tedbirsizlik \u00f6ld\u00fcr\u00fcr\u2019 s\u00f6z\u00fc hepimizin kabul etti\u011fi bir ger\u00e7ektir. B\u00fcy\u00fck\u015fehir Belediyesi olarak 2022 y\u0131l\u0131 May\u0131s ay\u0131nda, 6 \u015eubat depreminden \u00f6nce, kentimizde olabilecek bir deprem felaketinin etkilerini azaltmak ve kentimizi depreme kar\u015f\u0131 diren\u00e7li hale getirmek amac\u0131yla deprem master plan\u0131 \u00e7al\u0131\u015fmalar\u0131n\u0131 ba\u015flatt\u0131k.\u201d<\/p>\n\n\n\n<p>KISA, ORTA VE UZUN VADEDE YOL HAR\u0130TASI \u00c7\u0130Z\u0130LECEK<\/p>\n\n\n\n<p>Akdeniz \u00dcniversitesi yerle\u015fkesinde, 1797 ara\u00e7 kapasiteli otopark ve 54 bin metrekare alana sahip \u00e7ok ama\u00e7l\u0131 afet toplanma merkezini 2022 y\u0131l\u0131nda tamamlad\u0131klar\u0131n hat\u0131rlatan Ba\u015fkan Muhittin B\u00f6cek, \u201cPlanl\u0131, kurall\u0131, kimlikli kent Antalya\u201d vizyonumuz ile deprem master plan\u0131n\u0131, ilgili t\u00fcm payda\u015flar\u0131m\u0131zla Antalya\u2019n\u0131n 19 il\u00e7esini kapsayacak \u015fekilde haz\u0131rl\u0131yoruz. Deprem master plan\u0131n\u0131n ana verisini te\u015fkil eden yap\u0131 sto\u011fuenvanterinin 19 il\u00e7e belediyesinden temin edilmesi \u00e7al\u0131\u015fmalar\u0131 devam etmektedir. Yap\u0131lan \u00e7al\u0131\u015fmalar\u0131n irdelenmesi ve bundan sonra yap\u0131lacaklarla ilgili yol haritas\u0131 olu\u015fturulmas\u0131 i\u00e7in T\u00fcrkiye Deprem Vakf\u0131 ile beraber \u00e7al\u0131\u015f\u0131lmas\u0131 konusunda mutabakata var\u0131lm\u0131\u015ft\u0131r. Kentimiz i\u00e7in deprem ile ilgili k\u0131sa, orta ve uzun vadede al\u0131nacak t\u00fcm tedbir, karar ve uygulamalar\u0131 belirleyece\u011fiz\u201d diye konu\u015ftu.<\/p>\n\n\n\n<p>DEPREM R\u0130SK\u0130 D\u00dc\u015e\u00dcK KAR KAYBI \u00c7OK B\u00dcY\u00dcK OLUR<\/p>\n\n\n\n<p>Antalya Deprem Master Plan\u0131 Konferans\u0131\u2019n\u0131n ilk konu\u015fmac\u0131s\u0131 Prof. Dr. Mustafa Erdik,<\/p>\n\n\n\n<p>d\u00fcnya deprem riski haritas\u0131 \u00fczerinden deprem riski sonras\u0131nda olu\u015fabilecek ekonomik verileri a\u00e7\u0131klad\u0131. 6 \u015eubat depreminin 500 y\u0131ll\u0131k bir deprem oldu\u011funu aktaran Prof. Dr. Mustafa Erdik,&nbsp; \u201cOradaki hasar yakla\u015f\u0131k 100 milyar dolard\u0131. Y\u0131ll\u0131k ortalama hasar kayd\u0131 bak\u0131m\u0131ndan Antalya\u2019da deprem tehlikesi d\u00fc\u015f\u00fck olabilir ama envanter ortalamas\u0131 hasarda y\u00fcksek \u00e7\u0131kar. Mevcut de\u011ferlendirmelerde Antalya\u2019da 126 ile 346 milyon dolar y\u0131ll\u0131k bir hasar kayd\u0131 g\u00f6z\u00fck\u00fcyor\u201d dedi.<\/p>\n\n\n\n<p>DEPREM R\u0130SK\u0130N\u0130N AZALTILMASI<\/p>\n\n\n\n<p>Prof. Dr. Mustafa Erdik, Antalya\u2019da deprem riskinin azalt\u0131lmas\u0131na y\u00f6nelik hedefleri \u015f\u00f6yle a\u00e7\u0131klad\u0131: \u201cGenel hedefler can kayb\u0131n\u0131n \u00f6nlenmesi, binalarda sadece tamir edilebilecek \u00f6l\u00e7\u00fcde hasar olu\u015fmas\u0131, olu\u015fan bina hasarlar\u0131n\u0131n deprem sigortas\u0131 vas\u0131tas\u0131 ile yurt d\u0131\u015f\u0131 mali piyasalara transferi, kentsel altyap\u0131n\u0131n deprem sonras\u0131 \u00e7al\u0131\u015f\u0131r durumda kalmas\u0131, end\u00fcstrinin deprem sonras\u0131 sadece hafif hasar almas\u0131 ve kar kayb\u0131n\u0131n minimize edilmesi, tarihi ve k\u00fclt\u00fcrel varl\u0131klar\u0131n\u0131n korunmas\u0131, normal kentsel hayata en k\u0131sa zamanda d\u00f6n\u00fclmesidir.\u201d<\/p>\n\n\n\n<p>SAHA G\u00d6ZLEMLER\u0130N\u0130 ANLATTI<\/p>\n\n\n\n<p>\u2018\u015eubat 2023 depremleri ve deprem diren\u00e7li yap\u0131lar ile \u00f6neriler\u2019 konu ba\u015fl\u0131\u011f\u0131nda konu\u015fan Dr. Cem Demir, deprem sonras\u0131nda yap\u0131lan saha g\u00f6zlemlerini \u015fu \u015fekilde anlatt\u0131: \u201cTa\u015f\u0131y\u0131c\u0131 sistemler d\u00fczenlenmesinde sorunlar var. T\u00fcnel kal\u0131p betonarme binalar mimar\u0131 a\u00e7\u0131dan \u00e7ok tercih edilmese de depremde iyi performans g\u00f6sterdi. \u0130n\u015faat\u0131 devam eden binalarda da hasarlarla kar\u015f\u0131la\u015ft\u0131k. Zemin kaynakl\u0131 hasarlar olu\u015ftu. Yap\u0131sal olmayan hasarlar vard\u0131. K\u00fclt\u00fcrel miraslarda ciddi kay\u0131plar\u0131m\u0131z var. Altyap\u0131lar k\u0131smen daha iyiydi. Prefabrik yap\u0131larda ileri d\u00fczeyde hasarlar vard\u0131. \u0130ki b\u00fcy\u00fck depremin 9 saat arayla ya\u015fanmas\u0131, binalarda hasarlar\u0131n artmas\u0131na sebep olmu\u015ftur. Y\u0131k\u0131lan binalar\u0131n zay\u0131f yap\u0131sal \u00f6zellikler sergiledi\u011fi ve denetimin gerekti\u011fi gibi yap\u0131lmad\u0131\u011f\u0131 g\u00f6zlenmi\u015ftir.\u201d<\/p>\n\n\n\n<p>TSUNAM\u0130 \u0130ZLER\u0130<\/p>\n\n\n\n<p>\u2018D\u00fcnya\u2019dan Akdeniz\u2019e Tsunamiler, Fark\u0131ndal\u0131k, Haz\u0131rl\u0131k ve \u00d6nlemler\u2019 konulu sunumunu yapan Prof. Dr. Ahmet Cevdet Yal\u00e7\u0131ner, d\u00fcnyan\u0131n farkl\u0131 noktalar\u0131nda ya\u015fanan tsunami olaylar\u0131n\u0131 ve daha sonra yapt\u0131\u011f\u0131 izlenimleri payla\u015ft\u0131. Prof. Dr. Ahmet Cevdet Yal\u00e7\u0131ner, \u201cB\u00f6lgemizde s\u0131k s\u0131k deprem oluyor. Denizde olan faylar\u0131m\u0131z var. Ge\u00e7mi\u015fte Do\u011fu Akdeniz\u2019de k\u00fc\u00e7\u00fckte olsa tsunami olu\u015fturan depremler olmu\u015ftur. B\u00f6lgemizde \u0130zmir, Didim, Fethiye b\u00f6lgelerinde ya\u015fanan depremler sonras\u0131nda tsunami izleri bulunmu\u015ftur. Tsunami dere yataklar\u0131, d\u00fc\u015f\u00fck kotlu yerleri, plaj ile denize a\u00e7\u0131k k\u00fc\u00e7\u00fck kotlu b\u00f6lgeleri sever\u201d dedi.<\/p>\n\n\n\n<p>S\u0130M\u00dcLASYON TIRI<\/p>\n\n\n\n<p>Deprem bilincini artt\u0131rmak ve vatanda\u015flara deprem an\u0131nda sergilenmesi gereken do\u011fru davran\u0131\u015flar\u0131 g\u00f6stermek amac\u0131yla getirilen deprem sim\u00fclasyon t\u0131r\u0131nda kat\u0131l\u0131mc\u0131lara 7.4 b\u00fcy\u00fckl\u00fc\u011f\u00fcndeki Kocaeli Depremi&#8217;nin Sakarya&#8217;daki hissedili\u015fi ya\u015fat\u0131ld\u0131. Deprem sim\u00fclasyon t\u0131r\u0131nda depremi hisseden Co\u015fkun Ar\u0131t\u00fcrk, depremi sim\u00fclasyonda olsa \u00e7ok \u015fiddetli hissetti\u011fini, depreme kar\u015f\u0131 herkesin bilin\u00e7lenmesi gerekti\u011fini s\u00f6yledi.<\/p>\n\n\n\n<p>Antalya B\u00fcy\u00fck\u015fehir Belediyesi \/ B\u00fclten<\/p>\n","protected":false},"excerpt":{"rendered":"<p>Antalya Deprem Master Plan\u0131 haz\u0131rl\u0131klar\u0131n\u0131 t\u00fcm h\u0131z\u0131yla s\u00fcrd\u00fcren Antalya B\u00fcy\u00fck\u015fehir Belediyesi, T\u00fcrkiye\u2019nin \u00f6nemli deprem uzmanlar\u0131n\u0131 \u2018Antalya Deprem Master Plan\u0131 Konferans\u0131\u2019nda bir araya getirdi. Konferans\u0131n a\u00e7\u0131l\u0131\u015f\u0131nda <a href=\"https:\/\/akdenizhaber.com.tr\/index.php\/2023\/10\/03\/buyuksehirden-antalya-deprem-master-plani-konferansi\/\" class=\"read-more-link\">[more&#8230;]<\/a><\/p>\n","protected":false},"author":2,"featured_media":16299,"comment_status":"open","ping_status":"open","sticky":false,"template":"","format":"standard","meta":{"footnotes":""},"categories":[2],"tags":[],"class_list":["post-16298","post","type-post","status-publish","format-standard","has-post-thumbnail","hentry","category-gundem"],"_links":{"self":[{"href":"https:\/\/akdenizhaber.com.tr\/index.php\/wp-json\/wp\/v2\/posts\/16298","targetHints":{"allow":["GET"]}}],"collection":[{"href":"https:\/\/akdenizhaber.com.tr\/index.php\/wp-json\/wp\/v2\/posts"}],"about":[{"href":"https:\/\/akdenizhaber.com.tr\/index.php\/wp-json\/wp\/v2\/types\/post"}],"author":[{"embeddable":true,"href":"https:\/\/akdenizhaber.com.tr\/index.php\/wp-json\/wp\/v2\/users\/2"}],"replies":[{"embeddable":true,"href":"https:\/\/akdenizhaber.com.tr\/index.php\/wp-json\/wp\/v2\/comments?post=16298"}],"version-history":[{"count":0,"href":"https:\/\/akdenizhaber.com.tr\/index.php\/wp-json\/wp\/v2\/posts\/16298\/revisions"}],"wp:featuredmedia":[{"embeddable":true,"href":"https:\/\/akdenizhaber.com.tr\/index.php\/wp-json\/wp\/v2\/media\/16299"}],"wp:attachment":[{"href":"https:\/\/akdenizhaber.com.tr\/index.php\/wp-json\/wp\/v2\/media?parent=16298"}],"wp:term":[{"taxonomy":"category","embeddable":true,"href":"https:\/\/akdenizhaber.com.tr\/index.php\/wp-json\/wp\/v2\/categories?post=16298"},{"taxonomy":"post_tag","embeddable":true,"href":"https:\/\/akdenizhaber.com.tr\/index.php\/wp-json\/wp\/v2\/tags?post=16298"}],"curies":[{"name":"wp","href":"https:\/\/api.w.org\/{rel}","templated":true}]}}