{"id":16289,"date":"2023-10-03T11:05:32","date_gmt":"2023-10-03T08:05:32","guid":{"rendered":"https:\/\/akdenizhaber.com.tr\/?p=16289"},"modified":"2023-10-03T11:05:33","modified_gmt":"2023-10-03T08:05:33","slug":"tropik-meyveye-ilgi-artiyor","status":"publish","type":"post","link":"https:\/\/akdenizhaber.com.tr\/index.php\/2023\/10\/03\/tropik-meyveye-ilgi-artiyor\/","title":{"rendered":"Tropik Meyveye \u0130lgi Art\u0131yor"},"content":{"rendered":"\n<p><\/p>\n\n\n\n<p>Akdeniz \u00dcniversitesi \u00f6\u011fretim \u00fcyeleri taraf\u0131ndan \u201cBat\u0131 Antalya Tropik Meyve \u00dcretim ve Yayg\u0131nla\u015ft\u0131rma Projesi\u201d kapsam\u0131nda Kumluca\u2019da\u201cTropik Meyve Yeti\u015ftiricili\u011fi\u201d e\u011fitimi verildi.<\/p>\n\n\n\n<p>Akdeniz \u00dcniversitesi, Bat\u0131 Akdeniz Kalk\u0131nma Ajans\u0131, Antalya \u0130l Tar\u0131m ve Orman M\u00fcd\u00fcrl\u00fc\u011f\u00fc ve Kumluca Ticaret ve Sanayi Odas\u0131 (KUTSO) ortakl\u0131\u011f\u0131nda y\u00fcr\u00fct\u00fclen \u201cBat\u0131 Antalya Tropik Meyve \u00dcretim ve Yayg\u0131nla\u015ft\u0131rma Projesi\u201d kapsam\u0131nda \u201cTropik Meyve Yeti\u015ftiricili\u011fi\u201d e\u011fitimi d\u00fczenlendi.KUTSO konferans salonunda d\u00fczenlenen e\u011fitimde Akdeniz \u00dcniversitesi Bah\u00e7e Bitkileri B\u00f6l\u00fcm Ba\u015fkan\u0131 ve ayn\u0131 zamanda Bat\u0131 Antalya Tropik Meyve \u00dcretim ve Yayg\u0131nla\u015ft\u0131rma Projesi Koordinat\u00f6r\u00fc Prof. Dr. Hamide G\u00fcbb\u00fck \u201cTropik Meyve Yeti\u015ftiricili\u011finin \u00dclkemizdeki Durumu ve Akdeniz B\u00f6lgesinde Yeti\u015ftirilme \u015eans\u0131 Olan Tropik Meyveler\u201d, Proje Y\u00fcr\u00fct\u00fcc\u00fcs\u00fc Kumluca Meslek Y\u00fcksekokulu \u00d6\u011fr. G\u00f6r. Lokman Alt\u0131nkaya \u201cPitaya Yeti\u015ftiricili\u011fi\u201d, Elmal\u0131 Meslek Y\u00fcksekokulu \u00d6\u011fr. G\u00f6r. Dr. Recep Balk\u0131\u00e7 \u201cPassiflora Yeti\u015ftiricili\u011fi\u201d, Kumluca Meslek Y\u00fcksekokulu \u00d6\u011fr. G\u00f6r. Mustafa Can \u201cTropik Meyve Hastal\u0131k ve Zararl\u0131lar\u0131\u201d, Kumluca Meslek Y\u00fcksekokulu \u00f6\u011fretim \u00fcyesi Do\u00e7. Dr. \u00d6nder Sar\u0131do\u011fan \u201cTropik Meyvelerin Ekonomisi\u201d, Kumluca Meslek Y\u00fcksekokulu \u00d6\u011fr. G\u00f6r. Dr. \u00d6zer Co\u015fman \u201cTropik Meyvelerin Tedarik Zinciri ve Pazarlamas\u0131\u201d, Kumluca Meslek Y\u00fcksekokulu \u00d6\u011fr. G\u00f6r. Dr. Miray CelepliS\u00fctba\u015f \u201cTropik Meyvelerde Kad\u0131n Giri\u015fimcilerin Rol\u00fc\u201d, Elmal\u0131 Meslek Y\u00fcksekokulu \u00f6\u011fretim \u00fcyesi Do\u00e7. Dr. Adem Do\u011fan \u201cTropik Meyvelerin Muhafazas\u0131\u201d, Akdeniz \u00dcniversitesi G\u0131da G\u00fcvenli\u011fi ve Tar\u0131msal Ara\u015ft\u0131rmalar Merkezi M\u00fcd\u00fcr Yard\u0131mc\u0131s\u0131 Do\u00e7. Dr. C\u00fcneyt Din\u00e7er \u201cTropik Meyvelerin G\u0131da Sanayiinde Kullan\u0131m Olanaklar\u0131\u201d konular\u0131nda kat\u0131l\u0131mc\u0131lara bilgi verdi.D\u00fczenlenen e\u011fitime Kumluca Kaymakam\u0131 Tekin Erdemir, KUTSO Y\u00f6netim Kurulu Ba\u015fkan\u0131 Fahri \u00d6zen, Kumluca \u0130l\u00e7e Tar\u0131m M\u00fcd\u00fcr\u00fc \u0130sa Ak\u015fit, Kumluca Tar\u0131msal Kalk\u0131nma Kooperatifi Ba\u015fkan\u0131 Mustafa \u00c7etin, \u00fcreticiler ve \u00f6\u011frenciler kat\u0131ld\u0131.<\/p>\n\n\n\n<p>TROP\u0130K MEYVEYE \u0130LG\u0130 ARTIYOR<\/p>\n\n\n\n<p>Akdeniz \u00dcniversitesi Bah\u00e7e Bitkileri B\u00f6l\u00fcm Ba\u015fkan\u0131 ve ayn\u0131 zamanda Bat\u0131 Antalya Tropik Meyve \u00dcretim ve Yayg\u0131nla\u015ft\u0131rma Projesi Koordinat\u00f6r\u00fc Prof. Dr. Hamide G\u00fcbb\u00fck, &#8220;K\u00fcresel iklim de\u011fi\u015fikli\u011finin etkisiyle T\u00fcrkiye&#8217;de tropik meyve yeti\u015ftiricili\u011fine olan ilgi her ge\u00e7en g\u00fcn art\u0131yor. Bu durumun etkisiyle Akdeniz B\u00f6lgesi&#8217;nde baz\u0131 mikroklima alanlar\u0131nda muz ve avokado d\u0131\u015f\u0131nda passiflora, pitaya, mango, guava, longan, litchi, karambola gibi t\u00fcrlerin yeti\u015ftiricili\u011fine ticari olarak ba\u015flanm\u0131\u015ft\u0131r. Tropik meyve yeti\u015ftiricili\u011fine ba\u015flayan tar\u0131msal i\u015fletme say\u0131m\u0131z ve tar\u0131m alanlar\u0131 her ge\u00e7en g\u00fcn artmaktad\u0131r. \u00d6n\u00fcm\u00fczdeki y\u0131llarda b\u00f6lge ve \u00fclke ekonomisine katk\u0131s\u0131 b\u00fcy\u00fcyerek devam edecek. Bunun i\u00e7in konuyla ilgili e\u011fitimler \u00e7ok \u00f6nemli.\u201d ifadelerini kulland\u0131.<\/p>\n\n\n\n<p>KUMLUCA\u2019NIN POTANS\u0130YEL\u0130Y\u00dcKSEK<\/p>\n\n\n\n<p>A\u00e7\u0131l\u0131\u015f konu\u015fmalar\u0131nda s\u00f6z alan Kumluca Kaymakam\u0131 Tekin Erdemir, Kumluca \u00e7ift\u00e7isinin \u00fcretim konusunda \u00e7ok yetenekli oldu\u011funu belirterek tropik meyve \u00fcretiminde Kumluca\u2019n\u0131n potansiyelinin y\u00fcksek oldu\u011funu s\u00f6yledi.Tropik meyve \u00fcretiminin Bat\u0131 Antalya\u2019ya b\u00fcy\u00fck katk\u0131s\u0131 olaca\u011f\u0131n\u0131 s\u00f6yleyen KUTSO Ba\u015fkan\u0131 Fahri \u00d6zen \u201cDe\u011fi\u015fen iklim ve Pazar \u015fartlar\u0131 kar\u015f\u0131s\u0131nda \u00fcreticimizin pazar de\u011feri y\u00fcksek \u00fcr\u00fcnlere y\u00f6nelmesini \u00e7ift\u00e7ili\u011fin s\u00fcrd\u00fcr\u00fclebilir olmas\u0131 ad\u0131na \u00f6nemli buluyoruz. Tamamlanma a\u015famas\u0131na gelen Tropik Meyve \u00dcretim ve Yayg\u0131nla\u015ft\u0131rma Merkezimiz ile bu konuda do\u011fru ve kal\u0131c\u0131 bir alt yap\u0131 olu\u015fturuyoruz. \u0130lerleyen zamanda b\u00f6lgemiz tropik meyve \u00fcretiminde de ad\u0131ndan olduk\u00e7a s\u00f6z ettirecek.\u201d diye konu\u015ftu.\u00dcreticiler ad\u0131na s\u00f6z alan Kumluca Tar\u0131msal Kalk\u0131nma Kooperatifi Ba\u015fkan\u0131 Mustafa \u00c7etin de \u201cSon d\u00f6nemde kat\u0131ld\u0131\u011f\u0131m\u0131z uluslararas\u0131 tar\u0131m fuarlar\u0131nda g\u00f6rd\u00fck ki sebze \u00fcretimi d\u0131\u015f\u0131nda d\u00fcnyada pazar de\u011feri y\u00fcksek olan ve \u00fcreticimiz taraf\u0131ndan de\u011ferlendirilebilecek bir\u00e7ok tropik meyve var. B\u00f6yle \u00f6nemli bir projenin orta\u011f\u0131 olmaktan mutluluk&nbsp;duyuyoruz.\u201d \u015feklinde konu\u015ftu.<\/p>\n\n\n\n<p>\u0130lk g\u00fcn verilen teorik e\u011fitimin ard\u0131ndan ikinci g\u00fcn de sahada uygulamal\u0131 olarak tropik meyve yeti\u015ftiricili\u011fi&nbsp;anlat\u0131ld\u0131.<\/p>\n\n\n\n<p>Akdeniz \u00dcniversitesi Rekt\u00f6rl\u00fc\u011f\u00fc \/ B\u00fclten<\/p>\n","protected":false},"excerpt":{"rendered":"<p>Akdeniz \u00dcniversitesi \u00f6\u011fretim \u00fcyeleri taraf\u0131ndan \u201cBat\u0131 Antalya Tropik Meyve \u00dcretim ve Yayg\u0131nla\u015ft\u0131rma Projesi\u201d kapsam\u0131nda Kumluca\u2019da\u201cTropik Meyve Yeti\u015ftiricili\u011fi\u201d e\u011fitimi verildi. Akdeniz \u00dcniversitesi, Bat\u0131 Akdeniz Kalk\u0131nma Ajans\u0131, <a href=\"https:\/\/akdenizhaber.com.tr\/index.php\/2023\/10\/03\/tropik-meyveye-ilgi-artiyor\/\" class=\"read-more-link\">[more&#8230;]<\/a><\/p>\n","protected":false},"author":2,"featured_media":16290,"comment_status":"open","ping_status":"open","sticky":false,"template":"","format":"standard","meta":{"footnotes":""},"categories":[2],"tags":[],"class_list":["post-16289","post","type-post","status-publish","format-standard","has-post-thumbnail","hentry","category-gundem"],"_links":{"self":[{"href":"https:\/\/akdenizhaber.com.tr\/index.php\/wp-json\/wp\/v2\/posts\/16289","targetHints":{"allow":["GET"]}}],"collection":[{"href":"https:\/\/akdenizhaber.com.tr\/index.php\/wp-json\/wp\/v2\/posts"}],"about":[{"href":"https:\/\/akdenizhaber.com.tr\/index.php\/wp-json\/wp\/v2\/types\/post"}],"author":[{"embeddable":true,"href":"https:\/\/akdenizhaber.com.tr\/index.php\/wp-json\/wp\/v2\/users\/2"}],"replies":[{"embeddable":true,"href":"https:\/\/akdenizhaber.com.tr\/index.php\/wp-json\/wp\/v2\/comments?post=16289"}],"version-history":[{"count":0,"href":"https:\/\/akdenizhaber.com.tr\/index.php\/wp-json\/wp\/v2\/posts\/16289\/revisions"}],"wp:featuredmedia":[{"embeddable":true,"href":"https:\/\/akdenizhaber.com.tr\/index.php\/wp-json\/wp\/v2\/media\/16290"}],"wp:attachment":[{"href":"https:\/\/akdenizhaber.com.tr\/index.php\/wp-json\/wp\/v2\/media?parent=16289"}],"wp:term":[{"taxonomy":"category","embeddable":true,"href":"https:\/\/akdenizhaber.com.tr\/index.php\/wp-json\/wp\/v2\/categories?post=16289"},{"taxonomy":"post_tag","embeddable":true,"href":"https:\/\/akdenizhaber.com.tr\/index.php\/wp-json\/wp\/v2\/tags?post=16289"}],"curies":[{"name":"wp","href":"https:\/\/api.w.org\/{rel}","templated":true}]}}