{"id":16277,"date":"2023-10-02T12:40:47","date_gmt":"2023-10-02T09:40:47","guid":{"rendered":"https:\/\/akdenizhaber.com.tr\/?p=16277"},"modified":"2023-10-02T12:40:48","modified_gmt":"2023-10-02T09:40:48","slug":"abdurrahman-baskan-mhp-turk-siyasetinin-ulu-bir-cinaridir","status":"publish","type":"post","link":"https:\/\/akdenizhaber.com.tr\/index.php\/2023\/10\/02\/abdurrahman-baskan-mhp-turk-siyasetinin-ulu-bir-cinaridir\/","title":{"rendered":"Abdurrahman Ba\u015fkan &#8220;MHP T\u00fcrk siyasetinin ulu bir \u00e7\u0131nar\u0131d\u0131r\u201d"},"content":{"rendered":"\n<p><\/p>\n\n\n\n<p>Antalya- Milliyet\u00e7i Hareket Partisi (MHP) Antalya Milletvekili Abdurrahman Ba\u015fkan, Milliyet\u00e7i Hareket Partisi&#8217;nin; varl\u0131\u011f\u0131n\u0131 korudu\u011fu m\u00fcddet\u00e7e, varl\u0131\u011f\u0131n\u0131 T\u00fcrk varl\u0131\u011f\u0131na adayan T\u00fcrk milliyet\u00e7ilerinin de hi\u00e7bir kirli emele ge\u00e7it vermeyeceklerini bildirdi.<\/p>\n\n\n\n<p>MHP Antalya Milletvekili Abdurrahman Ba\u015fkan, ge\u00e7ti\u011fimiz g\u00fcn ger\u00e7ekle\u015ftirilen Antalya \u0130l Kongresinde yapt\u0131\u011f\u0131 konu\u015fmada, \u201cBizim ad\u0131m\u0131z Milliyet\u00e7i Harekettir ve Milliyet\u00e7i Hareket, oy oranlar\u0131yla de\u011ferlendirilemeyen, \u00f6zg\u00fcl a\u011f\u0131rl\u0131\u011f\u0131 y\u00fcksek, milli siyasetin merkez \u00fcss\u00fc bir partidir. Partimiz, g\u00fcc\u00fcn\u00fc milletinden alan bir siyasal d\u00fc\u015f\u00fcncenin savunucusu, T\u00fcrk siyasetinin ulu bir \u00e7\u0131nar\u0131d\u0131r\u201d dedi.<\/p>\n\n\n\n<p>MHP Genel Ba\u015fkan Yard\u0131mc\u0131s\u0131, \u0130stanbul Milletvekili Prof.Dr.E.Semih Yal\u00e7\u0131n\u2019\u0131n Divan Ba\u015fkanl\u0131\u011f\u0131 yapt\u0131\u011f\u0131, Milliyet\u00e7i Hareket Partisi Antalya \u0130l Ba\u015fkanl\u0131\u011f\u0131 14. Ola\u011fan Kongresi; MYK \u00dcyeleri, Milletvekilleri, \u0130l Ocak Ba\u015fkan\u0131, \u0130l\u00e7e Ba\u015fkanlar\u0131, Belediye Meclis \u00dcyeleri, Belediye Ba\u015fkanlar\u0131, STK temsilcileri ve partililerin kat\u0131l\u0131mlar\u0131 ile ger\u00e7ekle\u015ftirildi.&nbsp;<\/p>\n\n\n\n<p>N\u0130CE BEDELLER \u00d6DEND\u0130&nbsp;<\/p>\n\n\n\n<p>&#8220;De\u011ferli Dava Arkada\u015flar\u0131m; ilham\u0131n\u0131, Orhun Yaz\u0131tlar\u0131ndaki ta\u015flara kaz\u0131nan, T\u00fcrk milliyet\u00e7ili\u011fi anlay\u0131\u015f\u0131ndan alan Milliyet\u00e7i Hareket Partimiz, 9 \u015eubat 1969 tarihi Adana Kongresi\u2019nden bu yana ge\u00e7en 54 y\u0131ll\u0131k siyasi \u00f6mr\u00fcnde, devletini ve milletini \u00f6nceleyen siyasi anlay\u0131\u015f\u0131 \u00e7er\u00e7evesinde nice badireler atlatm\u0131\u015f, nice bedeller \u00f6demi\u015ftir.<\/p>\n\n\n\n<p>Ve inanc\u0131m\u0131z odur ki canlar\u0131yla bedel \u00f6deyen \u015fehitlerimiz, \u00f6lmemi\u015ftir; y\u00fcce Allah\u2019\u0131n buyurdu\u011fu \u00fczere onlar diridirler. &nbsp;<\/p>\n\n\n\n<p>Bu nedenle; bug\u00fcn bu salonda sadece bizler yokuz, bug\u00fcn bu salonda manevi varl\u0131klar\u0131 hep yan\u0131m\u0131zda, olan ba\u015fta merhum Ba\u015fbu\u011fumuz Alparslan T\u00fcrke\u015f olmak \u00fczere, \u0130mdat Sar\u0131ca\u2019dan, Mehmet Gencer\u2019e, Murat \u00c7al\u0131\u015fkan\u2019dan, Sefa Ayd\u0131n Baltac\u0131o\u011flu\u2019na, Do\u011fan Ta\u015foluk\u2019tan Kemal Fedai Co\u015fkuner\u2019e kutlu davam\u0131z i\u00e7in canlar\u0131n\u0131 hi\u00e7e sayarak \u015fahadet \u015ferbetini i\u00e7en ba\u015fta Antalyal\u0131 \u015fehitlerimiz olmak \u00fczere t\u00fcm \u015fehitlerimiz bizlerle birliktedir.<\/p>\n\n\n\n<p>\u00dcLK\u00dcC\u00dc HAREKETE YAKI\u015eIR KONGRELER<\/p>\n\n\n\n<p>Hepinizin bildi\u011fi \u00fczere, Say\u0131n Genel Ba\u015fkan\u0131m\u0131z\u0131n talimatlar\u0131yla ba\u015flayan kongre takvimiz, Antalya\u2019m\u0131zda 1 Eyl\u00fcl 2023 tarihinde Aksu il\u00e7emizde ba\u015flam\u0131\u015f olup, 9 Eyl\u00fcl 2023 tarihinde Gazipa\u015fa il\u00e7e kongremizle sonu\u00e7lanm\u0131\u015ft\u0131r.<\/p>\n\n\n\n<p>\u0130l\u00e7e kongrelerimiz \u00dclk\u00fcc\u00fc Hareket\u2019e yak\u0131\u015f\u0131r \u015fekilde, birlik ve beraberlik havas\u0131nda, dava \u015fuuruyla, parti disiplini i\u00e7erisinde tamamlanm\u0131\u015ft\u0131r.<\/p>\n\n\n\n<p>Bug\u00fcn ise, partimizin 14. Ola\u011fan \u0130l Kongresini sizlerin kat\u0131l\u0131mlar\u0131yla ayn\u0131 heyecan ve birlik beraberlik i\u00e7erisinde tamamlayaca\u011f\u0131z.<\/p>\n\n\n\n<p>\u00dclke genelinde t\u00fcm kongrelerimiz tamamland\u0131ktan sonra, Genel Ba\u015fkan\u0131m\u0131z Sn. Devlet Bah\u00e7eli Beyefendi taraf\u0131ndan kamuoyu ile payla\u015f\u0131lan 17 Mart 2024 tarihinde de 14. Ola\u011fan B\u00fcy\u00fck Kurultay\u0131m\u0131z\u0131 Cenab\u0131 Allah\u2019\u0131n izni ile ger\u00e7ekle\u015ftirece\u011fiz.<\/p>\n\n\n\n<p>Milliyet\u00e7i Hareket Partisi, milletini sadece se\u00e7im d\u00f6nemleri hat\u0131rlayan de\u011fil, aksine y\u0131l\u0131n her vakti her an\u0131 aziz milletimizle bulu\u015fan ve onlardan kopmayan bir anlay\u0131\u015fa sahiptir.<\/p>\n\n\n\n<p>Bu anlay\u0131\u015fla, Sn. Genel Ba\u015fkan\u0131m\u0131z\u0131n talimatlar\u0131 do\u011frultusunda Genel Ba\u015fkan Yard\u0131mc\u0131m\u0131z Sn. Edip Semih Yal\u00e7\u0131n Ba\u015fkan\u0131m\u0131z\u0131n koordinesinde \u201cB\u00f6lge \u0130sti\u015fare Toplant\u0131lar\u0131\u201d, &nbsp;\u201cAd\u0131m Ad\u0131m 2023, \u0130l \u0130l Anadolu\u201d, &nbsp;\u201cAd\u0131m Ad\u0131m 2023; \u0130l\u00e7e \u0130l\u00e7e Anlatma ve Ayd\u0131nlatma Toplant\u0131lar\u0131\u201d, \u201cAd\u0131m Ad\u0131m 2023; Ahilerle G\u00fcn\u00fcn\u00fcz Bereketli Olsun\u201d &nbsp;temal\u0131 \u00e7al\u0131\u015fmalar\u0131m\u0131z\u0131 ger\u00e7ekle\u015ftirdik.<\/p>\n\n\n\n<p>TEK Y\u00dcREK OLMU\u015e T\u00dcRK\u0130YE&nbsp;<\/p>\n\n\n\n<p>Kongre takvimimiz devam ederken di\u011fer yandan yine Say\u0131n Genel Ba\u015fkan\u0131m\u0131z\u0131n talimatlar\u0131yla, \u201c2024\u2019e Do\u011fru, Diyar Diyar Anadolu\u201d temas\u0131yla 31 Mart 2024 tarihinde yap\u0131lacak olan yerel se\u00e7imlere haz\u0131rlanmaktay\u0131z.<\/p>\n\n\n\n<p>\u00c7\u00fcnk\u00fc \u015fimdi vakit, \u201cMerkezden Yerele Tek Y\u00fcrek Olmu\u015f T\u00fcrkiye\u201d vaktidir.<\/p>\n\n\n\n<p>14 ve 28 May\u0131s Cumhurba\u015fkanl\u0131\u011f\u0131 ve Milletvekili Genel Se\u00e7imlerinde, aziz milletimiz g\u00fcven ve istikrardan yana tav\u0131r alm\u0131\u015f ve gelece\u011fini Cumhur \u0130ttifak\u0131\u2019na emanet ederek g\u00fcvencini ortaya koymu\u015ftur.&nbsp;<\/p>\n\n\n\n<p>Elleri k\u0131nal\u0131, a\u011fz\u0131 dual\u0131 analar\u0131n do\u011furdu T\u00fcrk \u00e7ocuklar\u0131 kandilin gayri me\u015fru \u00e7ocuklar\u0131na bu \u00fclkeyi \u00e7ok \u015f\u00fck\u00fcr teslim etmedi ve etmeyecektir.&nbsp;<\/p>\n\n\n\n<p>Bizler; her se\u00e7im d\u00f6nemi siyasi \u00e7\u0131kar u\u011fruna de\u011ferlerimizi kirleten siyaset simsarlar\u0131na kar\u015f\u0131, Anadolu irfan\u0131n\u0131n sesiyle seslenip; \u201cVatan kaybettikten sonra neyin siyasetini yapaca\u011f\u0131z!\u201d uyar\u0131s\u0131nda bulunan Genel Ba\u015fkan\u0131m\u0131z Sn. Devlet Bah\u00e7eli Beyefendi\u2019nin emrinde, hi\u00e7bir d\u00fcnyevi menfaate hevese tenezz\u00fcl etmeden kutlu davam\u0131z i\u00e7in m\u00fccadele ettik ve etmeye de devam edece\u011fiz.<\/p>\n\n\n\n<p>Se\u00e7im s\u00fcrecinde t\u00fcm adaylar\u0131m\u0131z\u0131n yan\u0131 s\u0131ra il \u2013 il\u00e7e te\u015fkilatlar\u0131m\u0131z ve \u00dclk\u00fc Ocaklar\u0131m\u0131z\u0131n her kademesinde g\u00f6rev olan alan dava arkada\u015flar\u0131m\u0131zla birlikte son derece uyumlu ve birlik beraberlik i\u00e7erinde bir \u00e7al\u0131\u015fma y\u00fcr\u00fctt\u00fck.<\/p>\n\n\n\n<p>Ve bunun neticesinde baz\u0131 partilerin MHP Antalya\u2019da 1 tane bile vekil \u00e7\u0131karamayacak diye yapt\u0131\u011f\u0131 propagandaya ra\u011fmen bizler Antalya\u2019dan 2 vekil \u00e7\u0131karmay\u0131 ba\u015farm\u0131\u015f olsak bile buna sevinmek yerine neden 3 vekil \u00e7\u0131kartamad\u0131\u011f\u0131m\u0131za \u00fcz\u00fcld\u00fc\u011f\u00fcm\u00fcz\u00fc belirtmek isterim. &nbsp;<\/p>\n\n\n\n<p>MHP M\u0130LL\u0130 S\u0130YASET\u0130N MERKEZ \u00dcSS\u00dc&nbsp;<\/p>\n\n\n\n<p>Bizim ad\u0131m\u0131z Milliyet\u00e7i Harekettir ve Milliyet\u00e7i Hareket, oy oranlar\u0131yla de\u011ferlendirilemeyen, \u00f6zg\u00fcl a\u011f\u0131rl\u0131\u011f\u0131 y\u00fcksek, milli siyasetin merkez \u00fcss\u00fc bir partidir.<\/p>\n\n\n\n<p>Partimiz, g\u00fcc\u00fcn\u00fc milletinden alan bir siyasal d\u00fc\u015f\u00fcncenin savunucusu, T\u00fcrk siyasetinin ulu bir \u00e7\u0131nar\u0131d\u0131r.<\/p>\n\n\n\n<p>\u015eimdi \u00f6n\u00fcm\u00fczde 31 Mart se\u00e7imleri var.<\/p>\n\n\n\n<p>\u0130lk hedef olarak se\u00e7imlerinde belediyelerimizin say\u0131s\u0131n\u0131 artt\u0131raca\u011f\u0131z ve 2028 se\u00e7imlerinden vekil say\u0131m\u0131z\u0131 da en az 5 vekile \u00e7\u0131karmak i\u00e7in \u00e7al\u0131\u015fmalar\u0131m\u0131za \u015fimdiden ba\u015flam\u0131\u015f buldu\u011fumuzu da ifade etmek istiyorum.&nbsp;<\/p>\n\n\n\n<p>Genel Ba\u015fkan\u0131m\u0131z Sn. Devlet Bah\u00e7eli Beyefendinin liderli\u011finde partimiz.&nbsp;<\/p>\n\n\n\n<p>T\u00fcrk devletinin bekas\u0131, &nbsp;T\u00fcrk milletinin gelece\u011fi i\u00e7in samimiyetle verdi\u011fi m\u00fccadele de her zaman devam edecektir.&nbsp;<\/p>\n\n\n\n<p>Son s\u00f6z olarak ifade etmek istiyorum ki; Anadolu co\u011frafyas\u0131n\u0131 vatan haline getiren, her bir kar\u0131\u015f\u0131n\u0131 kanlar\u0131yla yo\u011furan ecdad\u0131n, \u015f\u00fchedan\u0131n miras\u0131 \u00fcst\u00fcnde, ter\u00f6r a\u011fz\u0131yla konu\u015fup T\u00fcrk Silahl\u0131 Kuvvetlerimize iftira atanlar\u0131n, ne siyasette ne de vatan topraklar\u0131nda yeri yoktur ve olmayacakt\u0131r.<\/p>\n\n\n\n<p>Milliyet\u00e7i Hareket Partisi; varl\u0131\u011f\u0131n\u0131 korudu\u011fu m\u00fcddet\u00e7e, varl\u0131\u011f\u0131n\u0131 T\u00fcrk varl\u0131\u011f\u0131na adayan T\u00fcrk milliyet\u00e7ileri de hi\u00e7bir kirli emele ge\u00e7it vermeyecektir.&nbsp;<\/p>\n\n\n\n<p>Kongremizin bir kez daha hay\u0131rlara vesile olmas\u0131n\u0131 diliyor, hepinizi sayg\u0131lar\u0131mla selaml\u0131yorum.<\/p>\n\n\n\n<p>Ne Mutlu&nbsp;T\u00fcrk\u00fcm&nbsp;Diyene!&#8221;<\/p>\n\n\n\n<p>Antalya Milliyet\u00e7i Hareket Partisi \/ B\u00fclten<\/p>\n","protected":false},"excerpt":{"rendered":"<p>Antalya- Milliyet\u00e7i Hareket Partisi (MHP) Antalya Milletvekili Abdurrahman Ba\u015fkan, Milliyet\u00e7i Hareket Partisi&#8217;nin; varl\u0131\u011f\u0131n\u0131 korudu\u011fu m\u00fcddet\u00e7e, varl\u0131\u011f\u0131n\u0131 T\u00fcrk varl\u0131\u011f\u0131na adayan T\u00fcrk milliyet\u00e7ilerinin de hi\u00e7bir kirli emele <a href=\"https:\/\/akdenizhaber.com.tr\/index.php\/2023\/10\/02\/abdurrahman-baskan-mhp-turk-siyasetinin-ulu-bir-cinaridir\/\" class=\"read-more-link\">[more&#8230;]<\/a><\/p>\n","protected":false},"author":2,"featured_media":16278,"comment_status":"open","ping_status":"open","sticky":false,"template":"","format":"standard","meta":{"footnotes":""},"categories":[2],"tags":[],"class_list":["post-16277","post","type-post","status-publish","format-standard","has-post-thumbnail","hentry","category-gundem"],"_links":{"self":[{"href":"https:\/\/akdenizhaber.com.tr\/index.php\/wp-json\/wp\/v2\/posts\/16277","targetHints":{"allow":["GET"]}}],"collection":[{"href":"https:\/\/akdenizhaber.com.tr\/index.php\/wp-json\/wp\/v2\/posts"}],"about":[{"href":"https:\/\/akdenizhaber.com.tr\/index.php\/wp-json\/wp\/v2\/types\/post"}],"author":[{"embeddable":true,"href":"https:\/\/akdenizhaber.com.tr\/index.php\/wp-json\/wp\/v2\/users\/2"}],"replies":[{"embeddable":true,"href":"https:\/\/akdenizhaber.com.tr\/index.php\/wp-json\/wp\/v2\/comments?post=16277"}],"version-history":[{"count":0,"href":"https:\/\/akdenizhaber.com.tr\/index.php\/wp-json\/wp\/v2\/posts\/16277\/revisions"}],"wp:featuredmedia":[{"embeddable":true,"href":"https:\/\/akdenizhaber.com.tr\/index.php\/wp-json\/wp\/v2\/media\/16278"}],"wp:attachment":[{"href":"https:\/\/akdenizhaber.com.tr\/index.php\/wp-json\/wp\/v2\/media?parent=16277"}],"wp:term":[{"taxonomy":"category","embeddable":true,"href":"https:\/\/akdenizhaber.com.tr\/index.php\/wp-json\/wp\/v2\/categories?post=16277"},{"taxonomy":"post_tag","embeddable":true,"href":"https:\/\/akdenizhaber.com.tr\/index.php\/wp-json\/wp\/v2\/tags?post=16277"}],"curies":[{"name":"wp","href":"https:\/\/api.w.org\/{rel}","templated":true}]}}