{"id":16274,"date":"2023-10-02T12:39:48","date_gmt":"2023-10-02T09:39:48","guid":{"rendered":"https:\/\/akdenizhaber.com.tr\/?p=16274"},"modified":"2023-10-02T12:39:48","modified_gmt":"2023-10-02T09:39:48","slug":"hakli-olmak","status":"publish","type":"post","link":"https:\/\/akdenizhaber.com.tr\/index.php\/2023\/10\/02\/hakli-olmak\/","title":{"rendered":"Hakl\u0131 Olmak"},"content":{"rendered":"\n<p>G\u00fcnayd\u0131n g\u00fczel insanlar\u2026<br>G\u00fcn\u00fcm\u00fcz d\u00fcnyas\u0131nda, hakl\u0131 olma ihtiyac\u0131 ve anla\u015f\u0131lmak aras\u0131nda bir denge kurmak \u00e7o\u011fu zaman zor olabilir. \u0130li\u015fkilerde, hakl\u0131 olmay\u0131 savunma mekanizmas\u0131 olarak kullan\u0131r\u0131z. Ancak, bu durumun sosyal ili\u015fkilerimiz \u00fczerinde olumsuz bir etkisi olabilir. Hakl\u0131 olma ihtiyac\u0131 genellikle kendimizi savunma ihtiyac\u0131ndan kaynaklan\u0131r. Kendi g\u00f6r\u00fc\u015flerimizin do\u011frulu\u011funu kan\u0131tlayarak, ba\u015fkalar\u0131n\u0131n bizi yanl\u0131\u015f anlamas\u0131n\u0131 veya haks\u0131z yere su\u00e7lamas\u0131n\u0131 \u00f6nlemeye \u00e7al\u0131\u015f\u0131r\u0131z. Hakl\u0131 \u00e7\u0131kmak, ki\u015finin \u00f6zg\u00fcvenini korumas\u0131na yard\u0131mc\u0131 olur. Kendi g\u00f6r\u00fc\u015flerimizin do\u011fru oldu\u011funu d\u00fc\u015f\u00fcnmek, kendimize olan inanc\u0131m\u0131z\u0131 g\u00fc\u00e7lendirir. Hakl\u0131 olman\u0131n s\u00fcrekli ihtiyac\u0131, sosyal ili\u015fkilerimize zarar verebilir. Bu durum genellikle ba\u015fkalar\u0131n\u0131n g\u00f6r\u00fc\u015flerini k\u00fc\u00e7\u00fcmseme veya sayg\u0131s\u0131zl\u0131k olarak alg\u0131lanabilir. Kendi g\u00f6r\u00fc\u015flerimizin her zaman do\u011fru oldu\u011funu d\u00fc\u015f\u00fcnmek, yeni fikirlere ve \u00f6\u011frenme f\u0131rsatlar\u0131na kapal\u0131 olmam\u0131za neden olabilir. Hakl\u0131 olmak yerine, ba\u015fkalar\u0131n\u0131n g\u00f6r\u00fc\u015flerine a\u00e7\u0131k olmak ve empati kurmak daha sa\u011fl\u0131kl\u0131 bir ileti\u015fim bi\u00e7imidir. Bu durum, hem ki\u015fisel geli\u015fimimize katk\u0131da bulunur hem de sosyal ili\u015fkilerimizi g\u00fc\u00e7lendirir. Anlay\u0131\u015fl\u0131 olmak, ki\u015finin kendi g\u00f6r\u00fc\u015flerinin d\u0131\u015f\u0131nda ba\u015fka bak\u0131\u015f a\u00e7\u0131lar\u0131na da de\u011fer vermesini sa\u011flar. Hakl\u0131 olma ihtiyac\u0131, genellikle kendimizi savunma ihtiyac\u0131ndan kaynaklan\u0131r ve \u00f6zg\u00fcvenimizi korumam\u0131za yard\u0131mc\u0131 olur. Ancak, bu davran\u0131\u015f\u0131n olumsuz etkileri de vard\u0131r. Hakl\u0131 olmak, sosyal ili\u015fkilerimize zarar verebilir ve ki\u015fisel geli\u015fimimizi engelleyebilir. Bu nedenle, hakl\u0131 olmak yerine anlay\u0131\u015fl\u0131 olmay\u0131 ve dinlemeyi \u00f6\u011frenmek daha sa\u011fl\u0131kl\u0131 bir ileti\u015fim bi\u00e7imidir. Hakl\u0131 olmak m\u0131, anla\u015f\u0131lmak m\u0131? \u0130li\u015fkilerde do\u011fru ileti\u015fim y\u00f6ntemleri \u00fczerine d\u00fc\u015f\u00fcnmeye devam edin. Kendinizi ve ba\u015fkalar\u0131n\u0131 anlamak i\u00e7in daha fazla empati g\u00f6stermeye \u00e7al\u0131\u015f\u0131n. Konu\u015fmak i\u00e7in s\u0131ra beklemedi\u011finiz, kar\u015f\u0131n\u0131zdaki ki\u015fiyi ger\u00e7ekten anlayabildi\u011finiz huzurlu g\u00fcnlere\u2026<\/p>\n\n\n\n<p>ESRA \u0130\u00c7G\u00d6Z<\/p>\n","protected":false},"excerpt":{"rendered":"<p>G\u00fcnayd\u0131n g\u00fczel insanlar\u2026G\u00fcn\u00fcm\u00fcz d\u00fcnyas\u0131nda, hakl\u0131 olma ihtiyac\u0131 ve anla\u015f\u0131lmak aras\u0131nda bir denge kurmak \u00e7o\u011fu zaman zor olabilir. \u0130li\u015fkilerde, hakl\u0131 olmay\u0131 savunma mekanizmas\u0131 olarak kullan\u0131r\u0131z. Ancak, <a href=\"https:\/\/akdenizhaber.com.tr\/index.php\/2023\/10\/02\/hakli-olmak\/\" class=\"read-more-link\">[more&#8230;]<\/a><\/p>\n","protected":false},"author":2,"featured_media":16275,"comment_status":"open","ping_status":"open","sticky":false,"template":"","format":"standard","meta":{"footnotes":""},"categories":[2],"tags":[],"class_list":["post-16274","post","type-post","status-publish","format-standard","has-post-thumbnail","hentry","category-gundem"],"_links":{"self":[{"href":"https:\/\/akdenizhaber.com.tr\/index.php\/wp-json\/wp\/v2\/posts\/16274","targetHints":{"allow":["GET"]}}],"collection":[{"href":"https:\/\/akdenizhaber.com.tr\/index.php\/wp-json\/wp\/v2\/posts"}],"about":[{"href":"https:\/\/akdenizhaber.com.tr\/index.php\/wp-json\/wp\/v2\/types\/post"}],"author":[{"embeddable":true,"href":"https:\/\/akdenizhaber.com.tr\/index.php\/wp-json\/wp\/v2\/users\/2"}],"replies":[{"embeddable":true,"href":"https:\/\/akdenizhaber.com.tr\/index.php\/wp-json\/wp\/v2\/comments?post=16274"}],"version-history":[{"count":0,"href":"https:\/\/akdenizhaber.com.tr\/index.php\/wp-json\/wp\/v2\/posts\/16274\/revisions"}],"wp:featuredmedia":[{"embeddable":true,"href":"https:\/\/akdenizhaber.com.tr\/index.php\/wp-json\/wp\/v2\/media\/16275"}],"wp:attachment":[{"href":"https:\/\/akdenizhaber.com.tr\/index.php\/wp-json\/wp\/v2\/media?parent=16274"}],"wp:term":[{"taxonomy":"category","embeddable":true,"href":"https:\/\/akdenizhaber.com.tr\/index.php\/wp-json\/wp\/v2\/categories?post=16274"},{"taxonomy":"post_tag","embeddable":true,"href":"https:\/\/akdenizhaber.com.tr\/index.php\/wp-json\/wp\/v2\/tags?post=16274"}],"curies":[{"name":"wp","href":"https:\/\/api.w.org\/{rel}","templated":true}]}}