{"id":16271,"date":"2023-10-02T12:39:01","date_gmt":"2023-10-02T09:39:01","guid":{"rendered":"https:\/\/akdenizhaber.com.tr\/?p=16271"},"modified":"2023-10-02T12:39:02","modified_gmt":"2023-10-02T09:39:02","slug":"girisimcilik-merkezinin-yapimina-baslandi","status":"publish","type":"post","link":"https:\/\/akdenizhaber.com.tr\/index.php\/2023\/10\/02\/girisimcilik-merkezinin-yapimina-baslandi\/","title":{"rendered":"Giri\u015fimcilik Merkezi\u2019nin yap\u0131m\u0131na ba\u015fland\u0131"},"content":{"rendered":"\n<p><\/p>\n\n\n\n<p>Antalya B\u00fcy\u00fck\u015fehir Belediyesi Cumhuriyet\u2019in 100. y\u0131l\u0131na ithafen gen\u00e7lere ve giri\u015fimci adaylar\u0131na y\u00f6nelik hizmet verecek olan Giri\u015fimcilik Merkezi\u2019nin yap\u0131m\u0131na ba\u015flad\u0131.<\/p>\n\n\n\n<p>Antalya B\u00fcy\u00fck\u015fehir Belediyesi, gen\u00e7 giri\u015fimcileri desteklemek amac\u0131yla Giri\u015fimcilik Merkezi kuruyor. Bu proje ile Antalya&#8217;da yeni giri\u015fimcilerin ortaya \u00e7\u0131kmas\u0131, gen\u00e7lerin fikirlerinin desteklenmesi ve hayata ge\u00e7irilmesi hedefleniyor. Giri\u015fimcilik Merkezi, e\u011fitim, dan\u0131\u015fmanl\u0131k, mentorluk, yaz\u0131l\u0131m s\u0131n\u0131flar\u0131 ve melek yat\u0131r\u0131mc\u0131lar gibi unsurlar\u0131 bir araya getirerek gen\u00e7 giri\u015fimcilerin yeteneklerini geli\u015ftirmelerine yard\u0131mc\u0131 olacak.<\/p>\n\n\n\n<p>G\u0130R\u0130\u015e\u0130MC\u0130LER \u0130\u015eLER\u0130N\u0130 \u0130LER\u0130 TA\u015eIYACAK<\/p>\n\n\n\n<p>Muratpa\u015fa Camii kar\u015f\u0131s\u0131ndaki Ayakkab\u0131c\u0131lar \u00c7ar\u015f\u0131s\u0131\u2019nda bulunan eski \u0130smail Baha S\u00fcrelsan Konservatuvar\u0131\u2019n\u0131n hizmet verdi\u011fi binada hayata ge\u00e7irilen merkezde ayn\u0131 zamanda giri\u015fimcilerin i\u015f a\u011flar\u0131n\u0131 geni\u015fletmelerine ve \u00f6nemli ba\u011flant\u0131lar kurmalar\u0131na olanak tan\u0131yan etkinlikler, seminerler ve etkile\u015fimli at\u00f6lye \u00e7al\u0131\u015fmalar\u0131 d\u00fczenlenecek. Giri\u015fimciler, melek yat\u0131r\u0131mc\u0131lar, risk sermayesi firmalar\u0131 ve sekt\u00f6r uzmanlar\u0131yla bulu\u015farak i\u015flerini daha da ileri ta\u015f\u0131ma \u015fans\u0131n\u0131 elde edecekler.<\/p>\n\n\n\n<p>B\u00d6LGEN\u0130N EKONOM\u0130K B\u00dcY\u00dcMES\u0130NE KATKI SUNACAK<\/p>\n\n\n\n<p>Antalya&#8217;n\u0131n bu yeni giri\u015fimcilik merkezi, b\u00f6lgenin ekonomik b\u00fcy\u00fcmesine katk\u0131da bulunmay\u0131 ve giri\u015fimcilik ekosistemini desteklemeyi ama\u00e7l\u0131yor. Merkezin \u00e7ok yak\u0131n zamanda a\u00e7\u0131lmas\u0131 planlan\u0131yor. Mustafa Kemal Atat\u00fcrk\u2019\u00fcn gelece\u011fi gen\u00e7lere emanet etti\u011fi Cumhuriyet\u2019imizin 100. Y\u0131l\u0131nda gen\u00e7lerin bug\u00fcnden ba\u015flayarak g\u00fc\u00e7lendirilmesi hedefleniyor.<\/p>\n\n\n\n<p>Antalya B\u00fcy\u00fck\u015fehir Belediyesi \/ B\u00fclten<\/p>\n","protected":false},"excerpt":{"rendered":"<p>Antalya B\u00fcy\u00fck\u015fehir Belediyesi Cumhuriyet\u2019in 100. y\u0131l\u0131na ithafen gen\u00e7lere ve giri\u015fimci adaylar\u0131na y\u00f6nelik hizmet verecek olan Giri\u015fimcilik Merkezi\u2019nin yap\u0131m\u0131na ba\u015flad\u0131. Antalya B\u00fcy\u00fck\u015fehir Belediyesi, gen\u00e7 giri\u015fimcileri desteklemek <a href=\"https:\/\/akdenizhaber.com.tr\/index.php\/2023\/10\/02\/girisimcilik-merkezinin-yapimina-baslandi\/\" class=\"read-more-link\">[more&#8230;]<\/a><\/p>\n","protected":false},"author":2,"featured_media":16272,"comment_status":"open","ping_status":"open","sticky":false,"template":"","format":"standard","meta":{"footnotes":""},"categories":[2],"tags":[],"class_list":["post-16271","post","type-post","status-publish","format-standard","has-post-thumbnail","hentry","category-gundem"],"_links":{"self":[{"href":"https:\/\/akdenizhaber.com.tr\/index.php\/wp-json\/wp\/v2\/posts\/16271","targetHints":{"allow":["GET"]}}],"collection":[{"href":"https:\/\/akdenizhaber.com.tr\/index.php\/wp-json\/wp\/v2\/posts"}],"about":[{"href":"https:\/\/akdenizhaber.com.tr\/index.php\/wp-json\/wp\/v2\/types\/post"}],"author":[{"embeddable":true,"href":"https:\/\/akdenizhaber.com.tr\/index.php\/wp-json\/wp\/v2\/users\/2"}],"replies":[{"embeddable":true,"href":"https:\/\/akdenizhaber.com.tr\/index.php\/wp-json\/wp\/v2\/comments?post=16271"}],"version-history":[{"count":0,"href":"https:\/\/akdenizhaber.com.tr\/index.php\/wp-json\/wp\/v2\/posts\/16271\/revisions"}],"wp:featuredmedia":[{"embeddable":true,"href":"https:\/\/akdenizhaber.com.tr\/index.php\/wp-json\/wp\/v2\/media\/16272"}],"wp:attachment":[{"href":"https:\/\/akdenizhaber.com.tr\/index.php\/wp-json\/wp\/v2\/media?parent=16271"}],"wp:term":[{"taxonomy":"category","embeddable":true,"href":"https:\/\/akdenizhaber.com.tr\/index.php\/wp-json\/wp\/v2\/categories?post=16271"},{"taxonomy":"post_tag","embeddable":true,"href":"https:\/\/akdenizhaber.com.tr\/index.php\/wp-json\/wp\/v2\/tags?post=16271"}],"curies":[{"name":"wp","href":"https:\/\/api.w.org\/{rel}","templated":true}]}}