{"id":16268,"date":"2023-10-02T12:38:19","date_gmt":"2023-10-02T09:38:19","guid":{"rendered":"https:\/\/akdenizhaber.com.tr\/?p=16268"},"modified":"2023-10-02T12:38:20","modified_gmt":"2023-10-02T09:38:20","slug":"sesimiz-duyuldu-finansman-kanallari-acildi","status":"publish","type":"post","link":"https:\/\/akdenizhaber.com.tr\/index.php\/2023\/10\/02\/sesimiz-duyuldu-finansman-kanallari-acildi\/","title":{"rendered":"Sesimiz Duyuldu, Finansman Kanallar\u0131 A\u00e7\u0131ld\u0131"},"content":{"rendered":"\n<p><\/p>\n\n\n\n<p>ATSO Ba\u015fkan\u0131 Ali Bahar, \u201c\u00dclkemizin sanayisiz b\u00fcy\u00fcyemeyece\u011fini, b\u00f6yle bir b\u00fcy\u00fcmenin s\u00fcrd\u00fcr\u00fclebilir ve istikrarl\u0131 bir b\u00fcy\u00fcme olamayaca\u011f\u0131n\u0131 biliyoruz. Bizim \u00fclke olarak sanayi \u00f6nc\u00fcl\u00fc\u011f\u00fcnde b\u00fcy\u00fcmeye ihtiyac\u0131m\u0131z var\u201d dedi.<\/p>\n\n\n\n<p>Antalya Ticaret ve Sanayi Odas\u0131\u2019n\u0131n (ATSO) Eyl\u00fcl Ay\u0131 Meclis Toplant\u0131s\u0131, y\u00f6netim kurulu ve meclis \u00fcyelerinin kat\u0131l\u0131m\u0131yla yap\u0131ld\u0131. ATSO Y\u00f6netim Kurulu Ba\u015fkan\u0131 Ali Bahar Eyl\u00fcl ay\u0131 Meclis Toplant\u0131s\u0131\u2019nda, turizm gelirleri, ekonomi, faiz art\u0131\u015flar\u0131, KKM uygulamas\u0131, b\u00fcy\u00fcme ve OVP konular\u0131na ili\u015fkin i\u015f d\u00fcnyas\u0131n\u0131n talep, \u00f6neri ve beklentilerini g\u00fcndeme ta\u015f\u0131d\u0131. Turizm sezonunun y\u00fcksek turist giri\u015fi ancak daha az ki\u015fi ba\u015f\u0131 turizm harcamas\u0131 ile sona erdi\u011fini dile getiren Ba\u015fkan Bahar, \u201cEkonomimizde kademeli olarak normalle\u015fme s\u00fcreci devam ediyor. Merkez Bankas\u0131 faiz art\u0131\u015flar\u0131na devam ediyor, KKM uygulamas\u0131 yava\u015f yava\u015f sonra do\u011fru yakla\u015f\u0131yor. Bunlar\u0131 sizler de yak\u0131ndan takip ediyorsunuz\u201d diye konu\u015ftu.<\/p>\n\n\n\n<p>SES\u0130M\u0130Z DUYULDU, F\u0130NANSMAN KANALLARI A\u00c7ILDI<\/p>\n\n\n\n<p>B\u00fcy\u00fcme verilerini de\u011ferlendiren ATSO Ba\u015fkan\u0131 Ali Bahar, \u201cT\u00fcrkiye ekonomisi 2023 y\u0131l\u0131n\u0131n ilk \u00e7eyre\u011finde y\u00fczde 3.8 b\u00fcy\u00fcd\u00fc. Bu b\u00fcy\u00fcme \u00fcretimden de\u011fil t\u00fcketimden geldi. \u0130kinci \u00e7eyrekte devlet d\u0131\u015f\u0131ndaki t\u00fcm \u015fah\u0131s ve i\u015fletmelerin harcamalar\u0131 reel olarak y\u00fczde 15,6 artt\u0131. Devletin harcamalar\u0131 ise y\u00fczde 5.3 y\u00fckseldi. Yat\u0131r\u0131mlar y\u00fczde 5.1 b\u00fcy\u00fcd\u00fc. \u0130hracat ve ithalat ise darald\u0131. \u00dcretim taraf\u0131na d\u00f6nd\u00fc\u011f\u00fcm\u00fczde sanayi sekt\u00f6r\u00fcn\u00fcn y\u00fczde 2,6 darald\u0131\u011f\u0131n\u0131, tar\u0131m\u0131n y\u00fczde 1,2 ve hizmetlerin y\u00fczde 6,4 b\u00fcy\u00fcd\u00fc\u011f\u00fcn\u00fc g\u00f6r\u00fcyoruz. Sanayi sadece son veride daralmad\u0131. Tam 9 ayd\u0131r sanayi sekt\u00f6r\u00fc k\u00fc\u00e7\u00fcl\u00fcyor ve bu bizi son derece \u00fcz\u00fcyor. Hepimiz bu \u00fclkenin sanayisiz b\u00fcy\u00fcyemeyece\u011fini, b\u00f6yle bir b\u00fcy\u00fcmenin s\u00fcrd\u00fcr\u00fclebilir ve istikrarl\u0131 bir b\u00fcy\u00fcme olamayaca\u011f\u0131n\u0131 biliyoruz. Bizim \u00fclke olarak sanayi \u00f6nc\u00fcl\u00fc\u011f\u00fcnde b\u00fcy\u00fcmeye ihtiyac\u0131m\u0131z var. Son aylarda sanayicinin sesi duyuldu ve finansman kanallar\u0131 yeniden a\u00e7\u0131lmaya ba\u015flad\u0131, KGF limitleri ve EX\u0130M kredileri art\u0131r\u0131ld\u0131\u201d dedi.<\/p>\n\n\n\n<p>KOB\u0130LER\u0130 AYAKTA TUTAN B\u0130R EKONOM\u0130 POL\u0130T\u0130KASINDA YANAYIZ<\/p>\n\n\n\n<p>ATSO Ba\u015fkan\u0131 Ali Bahar, \u201cSay\u0131n Cumhurba\u015fkan\u0131 Yard\u0131mc\u0131m\u0131z ve Say\u0131n Hazine-Maliye Bakan\u0131m\u0131z yat\u0131r\u0131m ve ihracat\u0131 sonuna kadar destekleyeceklerini ifade ediyorlar. Fakat bu yap\u0131l\u0131rken, i\u00e7 piyasaya \u00fcretim yapan firmalar\u0131m\u0131z\u0131n g\u00f6zden ka\u00e7mamas\u0131 gerekiyor. \u00c7\u00fcnk\u00fc hedef pazarlar\u0131m\u0131zdaki zay\u0131f b\u00fcy\u00fcme nedeniyle, \u00f6n\u00fcm\u00fczdeki aylarda ihracat, i\u00e7 piyasaya bir alternatif olmayacak. 2024\u2019te OVP\u2019de belirtilen ihracat art\u0131\u015f\u0131 hedefi dolar baz\u0131nda y\u00fczde 4\u2019\u00fcn alt\u0131nda. Yani ihracat a\u015fa\u011f\u0131 yukar\u0131 yerinde sayacak. \u0130hracat b\u00fcy\u00fcmezken, i\u00e7 piyasay\u0131 daraltmak \u00e7ok say\u0131da firman\u0131n kapanmas\u0131na neden olabilir. Bunun i\u00e7in biz kademeli bir yava\u015flama, KOB\u0130\u2019leri ayakta tutan bir ekonomi politikas\u0131ndan yanay\u0131z\u201d diye konu\u015ftu.<\/p>\n\n\n\n<p>OVP\u2019DE N\u0130TEL\u0130KL\u0130 \u00dcRET\u0130M VURGUSU<\/p>\n\n\n\n<p>OVP\u2019de son derece \u00f6nemli g\u00f6rd\u00fc\u011f\u00fc 3 noktaya de\u011finen Ba\u015fkan Ali Bahar, \u201cBizim gibi bir \u00fclkenin mutlaka ve mutlaka, her zaman istikrarl\u0131 ve y\u00fcksek oranl\u0131 bir sanayi b\u00fcy\u00fcmesine ihtiyac\u0131 var. Sanayi b\u00fcy\u00fcmezse, hizmetler bir \u00fclkeyi uzun s\u00fcre ayakta tutamaz. \u00c7\u00fcnk\u00fc hizmet sekt\u00f6rleri uzun d\u00f6nemde sanayi sekt\u00f6r\u00fcn\u00fcn performans\u0131na ba\u011fl\u0131d\u0131r. Sanayisi ile b\u00fcy\u00fcyen bir \u00fclkede b\u00fcy\u00fcme h\u0131z\u0131n\u0131n volatilitesi d\u00fc\u015f\u00fck olur. Yani \u00e7eyrekten \u00e7eyre\u011fe b\u00fcy\u00fcme oranlar\u0131 aras\u0131nda fazla fark olmaz. Bize bu gerekiyor. Yani biz sanayi odakl\u0131 ve dengeli b\u00fcy\u00fcmeyi \u00f6ng\u00f6ren bir ekonomi politikas\u0131 bekliyoruz. Bu anlamda OVP\u2019deki \u2018nitelikli \u00fcretim\u2019 vurgusunu \u00f6nemli g\u00f6r\u00fcyoruz. Herkesin yapt\u0131\u011f\u0131n\u0131 yapmak de\u011fil, katma de\u011feri y\u00fcksek, inovatif bir sanayi \u00fcretimine y\u00f6nelmemiz gerekiyor. \u0130kincisi, bitmeyen sorunumuz cari a\u00e7\u0131k. Son iki y\u0131lda cari a\u00e7\u0131k \u00e7ok h\u0131zl\u0131 y\u00fckseldi. Bu y\u0131l GSYH\u2019nin y\u00fczde 4\u2019\u00fc kadar a\u00e7\u0131k bekleniyor. 2024 sonunda y\u00fczde 3,1 a\u00e7\u0131k hedefleniyor. Se\u00e7ici kredi politikalar\u0131 ile t\u00fcketim mal\u0131 ithalat\u0131n\u0131 kontrol alt\u0131nda tutup, hammadde ve yat\u0131r\u0131m mal\u0131 ithalat\u0131n\u0131n devam\u0131 sa\u011flanmaya \u00e7al\u0131\u015f\u0131lacak. Burada \u00f6nemli bir konu da kurun y\u00fckselmesine izin verilmesi. Son iki y\u0131lda bu yap\u0131lmad\u0131\u011f\u0131 i\u00e7in ithalatta \u00e7ok y\u00fcksek art\u0131\u015flar ya\u015fand\u0131. Kurun 2023\u2019te ortalama 23,9, gelecek y\u0131l ortalama 36,8 TL olaca\u011f\u0131 tahmin ediliyor. Yani beklentiler ger\u00e7ekle\u015firse, y\u00fczde 54 civar\u0131nda bir kur art\u0131\u015f\u0131 olacak gibi g\u00f6r\u00fcn\u00fcyor. \u00dc\u00e7\u00fcnc\u00fcs\u00fc, tar\u0131m reformu. Biz k\u00f6kl\u00fc bir tar\u0131m reformu yap\u0131lmas\u0131 gerekti\u011fini, sa\u011flam bir g\u0131da politikas\u0131 uygulanmas\u0131 gerekti\u011fini d\u00fc\u015f\u00fcn\u00fcyoruz. Bizler neden eti, s\u00fct\u00fc, meyveyi sebzeyi Avrupa\u2019n\u0131n en pahal\u0131 \u00fclkelerinden daha y\u00fcksek fiyata t\u00fcketelim? Biz bir tar\u0131m \u00fclkesiyiz. Bu konu en az para politikas\u0131 kadar \u00f6nemli ve acil bir konu. Bu sorunu \u00e7\u00f6zecek altyap\u0131ya da deneyime de sahibiz\u201d dedi.<\/p>\n\n\n\n<p>TARIMDA RAD\u0130KAL KARARLAR<\/p>\n\n\n\n<p>ATSO Ba\u015fkan\u0131 Ali Bahar, \u201cGe\u00e7ti\u011fimiz haftalarda tar\u0131m sekt\u00f6r\u00fcne y\u00f6nelik \u00e7ok \u00f6nemli iki uygulama de\u011fi\u015fikli\u011fi yap\u0131ld\u0131. Birincisi 2023 y\u0131l\u0131 tar\u0131m destekleri a\u00e7\u0131kland\u0131. \u0130kincisi ise nihayet tar\u0131mda planl\u0131 \u00fcretim d\u00f6nemine ge\u00e7ildi. Tar\u0131m sekt\u00f6r\u00fcn\u00fcn \u00fclkemiz i\u00e7in \u00f6nemini sizlere anlatmama gerek yok. Ancak birka\u00e7 hat\u0131rlatma yapay\u0131m. Tar\u0131m sekt\u00f6r\u00fc 4 milyon 700 bin \u00e7al\u0131\u015fan ile \u00fclkedeki toplam istihdam\u0131n y\u00fczde 15\u2019ini olu\u015fturuyor. GSYH\u2019nin yakla\u015f\u0131k y\u00fczde 6,5\u2019i tar\u0131m sekt\u00f6r\u00fc \u00fcretiminden geliyor. Tar\u0131m sekt\u00f6r\u00fc, T\u00fcrkiye a\u00e7\u0131s\u0131ndan en stratejik en hayati sekt\u00f6rlerin ba\u015f\u0131nda geliyor. \u00d6zellikle k\u00fcresel \u0131s\u0131nma nedeniyle su kaynaklar\u0131n\u0131n azald\u0131\u011f\u0131 son y\u0131llarda t\u00fcm \u00fclkeler kendi tar\u0131m sekt\u00f6rlerini korumak ve geli\u015ftirmek i\u00e7in radikal kararlar al\u0131yor. OVP\u2019de tar\u0131m\u0131n a\u011f\u0131rl\u0131kla i\u015flenmesi, i\u015fte tam da bu sebeptendir.\u201d<\/p>\n\n\n\n<p>TARIMDA \u00dcRET\u0130C\u0130 DOSTU D\u00dcZENLEMELER<\/p>\n\n\n\n<p>ATSO Ba\u015fkan\u0131 Ali Bahar, \u201cT\u00fcrkiye her ne kadar uzun vadede tar\u0131msal \u00fcretimini art\u0131r\u0131yor olsa da; rekabet \u00fcst\u00fcnl\u00fc\u011f\u00fcn\u00fc koruma konusunda, kendine yeterlilik konusunda ve d\u0131\u015f ticaret konusunda g\u00fc\u00e7 kaybediyor. \u00dcstelik kendi \u00fclkemizde, kendi \u00fcretti\u011fimiz \u00fcr\u00fcnleri pek \u00e7ok Avrupa \u00fclkesindekinden daha pahal\u0131ya t\u00fcketiyoruz. Bu gidi\u015fata bir son verilmesi gerekiyor. \u0130\u015fte ge\u00e7en hafta a\u00e7\u0131klanan kararlar bu nedenle \u00f6nemli. Tar\u0131msal destekler konusunda 2022\u2019den \u00e7ok daha \u00fcretici dostu bir d\u00fczenleme yap\u0131ld\u0131. Desteklerde dikkat \u00e7eken art\u0131\u015f ise hayvanc\u0131l\u0131kta yap\u0131ld\u0131. Hayvanc\u0131l\u0131kta bir\u00e7ok kalemde 2022\u2019ye g\u00f6re destekler y\u00fczde 100 ve \u00fczerinde art\u0131r\u0131ld\u0131. Tar\u0131mda ikinci de\u011fi\u015fiklik planl\u0131 \u00fcretime ge\u00e7i\u015f ile yap\u0131ld\u0131. Tar\u0131mda izin almadan \u00fcretim yapma d\u00f6nemi resmen sona erdi. Bitkisel \u00fcretimin planlanmas\u0131; kalk\u0131nma planlar\u0131, arz ve talep dengesi, yeterlilik oran\u0131, fiyat ve d\u0131\u015f ticaret verilerine g\u00f6re belirlenecek. Bundan sonra tar\u0131m havzalar\u0131 ve bu havzalardaki \u00fcr\u00fcn deseni g\u00f6z \u00f6n\u00fcne al\u0131narak \u00fcretim izni verilecek.\u201d<\/p>\n\n\n\n<p>T\u00dcRK\u0130YE BU SAVA\u015eTA DO\u011eRU YERDE YER ALDI<\/p>\n\n\n\n<p>ATSO Ba\u015fkan\u0131 Ali Bahar, \u201cA\u011fustos ay\u0131 Meclis toplant\u0131m\u0131zda \u00c7in ekonomisinde y\u00fckselmeye ba\u015flayan belirsizli\u011fi sizlerin dikkatine getirmi\u015f ve \u00f6n\u00fcm\u00fczdeki aylarda \u00c7in ekonomisinden daha k\u00f6t\u00fc haberler alabilece\u011fimizi s\u00f6ylemi\u015ftim. Covid-19 sonras\u0131 d\u00f6nemde ABD ve Avrupa \u00fclkeleri, \u00c7in\u2019den yapt\u0131klar\u0131 tedariki ba\u015fka \u00fclkelere kayd\u0131rmaya \u00e7al\u0131\u015f\u0131yor. Tekstilden mobilyaya, ayakkab\u0131dan makineye kadar bir\u00e7ok sekt\u00f6rde tedarik Vietnam\u2019a, Kambo\u00e7ya\u2019ya, T\u00fcrkiye\u2019ye, Banglade\u015f\u2019e, Tayland\u2019a y\u00f6neliyor. Ukrayna Sava\u015f\u0131 nedeniyle pek \u00e7ok \u00fclke Rusya\u2019ya yapt\u0131r\u0131m uygulamaya, Rusya ile ticaretlerini azaltmaya ba\u015flad\u0131. T\u00fcrkiye bu sava\u015fta her iki \u00fclke ile de yak\u0131n ili\u015fkileri oldu\u011fu i\u00e7in do\u011fru bir pozisyon ald\u0131. Enerji tedarikinde bir sorun ya\u015famad\u0131k. D\u0131\u015f ticaretimiz iki \u00fclke ile de devam ediyor. Her iki \u00fclkeden de turist almaya devam ediyoruz. Avrupa \u00fclkeleri ise son iki y\u0131lda bu sava\u015ftan olduk\u00e7a olumsuz etkilendi.\u201d<\/p>\n\n\n\n<p>TEPK\u0130M\u0130Z\u0130 G\u00d6STERECE\u011e\u0130Z<\/p>\n\n\n\n<p>ATSO Ba\u015fkan\u0131 Ali Bahar, \u201cRent a Carlarla ilgili \u00e7ok ciddi bir sorun i\u00e7erisindeyiz. Daha \u00f6nce ruhsat sorunu ile ilgili Muratpa\u015fa, Kepez ve Konyaalt\u0131 belediyelerimizle isti\u015farelerimiz olmu\u015ftu. Ruhsat konusunda bu \u00fc\u00e7 belediyemizle \u00e7ok \u00f6nemli ad\u0131mlar at\u0131ld\u0131. Fakat Aksu Belediyemiz keyfi ve zorbaca bir yakla\u015f\u0131mla ara\u00e7 ba\u015f\u0131na 5 bin TL gibi bir her y\u0131l ba\u015fka bir rakama evirece\u011fi \u015fekilde bir rakam belirledi. Bize g\u00f6re bu bir zorbal\u0131kt\u0131r. Di\u011fer belediyelerimizde b\u00f6yle bir \u015fey yokken, bir ba\u015fka belediyemizin ortaya bunu koymas\u0131n\u0131 kabul etmiyoruz. Bunu bir ruhsat kar\u015f\u0131l\u0131\u011f\u0131nda da yapmam\u0131\u015ft\u0131r. Yani sadece orada olan \u00e7al\u0131\u015fmay\u0131 g\u00f6rmeyece\u011fim ver bana 5 bin liras\u0131d\u0131r bu. Sekt\u00f6r\u00fcm\u00fcz arkas\u0131nda durmak suretiyle gerekli cevab\u0131 verdik, vermeye devam edece\u011fiz. \u0130vedi bir bi\u00e7imde sekt\u00f6r\u00fcm\u00fcz\u00fcn bu konuda rahatlat\u0131lmas\u0131n\u0131 istiyoruz. Bu, alma ver paras\u0131d\u0131r biz bunu kabul etmiyoruz, bu sebeple tepkimizi g\u00f6sterece\u011fiz.\u201d<\/p>\n\n\n\n<p>YEN\u0130 B\u0130R ANTALYA YOL HAR\u0130TASI<\/p>\n\n\n\n<p>ATSO Ba\u015fkan\u0131 Ali Bahar, \u201cAntalya, turizm ile an\u0131lan bir \u015fehrimiz. Bundan memnun olmakla birlikte, bir taraftan bu avantaj\u0131m\u0131z\u0131 bu g\u00fcc\u00fcm\u00fcz\u00fc korumal\u0131, bir taraftan da kendimizi ba\u015fka alanlarda geli\u015ftirmeliyiz. Covid-19 ekonomik a\u00e7\u0131dan t\u00fcm \u00fclkeyi k\u00f6t\u00fc etkiledi ama en \u00e7ok biz etkilendik. Rusya ile siyasi ili\u015fkilerin bozuldu\u011fu d\u00f6nemi hat\u0131rlay\u0131n. En \u00e7ok bizim \u00e7ift\u00e7ilerimiz, tar\u0131m i\u015fletmelerimiz ve turizm sekt\u00f6r\u00fcm\u00fcz etkilendi. \u0130\u015fte bu nedenle Antalya\u2019ya yeni bir kas kazand\u0131rmam\u0131z gerekiyor diye d\u00fc\u015f\u00fcn\u00fcyorum.\u201d<\/p>\n\n\n\n<p>Antalya Ticaret ve Sanayi Odas\u0131 \/ B\u00fclten<\/p>\n","protected":false},"excerpt":{"rendered":"<p>ATSO Ba\u015fkan\u0131 Ali Bahar, \u201c\u00dclkemizin sanayisiz b\u00fcy\u00fcyemeyece\u011fini, b\u00f6yle bir b\u00fcy\u00fcmenin s\u00fcrd\u00fcr\u00fclebilir ve istikrarl\u0131 bir b\u00fcy\u00fcme olamayaca\u011f\u0131n\u0131 biliyoruz. Bizim \u00fclke olarak sanayi \u00f6nc\u00fcl\u00fc\u011f\u00fcnde b\u00fcy\u00fcmeye ihtiyac\u0131m\u0131z var\u201d <a href=\"https:\/\/akdenizhaber.com.tr\/index.php\/2023\/10\/02\/sesimiz-duyuldu-finansman-kanallari-acildi\/\" class=\"read-more-link\">[more&#8230;]<\/a><\/p>\n","protected":false},"author":2,"featured_media":16269,"comment_status":"open","ping_status":"open","sticky":false,"template":"","format":"standard","meta":{"footnotes":""},"categories":[2],"tags":[],"class_list":["post-16268","post","type-post","status-publish","format-standard","has-post-thumbnail","hentry","category-gundem"],"_links":{"self":[{"href":"https:\/\/akdenizhaber.com.tr\/index.php\/wp-json\/wp\/v2\/posts\/16268","targetHints":{"allow":["GET"]}}],"collection":[{"href":"https:\/\/akdenizhaber.com.tr\/index.php\/wp-json\/wp\/v2\/posts"}],"about":[{"href":"https:\/\/akdenizhaber.com.tr\/index.php\/wp-json\/wp\/v2\/types\/post"}],"author":[{"embeddable":true,"href":"https:\/\/akdenizhaber.com.tr\/index.php\/wp-json\/wp\/v2\/users\/2"}],"replies":[{"embeddable":true,"href":"https:\/\/akdenizhaber.com.tr\/index.php\/wp-json\/wp\/v2\/comments?post=16268"}],"version-history":[{"count":0,"href":"https:\/\/akdenizhaber.com.tr\/index.php\/wp-json\/wp\/v2\/posts\/16268\/revisions"}],"wp:featuredmedia":[{"embeddable":true,"href":"https:\/\/akdenizhaber.com.tr\/index.php\/wp-json\/wp\/v2\/media\/16269"}],"wp:attachment":[{"href":"https:\/\/akdenizhaber.com.tr\/index.php\/wp-json\/wp\/v2\/media?parent=16268"}],"wp:term":[{"taxonomy":"category","embeddable":true,"href":"https:\/\/akdenizhaber.com.tr\/index.php\/wp-json\/wp\/v2\/categories?post=16268"},{"taxonomy":"post_tag","embeddable":true,"href":"https:\/\/akdenizhaber.com.tr\/index.php\/wp-json\/wp\/v2\/tags?post=16268"}],"curies":[{"name":"wp","href":"https:\/\/api.w.org\/{rel}","templated":true}]}}