{"id":16262,"date":"2023-10-02T12:36:26","date_gmt":"2023-10-02T09:36:26","guid":{"rendered":"https:\/\/akdenizhaber.com.tr\/?p=16262"},"modified":"2023-10-02T12:36:26","modified_gmt":"2023-10-02T09:36:26","slug":"tutuncu-yaslilar-gununde-kirmizi-gul-takdim-etti","status":"publish","type":"post","link":"https:\/\/akdenizhaber.com.tr\/index.php\/2023\/10\/02\/tutuncu-yaslilar-gununde-kirmizi-gul-takdim-etti\/","title":{"rendered":"T\u00fct\u00fcnc\u00fc Ya\u015fl\u0131lar G\u00fcn\u00fcnde K\u0131rm\u0131z\u0131 G\u00fcl Takdim Etti"},"content":{"rendered":"\n<p><\/p>\n\n\n\n<p>D\u00fcnya Ya\u015fl\u0131lar G\u00fcn\u00fc\u2019nde belediyenin \u015eefkat ve Huzurevi\u2019ni ziyaret eden Kepez Belediye Ba\u015fkan\u0131 Hakan T\u00fct\u00fcnc\u00fc, huzurevi sakinlerinin ellerini \u00f6perek, k\u0131rm\u0131z\u0131 g\u00fcl takdim etti. Ba\u015fkan T\u00fct\u00fcnc\u00fc, \u201cSiz bizim ba\u015f tac\u0131m\u0131zs\u0131n\u0131z.\u201d dedi. &nbsp;<\/p>\n\n\n\n<p>Kepez Belediye Ba\u015fkan\u0131 Hakan T\u00fct\u00fcnc\u00fc, 1 Ekim D\u00fcnya Ya\u015fl\u0131lar G\u00fcn\u00fc\u2019nde belediyenin \u015eefkat ve Huzurevi\u2019ni ziyaret etti. Huzurevi sakinleri i\u00e7in d\u00fczenlenen etkinli\u011fe kat\u0131lan Ba\u015fkan T\u00fct\u00fcnc\u00fc, ya\u015fl\u0131larla sohbet etti, onlar\u0131n istek ve taleplerini dinledi. Ba\u015fkan T\u00fct\u00fcnc\u00fc, huzurevi sakinlerine \u201cSiz bizim ba\u015f tac\u0131m\u0131zs\u0131n\u0131z\u201d dedi.<\/p>\n\n\n\n<p>B\u0130Z\u0130M \u0130\u00c7\u0130N HER G\u00dcN S\u0130Z\u0130N G\u00dcN\u00dcN\u00dcZ<\/p>\n\n\n\n<p>Huzurevi sakinlerinin g\u00fcn boyunca doyas\u0131ya e\u011flendikleri etkinlikte konu\u015fan Ba\u015fkan T\u00fct\u00fcnc\u00fc, \u201cSizlerle bu g\u00fczel ortam\u0131 payla\u015fmaktan dolay\u0131 b\u00fcy\u00fck bir memnuniyet duydum. Ma\u015fallah hepinizi \u00e7ok iyi g\u00f6rd\u00fcm. Bizler sizleri mutlu etmek i\u00e7in elimizden gelen her t\u00fcrl\u00fc gayreti g\u00f6steriyoruz ve g\u00f6stermeye de devam edece\u011fiz. Bug\u00fcn D\u00fcnya Ya\u015fl\u0131lar G\u00fcn\u00fc olabilir, bir fark\u0131ndal\u0131\u011fa i\u015faret \u00e7ekme g\u00fcn\u00fc olabilir. Bizim i\u00e7in 365 g\u00fcn\u00fcn 365 g\u00fcn\u00fc sizin g\u00fcn\u00fcn\u00fcz. Biz sizleri \u00e7ok seviyoruz. \u201c diye konu\u015ftu.<\/p>\n\n\n\n<p>KIRMIZI G\u00dcL TAKD\u0130M ETT\u0130<\/p>\n\n\n\n<p>\u015eefkat ve Huzurevi sakinlerine birde m\u00fcjde veren Kepez Belediye Ba\u015fkan\u0131 Hakan T\u00fct\u00fcnc\u00fc, \u201cHaftaya Akdeniz\u2019in mavisinin i\u00e7inde denizin o g\u00fczel kokusunu alaca\u011f\u0131z. Bir g\u00fcn boyunca g\u00fczel bir vakti payla\u015faca\u011f\u0131z. \u201cdedi. Ba\u015fkan T\u00fct\u00fcnc\u00fc, konu\u015fmas\u0131n\u0131n ard\u0131ndan tek tek masalar\u0131 gezdi\u011fi huzurevi sakinlerinin ellerinin \u00f6perek, k\u0131rm\u0131z\u0131 g\u00fcl takdim etti. &nbsp;<\/p>\n\n\n\n<p>Kepez Belediyesi \/ B\u00fclten<\/p>\n","protected":false},"excerpt":{"rendered":"<p>D\u00fcnya Ya\u015fl\u0131lar G\u00fcn\u00fc\u2019nde belediyenin \u015eefkat ve Huzurevi\u2019ni ziyaret eden Kepez Belediye Ba\u015fkan\u0131 Hakan T\u00fct\u00fcnc\u00fc, huzurevi sakinlerinin ellerini \u00f6perek, k\u0131rm\u0131z\u0131 g\u00fcl takdim etti. Ba\u015fkan T\u00fct\u00fcnc\u00fc, \u201cSiz <a href=\"https:\/\/akdenizhaber.com.tr\/index.php\/2023\/10\/02\/tutuncu-yaslilar-gununde-kirmizi-gul-takdim-etti\/\" class=\"read-more-link\">[more&#8230;]<\/a><\/p>\n","protected":false},"author":2,"featured_media":16263,"comment_status":"open","ping_status":"open","sticky":false,"template":"","format":"standard","meta":{"footnotes":""},"categories":[2],"tags":[],"class_list":["post-16262","post","type-post","status-publish","format-standard","has-post-thumbnail","hentry","category-gundem"],"_links":{"self":[{"href":"https:\/\/akdenizhaber.com.tr\/index.php\/wp-json\/wp\/v2\/posts\/16262","targetHints":{"allow":["GET"]}}],"collection":[{"href":"https:\/\/akdenizhaber.com.tr\/index.php\/wp-json\/wp\/v2\/posts"}],"about":[{"href":"https:\/\/akdenizhaber.com.tr\/index.php\/wp-json\/wp\/v2\/types\/post"}],"author":[{"embeddable":true,"href":"https:\/\/akdenizhaber.com.tr\/index.php\/wp-json\/wp\/v2\/users\/2"}],"replies":[{"embeddable":true,"href":"https:\/\/akdenizhaber.com.tr\/index.php\/wp-json\/wp\/v2\/comments?post=16262"}],"version-history":[{"count":0,"href":"https:\/\/akdenizhaber.com.tr\/index.php\/wp-json\/wp\/v2\/posts\/16262\/revisions"}],"wp:featuredmedia":[{"embeddable":true,"href":"https:\/\/akdenizhaber.com.tr\/index.php\/wp-json\/wp\/v2\/media\/16263"}],"wp:attachment":[{"href":"https:\/\/akdenizhaber.com.tr\/index.php\/wp-json\/wp\/v2\/media?parent=16262"}],"wp:term":[{"taxonomy":"category","embeddable":true,"href":"https:\/\/akdenizhaber.com.tr\/index.php\/wp-json\/wp\/v2\/categories?post=16262"},{"taxonomy":"post_tag","embeddable":true,"href":"https:\/\/akdenizhaber.com.tr\/index.php\/wp-json\/wp\/v2\/tags?post=16262"}],"curies":[{"name":"wp","href":"https:\/\/api.w.org\/{rel}","templated":true}]}}