{"id":16256,"date":"2023-10-02T12:35:07","date_gmt":"2023-10-02T09:35:07","guid":{"rendered":"https:\/\/akdenizhaber.com.tr\/?p=16256"},"modified":"2023-10-02T12:35:08","modified_gmt":"2023-10-02T09:35:08","slug":"kepezden-orta-mahalleye-9uncu-park","status":"publish","type":"post","link":"https:\/\/akdenizhaber.com.tr\/index.php\/2023\/10\/02\/kepezden-orta-mahalleye-9uncu-park\/","title":{"rendered":"Kepez\u2019den Orta Mahalle\u2019ye 9\u2019uncu park"},"content":{"rendered":"\n<p><\/p>\n\n\n\n<p>Kepez Belediyesi, son 15 y\u0131lda 31 bin metrekare(m2) ye\u015fil alan \u00fcretti\u011fi Alt\u0131nova Orta Mahalle\u2019ye, i\u00e7erisinde zeytin a\u011fa\u00e7lar\u0131n\u0131n bulundu\u011fu 5 bin 300 m2 b\u00fcy\u00fckl\u00fc\u011f\u00fcnde bir park daha kazand\u0131rd\u0131.&nbsp;<br><br><\/p>\n\n\n\n<p>Kepez Belediye Ba\u015fkan\u0131 Hakan T\u00fct\u00fcnc\u00fc d\u00f6neminde 40 y\u0131ll\u0131k bir bekleyi\u015fin ard\u0131ndan imar plan\u0131 yap\u0131lan Alt\u0131nova b\u00f6lgesi ye\u015fil bir kimlikle imar ediliyor.<br>Bu kasmamda b\u00f6lgedeki D\u00fcden, Sinan, Orta ve Menderes mahallelerine yeni ye\u015fil alanlar kazand\u0131r\u0131l\u0131yor.<br>Ge\u00e7ti\u011fimiz haftalarda Alt\u0131nova Sinan Mahallesi\u2019nde 12 bin m2 b\u00fcy\u00fckl\u00fc\u011f\u00fcnde bir park\u0131n yap\u0131m\u0131n\u0131 tamamlayarak, vatanda\u015flar\u0131n hizmetine sunmu\u015ftu<br><br><\/p>\n\n\n\n<p>ORTA MAHALLEYE 36 B\u0130N 300 M2 YE\u015e\u0130L ALAN<br><br>Park ve Bah\u00e7eler M\u00fcd\u00fcrl\u00fc\u011f\u00fc, \u015fimdi de Alt\u0131nova Orta Mahalle\u2019de yeni bir park\u0131n yap\u0131m\u0131n\u0131 ba\u015flatt\u0131. Yeni park, 111 Sokak ile 110 Sokak aras\u0131nda 5 bin 300 m2 alana yap\u0131l\u0131yor. B\u00f6lgenin g\u00fczelle\u015fmesine, de\u011fer kazanmas\u0131na katk\u0131 sa\u011flayacak olan parkta toprak tesviyesi, bitki, a\u011fa\u00e7 dikimi, elektrik, sulama alt yap\u0131s\u0131 ve \u00e7im ekimi tamamland\u0131. B\u00f6lgeye nefes verecek olan ye\u015fil alana, \u00e7ok say\u0131da yeti\u015fmi\u015f zeytin a\u011fac\u0131 dikildi. \u00c7ocuklar\u0131n e\u011flenebilmesi i\u00e7in oyun park\u0131n\u0131n yer ald\u0131\u011f\u0131 parka, b\u00fcy\u00fcklerin spor yapabilmesi i\u00e7in de a\u00e7\u0131k hava fitness aletleri konuldu.<br>Park\u0131n yap\u0131m\u0131n\u0131n \u00f6n\u00fcm\u00fczdeki haftalarda tamamlanmas\u0131 planlan\u0131yor.<br>Bu parkla birlikte Kepez Belediye Ba\u015fkan\u0131 Hakan T\u00fct\u00fcnc\u00fc\u2019n\u00fcn g\u00f6rev y\u0131llar\u0131nda Orta Mahalleye 9\u2019uncu parkla toplamda 36 bin 300m2 ye\u015fil alan kazand\u0131r\u0131lm\u0131\u015f oldu.<\/p>\n\n\n\n<p>Kepez Belediyesi \/ B\u00fclten<\/p>\n","protected":false},"excerpt":{"rendered":"<p>Kepez Belediyesi, son 15 y\u0131lda 31 bin metrekare(m2) ye\u015fil alan \u00fcretti\u011fi Alt\u0131nova Orta Mahalle\u2019ye, i\u00e7erisinde zeytin a\u011fa\u00e7lar\u0131n\u0131n bulundu\u011fu 5 bin 300 m2 b\u00fcy\u00fckl\u00fc\u011f\u00fcnde bir park <a href=\"https:\/\/akdenizhaber.com.tr\/index.php\/2023\/10\/02\/kepezden-orta-mahalleye-9uncu-park\/\" class=\"read-more-link\">[more&#8230;]<\/a><\/p>\n","protected":false},"author":2,"featured_media":16257,"comment_status":"open","ping_status":"open","sticky":false,"template":"","format":"standard","meta":{"footnotes":""},"categories":[2],"tags":[],"class_list":["post-16256","post","type-post","status-publish","format-standard","has-post-thumbnail","hentry","category-gundem"],"_links":{"self":[{"href":"https:\/\/akdenizhaber.com.tr\/index.php\/wp-json\/wp\/v2\/posts\/16256","targetHints":{"allow":["GET"]}}],"collection":[{"href":"https:\/\/akdenizhaber.com.tr\/index.php\/wp-json\/wp\/v2\/posts"}],"about":[{"href":"https:\/\/akdenizhaber.com.tr\/index.php\/wp-json\/wp\/v2\/types\/post"}],"author":[{"embeddable":true,"href":"https:\/\/akdenizhaber.com.tr\/index.php\/wp-json\/wp\/v2\/users\/2"}],"replies":[{"embeddable":true,"href":"https:\/\/akdenizhaber.com.tr\/index.php\/wp-json\/wp\/v2\/comments?post=16256"}],"version-history":[{"count":0,"href":"https:\/\/akdenizhaber.com.tr\/index.php\/wp-json\/wp\/v2\/posts\/16256\/revisions"}],"wp:featuredmedia":[{"embeddable":true,"href":"https:\/\/akdenizhaber.com.tr\/index.php\/wp-json\/wp\/v2\/media\/16257"}],"wp:attachment":[{"href":"https:\/\/akdenizhaber.com.tr\/index.php\/wp-json\/wp\/v2\/media?parent=16256"}],"wp:term":[{"taxonomy":"category","embeddable":true,"href":"https:\/\/akdenizhaber.com.tr\/index.php\/wp-json\/wp\/v2\/categories?post=16256"},{"taxonomy":"post_tag","embeddable":true,"href":"https:\/\/akdenizhaber.com.tr\/index.php\/wp-json\/wp\/v2\/tags?post=16256"}],"curies":[{"name":"wp","href":"https:\/\/api.w.org\/{rel}","templated":true}]}}