{"id":16232,"date":"2023-09-30T12:08:06","date_gmt":"2023-09-30T09:08:06","guid":{"rendered":"https:\/\/akdenizhaber.com.tr\/?p=16232"},"modified":"2023-09-30T12:08:06","modified_gmt":"2023-09-30T09:08:06","slug":"baskan-ozkandan-akseki-gunyakaya-koy-konagi","status":"publish","type":"post","link":"https:\/\/akdenizhaber.com.tr\/index.php\/2023\/09\/30\/baskan-ozkandan-akseki-gunyakaya-koy-konagi\/","title":{"rendered":"Ba\u015fkan \u00d6zkan\u2019dan Akseki G\u00fcnyaka\u2019ya K\u00f6y Kona\u011f\u0131"},"content":{"rendered":"\n<p><\/p>\n\n\n\n<p>Akseki \u0130l\u00e7esinin G\u00fcnyaka Mahallesinde Akseki Belediyesi taraf\u0131ndan yap\u0131lan k\u00f6y kona\u011f\u0131 projesi a\u00e7\u0131l\u0131\u015f\u0131 ger\u00e7ekle\u015fti.<\/p>\n\n\n\n<p>Akseki Belediye Ba\u015fkan\u0131 \u0130brahim \u00d6zkan\u2019\u0131n G\u00fcnyaka Mahallesi ziyaretleri kapsam\u0131nda vatanda\u015flar\u0131n talepleri olan k\u00f6y kona\u011f\u0131 projesi i\u00e7in s\u00f6z veren Ba\u015fkan \u00d6zkan, Belediye ekiplerini harekete ge\u00e7irerek projeyi tamamlad\u0131.<\/p>\n\n\n\n<p>Akseki Belediye Ba\u015fkan\u0131 \u0130brahim \u00d6zkan \u2018\u2019Verdi\u011fimiz s\u00f6zleri bir bir yerine getiriyor, T\u00fcrkiye Y\u00fczy\u0131l\u0131\u2019na yak\u0131\u015f\u0131r projeleri Akseki\u2019mize kazand\u0131r\u0131yoruz. G\u00fcnyaka Mahallesi K\u00f6y Kona\u011f\u0131m\u0131z\u0131n a\u00e7\u0131l\u0131\u015f\u0131n\u0131 ger\u00e7ekle\u015ftirdik\u2019\u2019 dedi.&nbsp; A\u00e7\u0131l\u0131\u015fta Ba\u015fkan \u00d6zkan\u2019a Akseki Kaymakam\u0131 Saliha Karata\u015f, Ak Parti Akseki \u0130l\u00e7e Ba\u015fkan\u0131 Halis G\u00fcndo\u011fdu ve vatanda\u015flar e\u015flik etti.<\/p>\n\n\n\n<p>(Haber Merkezi)<\/p>\n","protected":false},"excerpt":{"rendered":"<p>Akseki \u0130l\u00e7esinin G\u00fcnyaka Mahallesinde Akseki Belediyesi taraf\u0131ndan yap\u0131lan k\u00f6y kona\u011f\u0131 projesi a\u00e7\u0131l\u0131\u015f\u0131 ger\u00e7ekle\u015fti. Akseki Belediye Ba\u015fkan\u0131 \u0130brahim \u00d6zkan\u2019\u0131n G\u00fcnyaka Mahallesi ziyaretleri kapsam\u0131nda vatanda\u015flar\u0131n talepleri olan <a href=\"https:\/\/akdenizhaber.com.tr\/index.php\/2023\/09\/30\/baskan-ozkandan-akseki-gunyakaya-koy-konagi\/\" class=\"read-more-link\">[more&#8230;]<\/a><\/p>\n","protected":false},"author":2,"featured_media":16233,"comment_status":"open","ping_status":"open","sticky":false,"template":"","format":"standard","meta":{"footnotes":""},"categories":[2],"tags":[],"class_list":["post-16232","post","type-post","status-publish","format-standard","has-post-thumbnail","hentry","category-gundem"],"_links":{"self":[{"href":"https:\/\/akdenizhaber.com.tr\/index.php\/wp-json\/wp\/v2\/posts\/16232","targetHints":{"allow":["GET"]}}],"collection":[{"href":"https:\/\/akdenizhaber.com.tr\/index.php\/wp-json\/wp\/v2\/posts"}],"about":[{"href":"https:\/\/akdenizhaber.com.tr\/index.php\/wp-json\/wp\/v2\/types\/post"}],"author":[{"embeddable":true,"href":"https:\/\/akdenizhaber.com.tr\/index.php\/wp-json\/wp\/v2\/users\/2"}],"replies":[{"embeddable":true,"href":"https:\/\/akdenizhaber.com.tr\/index.php\/wp-json\/wp\/v2\/comments?post=16232"}],"version-history":[{"count":0,"href":"https:\/\/akdenizhaber.com.tr\/index.php\/wp-json\/wp\/v2\/posts\/16232\/revisions"}],"wp:featuredmedia":[{"embeddable":true,"href":"https:\/\/akdenizhaber.com.tr\/index.php\/wp-json\/wp\/v2\/media\/16233"}],"wp:attachment":[{"href":"https:\/\/akdenizhaber.com.tr\/index.php\/wp-json\/wp\/v2\/media?parent=16232"}],"wp:term":[{"taxonomy":"category","embeddable":true,"href":"https:\/\/akdenizhaber.com.tr\/index.php\/wp-json\/wp\/v2\/categories?post=16232"},{"taxonomy":"post_tag","embeddable":true,"href":"https:\/\/akdenizhaber.com.tr\/index.php\/wp-json\/wp\/v2\/tags?post=16232"}],"curies":[{"name":"wp","href":"https:\/\/api.w.org\/{rel}","templated":true}]}}