{"id":16223,"date":"2023-09-30T11:59:36","date_gmt":"2023-09-30T08:59:36","guid":{"rendered":"https:\/\/akdenizhaber.com.tr\/?p=16223"},"modified":"2023-09-30T11:59:37","modified_gmt":"2023-09-30T08:59:37","slug":"kumluca-ataturk-stadyumunun-temeli-torenle-atildi","status":"publish","type":"post","link":"https:\/\/akdenizhaber.com.tr\/index.php\/2023\/09\/30\/kumluca-ataturk-stadyumunun-temeli-torenle-atildi\/","title":{"rendered":"Kumluca Atat\u00fcrk Stadyumu\u2019nun temeli t\u00f6renle at\u0131ld\u0131"},"content":{"rendered":"\n<p><\/p>\n\n\n\n<p>Antalya B\u00fcy\u00fck\u015fehir Belediye Ba\u015fkan\u0131 Muhittin B\u00f6cek\u2019in, Kumluca&#8217;ya s\u00f6z\u00fcn\u00fc verdi\u011fi, futbol, g\u00fcre\u015f, konser gibi \u00e7e\u015fitli etkinliklere ev sahipli\u011fi yapacak Atat\u00fcrk Stadyumu&#8217;nun temel atma t\u00f6reni ger\u00e7ekle\u015ftirildi. Ba\u015fkan Muhittin B\u00f6cek,yakla\u015f\u0131k 100 milyon liraya mal olacak stadyum projesinin Mart ay\u0131nda hizmete a\u00e7\u0131laca\u011f\u0131 s\u00f6z\u00fcn\u00fc verdi.<\/p>\n\n\n\n<p>Antalya B\u00fcy\u00fck\u015fehir Belediye Ba\u015fkan\u0131 Muhittin B\u00f6cek, Kumluca Belediye Ba\u015fkan\u0131 Mustafa K\u00f6leo\u011flu ile birlikte B\u00fcy\u00fck\u015fehir Belediyesi taraf\u0131ndan yap\u0131m\u0131na ba\u015flanan Kumluca Atat\u00fcrk Stadyum Projesi\u2019nin temelini att\u0131. Kumluca Karatepe mevkiindeki Atat\u00fcrk Stadyumu Projesi\u2019nin temel atma t\u00f6renine CHP Antalya Milletvekili Cavit Ar\u0131, Antalya B\u00fcy\u00fck\u015fehir Belediye Ba\u015fkan\u0131 Muhittin B\u00f6cek, Kumluca Kaymakam\u0131 Tekin Erdemir, Kumluca Belediye Ba\u015fkan\u0131 Mustafa K\u00f6leo\u011flu, Elmal\u0131, Finike ve Demre Belediye ba\u015fkanlar\u0131, meclis \u00fcyeleri, muhtarlar ve \u00e7ok say\u0131da vatanda\u015f kat\u0131ld\u0131.<\/p>\n\n\n\n<p>MART AYINDA H\u0130ZMETE A\u00c7ILACAK<\/p>\n\n\n\n<p>Antalya B\u00fcy\u00fck\u015fehir Belediye Ba\u015fkan\u0131 Muhittin B\u00f6cek, g\u00f6reve geldikleri g\u00fcnden buyana Gazipa\u015fa\u2019dan, Ka\u015f\u2019a kadar \u2018Sen ben yok, biz var\u0131z. Biz birlikte yapar\u0131z\u2019 anlay\u0131\u015f\u0131 ile yola \u00e7\u0131karak hizmetlerini s\u00fcrd\u00fcrd\u00fcklerini belirtti. Bug\u00fcne kadar T\u00fcrkiye\u2019nin en bor\u00e7lu belediyesi olarak bir taraftan yat\u0131r\u0131m yapmaya di\u011fer taraftan kamu yarar\u0131na olan projeleri hayata ge\u00e7irmeye devam ettiklerinin alt\u0131n\u0131 \u00e7izen Ba\u015fkan B\u00f6cek, \u201c19 il\u00e7ede yap\u0131lmas\u0131 gereken, alt ve \u00fcst yap\u0131 ba\u015fta olmak \u00fczere kamu yarar\u0131 olan projeleri s\u0131ras\u0131yla tamamlad\u0131k. Kumluca\u2019m\u0131za \u00e7ift\u00e7i karttan tutun paketleme ve kurutma tesisine kadar bir \u00e7ok hizmet kazand\u0131rd\u0131k. Bug\u00fcn de bir iftar g\u00fcn\u00fcnde verdi\u011fimiz s\u00f6z\u00fc yerine getiriyoruz. Atat\u00fcrk Stadyumu projemizin temelini at\u0131yoruz\u201d dedi.<\/p>\n\n\n\n<p>YAKLA\u015eIK 100 M\u0130LYONA MAL OLACAK<\/p>\n\n\n\n<p>Atat\u00fcrk Stadyumu\u2019nun spor m\u00fcsabakalar\u0131n\u0131n yan\u0131nda bir \u00e7ok etkinli\u011finde ev sahipli\u011fi yapaca\u011f\u0131n\u0131 anlatan Ba\u015fkan B\u00f6cek, \u201cProjenin maliyeti, yeni y\u0131lda olu\u015facak fiyat farklar\u0131 ile 100 milyonu bulacak. B\u00fcy\u00fck\u015fehir ve Kumluca Belediyesi i\u015fbirli\u011fiyle Mart ay\u0131nda tamamlayaca\u011f\u0131z. Y\u00fcklenici firmadan s\u00f6z\u00fcn\u00fc ald\u0131m. Mart ay\u0131nda hep birlikte a\u00e7aca\u011f\u0131z.Cumhuriyetin 100. y\u0131l\u0131na yak\u0131\u015f\u0131r bir \u015fekilde Atat\u00fcrk stadyumumuzun hay\u0131rl\u0131 olmas\u0131n\u0131 diliyorum. Azim ve kararl\u0131l\u0131kta \u00e7al\u0131\u015fmalar\u0131m\u0131za devam edece\u011fiz\u201d ifadelerini kulland\u0131.<\/p>\n\n\n\n<p>BA\u015eKAN B\u00d6CEK\u2019E TE\u015eEKK\u00dcR<\/p>\n\n\n\n<p>T\u00f6rende konu\u015fan Kumluca Belediye Ba\u015fkan\u0131 Mustafa K\u00f6leo\u011flu, Kumluca&#8217;ya \u00e7ok g\u00fczel bir stadyum kazand\u0131r\u0131yor olman\u0131n mutlulu\u011funu ya\u015fad\u0131\u011f\u0131n\u0131 dile getirdi. Ba\u015fkan Muhittin B\u00f6cek\u2019in Kumluca\u2019ya kazand\u0131rd\u0131\u011f\u0131 projeleri anlatan K\u00f6leo\u011flu, \u201cMuhittin Ba\u015fkan\u0131mla 41 mahallede 41 proje s\u00f6z\u00fc vermi\u015ftik. Yar\u0131m kalan camiimizi tamamlad\u0131. Kumluca\u2019n\u0131n imar planlanmas\u0131n\u0131n yap\u0131lmas\u0131na sebep oldu. Erentepe yolu dedik derhal asfalt\u0131n\u0131 \u00e7\u00f6zd\u00fc, sanayimize s\u0131cak asfalt\u0131 d\u00f6kt\u00fcrd\u00fc, S\u00f6\u011f\u00fctcuma\u2019ya asfalt d\u00f6kt\u00fcrd\u00fc, Kumluca\u2019n\u0131n ilk kre\u015fini a\u00e7t\u0131. T\u00fcrkiye\u2019nin en b\u00fcy\u00fck kapal\u0131 oyun park\u0131n\u0131 buraya yapacak. Yak\u0131nda temel atma t\u00f6reni ger\u00e7ekle\u015fecek. Kumluca Beton\u2019u kurdu. Yetmedi halimize akaryak\u0131t istasyonu deste\u011fi verdi. Yak\u0131n zaman da onun da temelini ataca\u011f\u0131z. Kumluca Atat\u00fcrk Stadyumu hay\u0131rl\u0131 u\u011furlu olmas\u0131n\u0131 diliyorum. Ba\u015fkan\u0131m\u0131za g\u00f6n\u00fclden te\u015fekk\u00fcr ediyorum\u201d dedi.<\/p>\n\n\n\n<p>TEMEL\u0130 ATILDI<\/p>\n\n\n\n<p>Kumluca Kaymakam\u0131Tekin Erdemir de stadyumun Kumluca halk\u0131na hay\u0131rl\u0131 olmas\u0131n\u0131 diledi. Konu\u015fmalar\u0131n ard\u0131ndan Antalya B\u00fcy\u00fck\u015fehir Belediyesi\u2019nin Kumluca\u2019ya yap\u0131lan hizmetlerin tan\u0131t\u0131ld\u0131\u011f\u0131 film izlendi. Daha sonra Ba\u015fkan B\u00f6cek ve t\u00fcm protokol \u00fcyelerinin kat\u0131l\u0131m\u0131 ve dualarla Kumluca Atat\u00fcrk Stadyumu\u2019nun temeli at\u0131ld\u0131.&nbsp;<\/p>\n\n\n\n<p>\u00c7OK AMA\u00c7LI KULLANILACAK<\/p>\n\n\n\n<p>\u00c7ok ama\u00e7l\u0131 kullan\u0131lacak Kumluca Atat\u00fcrk Stadyumu, 13 bin 200 metrekare alan\u0131n 6 bin 650 metrekarelik k\u0131sm\u0131na in\u015fa edilecek. 2890 seyirci kapasiteli projede, idari alan, tuvalet, engelli tuvaleti, du\u015f, soyunma odalar\u0131, depo alanlar\u0131, enerji odas\u0131 ve su deposu yer alacak. 2000 metrekare ye\u015fil alana da sahip olan projede, 97 ara\u00e7 kapasiteli otopark da bulunuyor.<\/p>\n\n\n\n<p>Antalya B\u00fcy\u00fck\u015fehir Belediyesi \/ B\u00fclten<\/p>\n","protected":false},"excerpt":{"rendered":"<p>Antalya B\u00fcy\u00fck\u015fehir Belediye Ba\u015fkan\u0131 Muhittin B\u00f6cek\u2019in, Kumluca&#8217;ya s\u00f6z\u00fcn\u00fc verdi\u011fi, futbol, g\u00fcre\u015f, konser gibi \u00e7e\u015fitli etkinliklere ev sahipli\u011fi yapacak Atat\u00fcrk Stadyumu&#8217;nun temel atma t\u00f6reni ger\u00e7ekle\u015ftirildi. Ba\u015fkan <a href=\"https:\/\/akdenizhaber.com.tr\/index.php\/2023\/09\/30\/kumluca-ataturk-stadyumunun-temeli-torenle-atildi\/\" class=\"read-more-link\">[more&#8230;]<\/a><\/p>\n","protected":false},"author":2,"featured_media":16224,"comment_status":"open","ping_status":"open","sticky":false,"template":"","format":"standard","meta":{"footnotes":""},"categories":[2],"tags":[],"class_list":["post-16223","post","type-post","status-publish","format-standard","has-post-thumbnail","hentry","category-gundem"],"_links":{"self":[{"href":"https:\/\/akdenizhaber.com.tr\/index.php\/wp-json\/wp\/v2\/posts\/16223","targetHints":{"allow":["GET"]}}],"collection":[{"href":"https:\/\/akdenizhaber.com.tr\/index.php\/wp-json\/wp\/v2\/posts"}],"about":[{"href":"https:\/\/akdenizhaber.com.tr\/index.php\/wp-json\/wp\/v2\/types\/post"}],"author":[{"embeddable":true,"href":"https:\/\/akdenizhaber.com.tr\/index.php\/wp-json\/wp\/v2\/users\/2"}],"replies":[{"embeddable":true,"href":"https:\/\/akdenizhaber.com.tr\/index.php\/wp-json\/wp\/v2\/comments?post=16223"}],"version-history":[{"count":0,"href":"https:\/\/akdenizhaber.com.tr\/index.php\/wp-json\/wp\/v2\/posts\/16223\/revisions"}],"wp:featuredmedia":[{"embeddable":true,"href":"https:\/\/akdenizhaber.com.tr\/index.php\/wp-json\/wp\/v2\/media\/16224"}],"wp:attachment":[{"href":"https:\/\/akdenizhaber.com.tr\/index.php\/wp-json\/wp\/v2\/media?parent=16223"}],"wp:term":[{"taxonomy":"category","embeddable":true,"href":"https:\/\/akdenizhaber.com.tr\/index.php\/wp-json\/wp\/v2\/categories?post=16223"},{"taxonomy":"post_tag","embeddable":true,"href":"https:\/\/akdenizhaber.com.tr\/index.php\/wp-json\/wp\/v2\/tags?post=16223"}],"curies":[{"name":"wp","href":"https:\/\/api.w.org\/{rel}","templated":true}]}}