{"id":16220,"date":"2023-09-30T11:59:01","date_gmt":"2023-09-30T08:59:01","guid":{"rendered":"https:\/\/akdenizhaber.com.tr\/?p=16220"},"modified":"2023-09-30T11:59:02","modified_gmt":"2023-09-30T08:59:02","slug":"kepezin-bilim-ve-teknoloji-tiri-izmir-teknofestte","status":"publish","type":"post","link":"https:\/\/akdenizhaber.com.tr\/index.php\/2023\/09\/30\/kepezin-bilim-ve-teknoloji-tiri-izmir-teknofestte\/","title":{"rendered":"Kepez\u2019in bilim ve teknoloji t\u0131r\u0131, \u0130zmir teknofest\u2019te\u00a0"},"content":{"rendered":"\n<p><\/p>\n\n\n\n<p>Kepez Belediyesi\u2019nin Bilim ve Teknoloji T\u0131r\u0131, d\u00fcnyan\u0131n en b\u00fcy\u00fck Havac\u0131l\u0131k, Uzay ve Teknoloji Festivali TEKNOFEST- \u0130zmir\u2019e kat\u0131ld\u0131.<\/p>\n\n\n\n<p>T\u00fcrkiye Teknoloji Vakf\u0131(T3) ile Sanayi ve Teknoloji Baklanl\u0131\u011f\u0131 y\u00fcr\u00fct\u00fcc\u00fcl\u00fc\u011f\u00fcnde d\u00fczenlenen E\u011fe \u00dcniversitesinin de akademik payda\u015f\u0131 oldu\u011fu&nbsp; TEKNOFEST-\u0130zmir, T\u00fcrkiye\u2019nin \u00f6nemli kurum ve firmalar\u0131n\u0131n kat\u0131l\u0131m\u0131yla devam ediyor. Cumhuriyetin 100. Y\u0131l\u0131nda d\u00fcnyan\u0131n en b\u00fcy\u00fck Havac\u0131l\u0131k, Uzay ve Teknoloji Festivali TEKNOFEST\u2019e, Kepez Belediyesi\u2019nin Bilim ve Teknoloji T\u0131r\u0131 da, kat\u0131ld\u0131. Antalya Bilim Merkezi\u2019nin bilimsel ve teknolojik deneyimleri ziyaret\u00e7ilerle payla\u015f\u0131ld\u0131. Ziyaret\u00e7iler, adeta bir bilim merkezinin i\u00e7ine s\u0131\u011fd\u0131r\u0131ld\u0131\u011f\u0131 Bilim ve Teknoloji T\u0131r\u0131\u2019na yo\u011fun ilgi g\u00f6sterdi. Kepez Belediyesi\u2019nin Bilim ve Teknoloji T\u0131r\u0131\u2019nda; Yenilenebilir enerji kaynaklar\u0131, manyetik alan, maddenin halleri, motorlar, robotik, yapay zeka, 3 boyutlu yaz\u0131c\u0131lar ve sanal ger\u00e7eklik uygulamalar\u0131, izohips; astronot, beyin dalgalar\u0131, iha yer istasyonu, hologram teknolojisi yer al\u0131yor.<\/p>\n\n\n\n<p>Kepez Belediyesi \/ B\u00fclten<\/p>\n","protected":false},"excerpt":{"rendered":"<p>Kepez Belediyesi\u2019nin Bilim ve Teknoloji T\u0131r\u0131, d\u00fcnyan\u0131n en b\u00fcy\u00fck Havac\u0131l\u0131k, Uzay ve Teknoloji Festivali TEKNOFEST- \u0130zmir\u2019e kat\u0131ld\u0131. T\u00fcrkiye Teknoloji Vakf\u0131(T3) ile Sanayi ve Teknoloji Baklanl\u0131\u011f\u0131 <a href=\"https:\/\/akdenizhaber.com.tr\/index.php\/2023\/09\/30\/kepezin-bilim-ve-teknoloji-tiri-izmir-teknofestte\/\" class=\"read-more-link\">[more&#8230;]<\/a><\/p>\n","protected":false},"author":2,"featured_media":16221,"comment_status":"open","ping_status":"open","sticky":false,"template":"","format":"standard","meta":{"footnotes":""},"categories":[2],"tags":[],"class_list":["post-16220","post","type-post","status-publish","format-standard","has-post-thumbnail","hentry","category-gundem"],"_links":{"self":[{"href":"https:\/\/akdenizhaber.com.tr\/index.php\/wp-json\/wp\/v2\/posts\/16220","targetHints":{"allow":["GET"]}}],"collection":[{"href":"https:\/\/akdenizhaber.com.tr\/index.php\/wp-json\/wp\/v2\/posts"}],"about":[{"href":"https:\/\/akdenizhaber.com.tr\/index.php\/wp-json\/wp\/v2\/types\/post"}],"author":[{"embeddable":true,"href":"https:\/\/akdenizhaber.com.tr\/index.php\/wp-json\/wp\/v2\/users\/2"}],"replies":[{"embeddable":true,"href":"https:\/\/akdenizhaber.com.tr\/index.php\/wp-json\/wp\/v2\/comments?post=16220"}],"version-history":[{"count":0,"href":"https:\/\/akdenizhaber.com.tr\/index.php\/wp-json\/wp\/v2\/posts\/16220\/revisions"}],"wp:featuredmedia":[{"embeddable":true,"href":"https:\/\/akdenizhaber.com.tr\/index.php\/wp-json\/wp\/v2\/media\/16221"}],"wp:attachment":[{"href":"https:\/\/akdenizhaber.com.tr\/index.php\/wp-json\/wp\/v2\/media?parent=16220"}],"wp:term":[{"taxonomy":"category","embeddable":true,"href":"https:\/\/akdenizhaber.com.tr\/index.php\/wp-json\/wp\/v2\/categories?post=16220"},{"taxonomy":"post_tag","embeddable":true,"href":"https:\/\/akdenizhaber.com.tr\/index.php\/wp-json\/wp\/v2\/tags?post=16220"}],"curies":[{"name":"wp","href":"https:\/\/api.w.org\/{rel}","templated":true}]}}