{"id":16214,"date":"2023-09-30T11:57:23","date_gmt":"2023-09-30T08:57:23","guid":{"rendered":"https:\/\/akdenizhaber.com.tr\/?p=16214"},"modified":"2023-09-30T11:57:23","modified_gmt":"2023-09-30T08:57:23","slug":"kepeze-erdogan-bayen-tuncay-kaya-aile-sagligi-merkezi","status":"publish","type":"post","link":"https:\/\/akdenizhaber.com.tr\/index.php\/2023\/09\/30\/kepeze-erdogan-bayen-tuncay-kaya-aile-sagligi-merkezi\/","title":{"rendered":"Kepez\u2019e Erdo\u011fan Bayen-Tuncay Kaya Aile Sa\u011fl\u0131\u011f\u0131 Merkezi"},"content":{"rendered":"\n<p><\/p>\n\n\n\n<p>Kepez\u2019in Gazi Mahallesi\u2019ndeki Aile Sa\u011fl\u0131\u011f\u0131 Merkezi a\u00e7\u0131l\u0131\u015f\u0131nda konu\u015fan Kepez Belediye Ba\u015fkan\u0131 Hakan T\u00fct\u00fcnc\u00fc, g\u00f6reve geldi\u011finde bir tek sa\u011fl\u0131k poliklini\u011fi bulunan Kepez\u2019de, bug\u00fcn 15 kamu hastane ve sa\u011fl\u0131k kurulu\u015fu, 4 \u00f6zel hastane ve bug\u00fcn a\u00e7\u0131l\u0131\u015f\u0131 yap\u0131lan tesisle beraber 38 aile sa\u011fl\u0131\u011f\u0131 merkezi bulundu\u011funu s\u00f6yledi.<\/p>\n\n\n\n<p>Erdo\u011fan Bayen-Tuncay Kaya Aile Sa\u011fl\u0131\u011f\u0131 Merkezi t\u00f6renle a\u00e7\u0131ld\u0131. Aile Sa\u011fl\u0131\u011f\u0131 Merkezi a\u00e7\u0131l\u0131\u015f\u0131na Antalya Valisi Hulusi \u015eahin, Kepez Kaymakam\u0131 Nusret \u015eahin, Kepez Belediye Ba\u015fkan\u0131 Hakan T\u00fct\u00fcnc\u00fc, AK Parti Antalya Milletvekili Mustafa K\u00f6se, \u0130l Sa\u011fl\u0131k M\u00fcd\u00fcr\u00fc Do\u00e7. Dr. O\u011fuz Karahan, AK Parti Antalya \u0130l Ba\u015fkan\u0131 Ali \u00c7etin, AESOB Ba\u015fkan\u0131 Adl\u0131han Dere, muhtarlar ve vatanda\u015flar kat\u0131ld\u0131. ASM a\u00e7\u0131l\u0131\u015f\u0131nda konu\u015fan Kepez Belediye Ba\u015fkan\u0131 Hakan T\u00fct\u00fcnc\u00fc, g\u00f6reve geldi\u011finde bir tek sa\u011fl\u0131k poliklini\u011fi bulunan Kepez\u2019de, bug\u00fcn 15 kamu hastane ve sa\u011fl\u0131k kurulu\u015fu, 4 \u00f6zel hastane ve bug\u00fcn a\u00e7\u0131l\u0131\u015f\u0131 yap\u0131lan tesisle beraber 38 aile sa\u011fl\u0131\u011f\u0131 merkezi bulundu\u011funu s\u00f6yledi.<\/p>\n\n\n\n<p>T\u00dcRK\u0130YE BELED\u0130YEC\u0130L\u0130K L\u0130TERAT\u00dcR\u00dcNE \u00d6RNEK \u00c7ALI\u015eMALAR<\/p>\n\n\n\n<p>G\u00f6reve geldi\u011finde Antalya\u2019n\u0131n gecekondu stokunu \u00fcstlenmek konumunda olan Kepez\u2019in birbirinden \u00f6nemli, \u00fczerinde dikkatle \u00e7al\u0131\u015f\u0131lmas\u0131 gereken \u00e7ok \u00f6nemli sorunlar\u0131 oldu\u011funu hat\u0131rlatan Ba\u015fkan T\u00fct\u00fcnc\u00fc, \u201cBug\u00fcn bu sorunlar\u0131 \u00e7\u00f6zm\u00fc\u015f olmam\u0131z ve Kepez\u2019i ba\u015ftanba\u015fa de\u011fi\u015ftirmi\u015f olman\u0131n mutlulu\u011funu ya\u015f\u0131yoruz. 50 binden fazla tapulama yapt\u0131k, 90 binden fazla gecekondu kald\u0131rd\u0131k. Birbirinden de\u011ferli kentsel de\u011fi\u015fim projeleriyle T\u00fcrkiye belediyecilik literat\u00fcr\u00fcne \u00f6rnek \u00e7al\u0131\u015fmalar yapt\u0131k. Yapt\u0131\u011f\u0131m\u0131z de\u011fi\u015fim hamlelerinden ikisi \u00e7ok \u00f6nemliydi. Bu hamlelerden biri e\u011fitimdi. 15 y\u0131ll\u0131k zaman zarf\u0131nda 150\u2019den fazla okulu Kepez\u2019e kazand\u0131rmak suretiyle bu anlamda da T\u00fcrkiye\u2019de \u00f6nemli bir rekora belediye meclisimizle, milletvekillerimizle hep beraber \u00f6nc\u00fcl\u00fck etmi\u015f olduk.\u201d dedi. &nbsp;<\/p>\n\n\n\n<p>SA\u011eLIK \u00dcSS\u00dc KEPEZ<\/p>\n\n\n\n<p>Sa\u011fl\u0131k alan\u0131nda da \u00e7ok \u00f6nemli \u00e7al\u0131\u015fmalar yapt\u0131klar\u0131na de\u011finen Ba\u015fkan T\u00fct\u00fcnc\u00fc, \u201cG\u00f6reve geldi\u011fimizde Kepez\u2019de bir tane sa\u011fl\u0131k tesisi vard\u0131. Bug\u00fcn geldi\u011fimiz noktada Kepez\u2019de 15 tane hastane ve kamu sa\u011fl\u0131k kurulu\u015fu, 4 \u00f6zel hastane, 37 tane aile sa\u011fl\u0131\u011f\u0131 merkezi yapt\u0131k ve bu 38\u2019ncisi\u2026. \u015eimdi yenileri geliyor. Sa\u011fl\u0131k \u00e7al\u0131\u015fmalar\u0131m\u0131z\u0131n sonuncusu da Antalya \u015eehir Hastanesi\u2026 H\u00fck\u00fcmetimizin il\u00e7emize kazand\u0131rd\u0131\u011f\u0131, kazand\u0131r\u0131l\u0131\u015f s\u00fcrecinde Kepez Belediye meclisi olarak \u00e7ok b\u00fcy\u00fck bir m\u00fccadele verdi\u011fimiz bir sa\u011fl\u0131k tesisimiz. Antalya\u2019da sa\u011fl\u0131k alan\u0131nda \u00f6nemli bir merkez olmaktan dolay\u0131 iftihar ediyoruz. 2009 y\u0131l\u0131nda Kepez sa\u011fl\u0131kta \u00f6nemli bir merkez olacak dedi\u011fimizde buna kimse inanm\u0131yordu. Bizler inan\u0131yorduk. Y\u00fcr\u00fcd\u00fc\u011f\u00fcm\u00fcz yolda sa\u011fl\u0131k bakanl\u0131\u011f\u0131m\u0131zla, valilili\u011fimizle, milletvekillerimizle, b\u00fct\u00fcn \u015fehir bile\u015fenleriyle \u00f6nemli bir sa\u011fl\u0131k eserini il\u00e7emize kazand\u0131rm\u0131\u015f olduk. \u201cdiye konu\u015ftu.<\/p>\n\n\n\n<p>Aile Sa\u011fl\u0131\u011f\u0131 Merkezileri konusunda&nbsp; hay\u0131rseverlerin \u00e7ok ciddi manada desteklerine dikkati \u00e7eken Ba\u015fkan T\u00fct\u00fcnc\u00fc, bu konuda belediyenin \u00e7al\u0131\u015fmalar\u0131 oldu\u011funu ve aile sa\u011fl\u0131\u011f\u0131 merkezi bekleyen mahallelerde de bu \u00e7al\u0131\u015fmalar\u0131n yap\u0131laca\u011f\u0131n\u0131n alt\u0131n\u0131 \u00e7izdi.<\/p>\n\n\n\n<p>Kepez Belediyesi \/B\u00fclten<\/p>\n","protected":false},"excerpt":{"rendered":"<p>Kepez\u2019in Gazi Mahallesi\u2019ndeki Aile Sa\u011fl\u0131\u011f\u0131 Merkezi a\u00e7\u0131l\u0131\u015f\u0131nda konu\u015fan Kepez Belediye Ba\u015fkan\u0131 Hakan T\u00fct\u00fcnc\u00fc, g\u00f6reve geldi\u011finde bir tek sa\u011fl\u0131k poliklini\u011fi bulunan Kepez\u2019de, bug\u00fcn 15 kamu hastane <a href=\"https:\/\/akdenizhaber.com.tr\/index.php\/2023\/09\/30\/kepeze-erdogan-bayen-tuncay-kaya-aile-sagligi-merkezi\/\" class=\"read-more-link\">[more&#8230;]<\/a><\/p>\n","protected":false},"author":2,"featured_media":16215,"comment_status":"open","ping_status":"open","sticky":false,"template":"","format":"standard","meta":{"footnotes":""},"categories":[2],"tags":[],"class_list":["post-16214","post","type-post","status-publish","format-standard","has-post-thumbnail","hentry","category-gundem"],"_links":{"self":[{"href":"https:\/\/akdenizhaber.com.tr\/index.php\/wp-json\/wp\/v2\/posts\/16214","targetHints":{"allow":["GET"]}}],"collection":[{"href":"https:\/\/akdenizhaber.com.tr\/index.php\/wp-json\/wp\/v2\/posts"}],"about":[{"href":"https:\/\/akdenizhaber.com.tr\/index.php\/wp-json\/wp\/v2\/types\/post"}],"author":[{"embeddable":true,"href":"https:\/\/akdenizhaber.com.tr\/index.php\/wp-json\/wp\/v2\/users\/2"}],"replies":[{"embeddable":true,"href":"https:\/\/akdenizhaber.com.tr\/index.php\/wp-json\/wp\/v2\/comments?post=16214"}],"version-history":[{"count":0,"href":"https:\/\/akdenizhaber.com.tr\/index.php\/wp-json\/wp\/v2\/posts\/16214\/revisions"}],"wp:featuredmedia":[{"embeddable":true,"href":"https:\/\/akdenizhaber.com.tr\/index.php\/wp-json\/wp\/v2\/media\/16215"}],"wp:attachment":[{"href":"https:\/\/akdenizhaber.com.tr\/index.php\/wp-json\/wp\/v2\/media?parent=16214"}],"wp:term":[{"taxonomy":"category","embeddable":true,"href":"https:\/\/akdenizhaber.com.tr\/index.php\/wp-json\/wp\/v2\/categories?post=16214"},{"taxonomy":"post_tag","embeddable":true,"href":"https:\/\/akdenizhaber.com.tr\/index.php\/wp-json\/wp\/v2\/tags?post=16214"}],"curies":[{"name":"wp","href":"https:\/\/api.w.org\/{rel}","templated":true}]}}