{"id":16211,"date":"2023-09-30T11:56:44","date_gmt":"2023-09-30T08:56:44","guid":{"rendered":"https:\/\/akdenizhaber.com.tr\/?p=16211"},"modified":"2023-09-30T11:56:45","modified_gmt":"2023-09-30T08:56:45","slug":"korkuteli-osb-heyecani-uyelerle-paylasildi","status":"publish","type":"post","link":"https:\/\/akdenizhaber.com.tr\/index.php\/2023\/09\/30\/korkuteli-osb-heyecani-uyelerle-paylasildi\/","title":{"rendered":"Korkuteli OSB Heyecan\u0131 \u00dcyelerle Payla\u015f\u0131ld\u0131"},"content":{"rendered":"\n<p><\/p>\n\n\n\n<p><strong>ATSO Ba\u015fkan\u0131 Ali Bahar ve y\u00f6netimi, Korkuteli&#8217;nde \u00fcyelerle bulu\u015ftu. Ba\u015fkan Bahar, ATSO taraf\u0131ndan hayata ge\u00e7irilen ve 750 bin metrekarelik bir alana sahip olan Korkuteli OSB&#8217;yi gurur kayna\u011f\u0131 olarak nitelendirerek, \u201cYapaca\u011f\u0131m\u0131z bu b\u00fcy\u00fck yat\u0131r\u0131m\u0131n, istihdama ve b\u00f6lgemize katk\u0131s\u0131n\u0131 sizlerle payla\u015fmaktan gurur duyuyorum. Karma OSB\u2019ye d\u00f6n\u00fc\u015ft\u00fcrd\u00fc\u011f\u00fcm\u00fcz alan\u0131m\u0131zda, kent ve \u00fclke ekonomisi i\u00e7in yeni bir cazibe merkezi olu\u015fturduk. B\u00f6lgemizde hayat ge\u00e7ecek ilk fabrikam\u0131z\u0131 heyecanla bekliyoruz\u201d dedi.<\/strong><\/p>\n\n\n\n<p>Antalya Ticaret ve Sanayi Odas\u0131 (ATSO) Y\u00f6netim Kurulu Ba\u015fkan\u0131 Ali Bahar, Korkuteli \u00dcye Bulu\u015fmalar\u0131 kapsam\u0131nda ATSO \u00fcyesi i\u015f insanlar\u0131yla bir araya geldi. Toplant\u0131da, Korkuteli \u0130l\u00e7esi 2022 Y\u0131l\u0131 Ticari Bilan\u00e7o B\u00fcy\u00fckl\u00fc\u011f\u00fcne g\u00f6re Gelir ve Kurumlar Vergisi Kategorilerinde dereceye giren \u00fcyelere \u00f6d\u00fclleri takdim edildi. ATSO \u00dcye Bulu\u015fmas\u0131, Merkez Valisi Mustafa Tutulmaz, Korkuteli Kaymakam\u0131 Sezgin \u00dc\u00e7\u00fcnc\u00fc, Korkuteli Belediye Ba\u015fkan\u0131 \u00d6mer Niyazi \u0130\u015flek, Korkuteli \u0130l\u00e7e Emniyet M\u00fcd\u00fcr Vekili U\u011fur Efe, Korkuteli Esnaf ve Sanatk\u00e2rlar Odas\u0131 Ba\u015fkan\u0131 Mesut Kurto\u011flu, Korkuteli Esnaf ve Sanatk\u00e2rlar Kredi ve Kefalet Kooperatifi Ba\u015fkan\u0131 Hasan Can Caran, Korkuteli Ak Parti \u0130l\u00e7e Ba\u015fkan\u0131 Osman Nuri K\u00f6k, Korkuteli Vergi Dairesi M\u00fcd\u00fcr\u00fc Erdal \u00c7etinkaya, Antalya \u0130n\u015faat M\u00fcteahhitleri Derne\u011fi Ba\u015fkan\u0131 \u0130smail \u0130ltemir, ATSO Y\u00f6netim Kurulu Ba\u015fkan Yard\u0131mc\u0131s\u0131 Bo\u011fa\u00e7han G\u00f6ksu, Y\u00f6netim Kurulu Sayman \u00dcyesi Murat Toto\u015f, Y\u00f6netim Kurulu \u00dcyeleri Hakan Pakal\u0131n, \u00d6zg\u00fcr Karag\u00f6z, Mustafa Yayla, Mehmet Dikmen, Meclis Ba\u015fkan Yard\u0131mc\u0131s\u0131 M\u0131zrap Cihangir Deniz, Meclis \u00dcyeleri Ender Kuzucu, Fadime Do\u011fan, Osman Bah\u00e7e, Genel Sekreter Av. Asl\u0131 \u015eahin Tekin, Korkuteli Temsilcileri Ali \u0130hsan Girgi\u00e7, Bar\u0131\u015f Tato\u011flu, Antalya Organize Sanayi B\u00f6lge M\u00fcd\u00fcr\u00fc \u0130lhan Metin ve Antalya OSB M\u00fcte\u015febbis Heyet ve Y\u00f6netim Kurulu Dan\u0131\u015fman\u0131 Mustafa \u0130ssi, sivil toplum kurulu\u015flar\u0131n\u0131n temsilcileri ile ATSO \u00fcyesi i\u015f insanlar\u0131n\u0131n yo\u011fun kat\u0131l\u0131m\u0131yla ger\u00e7ekle\u015fti.<\/p>\n\n\n\n<p><strong>S\u00d6Z\u00dcM\u00dcZ\u00dc TUTTUK MUTLUYUZ<\/strong><\/p>\n\n\n\n<p>ATSO Korkuteli \u00dcye Bulu\u015fmalar\u0131 toplant\u0131s\u0131n\u0131n a\u00e7\u0131l\u0131\u015f\u0131n\u0131 ger\u00e7ekle\u015ftiren Y\u00f6netim Kurulu Ba\u015fkan\u0131 Ali Bahar, \u201cOda se\u00e7imlerinden \u00f6nce sizlere verdi\u011fimiz bir s\u00f6z vard\u0131, sizinle bulu\u015faca\u011f\u0131z, sizleri dinleyece\u011fiz dedik. Bug\u00fcn ger\u00e7ekten bu organizasyonu ger\u00e7ekle\u015ftirmekten, s\u00f6z\u00fcm\u00fcz\u00fc tutmaktan dolay\u0131 \u00e7ok mutluyuz\u201d diye konu\u015ftu. Korkuteli il\u00e7esinin inovatif bir il\u00e7e oldu\u011funa dikkat \u00e7eken Ba\u015fkan Bahar, \u201cBize g\u00f6re art\u0131k \u015fehir birle\u015fiyor. Korkuteli gerek yayla turizmi gerek i\u00e7erisinden \u00e7\u0131kard\u0131\u011f\u0131 markalarla Antalya\u2019n\u0131n en \u00f6nemli il\u00e7elerinden biri olabilece\u011fini bize hissettiriyor. Ki bu itibarla, Korkuteli\u2019nin sorunlar\u0131na, temsiline buran\u0131n m\u00fclki amiri, belediye ba\u015fkan\u0131 kadar bir sivil toplum kurulu\u015fu olarak ilgi g\u00f6sterece\u011fimizia\u00e7\u0131k\u00e7a ifade ediyorum\u201d dedi.<\/p>\n\n\n\n<p><strong>\u0130LK \u0130\u015e\u0130M\u0130Z KORKUTEL\u0130 OLDU<\/strong><\/p>\n\n\n\n<p>Korkuteli\u2019nde \u00e7ok \u00f6nemli bir yat\u0131r\u0131ma imza att\u0131klar\u0131n\u0131 ve bunun b\u00fcy\u00fck heyecan\u0131n\u0131 ya\u015fad\u0131klar\u0131n\u0131 dile getiren ATSO Ba\u015fkan\u0131 Ali Bahar s\u00f6zlerini \u015f\u00f6yle s\u00fcrd\u00fcrd\u00fc; \u201cBundan 6-7 y\u0131l \u00f6nce ATSO y\u00f6netimi olarak organize sanayi b\u00f6lgesiyle ilgili bir yat\u0131r\u0131m\u0131n alt\u0131na, bizim y\u00f6netim kurulumuz taraf\u0131ndan imza at\u0131lm\u0131\u015ft\u0131. Fakat daha sonra biz o y\u00f6netimde olmad\u0131k. Tekrar kavu\u015fmam\u0131z, ATSO ile g\u00f6n\u00fcl ili\u015fkimiz 6 y\u0131l bekledikten sonra sayenizde tekrar oldu ve yapt\u0131\u011f\u0131m\u0131z i\u015flerden ilki Korkuteli Organize Sanayi B\u00f6lgesini canland\u0131rmak oldu. Buna inanc\u0131m\u0131z \u00e7ok b\u00fcy\u00fckt\u00fc, bildi\u011fimiz en iyi i\u015flerden biri de OSB\u2019dir. Gelir gelmez gerek do\u011fan\u0131n korunmas\u0131, gerekse burada i\u015f yapan g\u0131dac\u0131lar\u0131n, tar\u0131mc\u0131lar\u0131n yapt\u0131\u011f\u0131 i\u015flerle bulu\u015fmas\u0131 i\u00e7in yapt\u0131\u011f\u0131m\u0131z ilk i\u015f mermer organize sanayi b\u00f6lgesini karma OSB\u2019ye \u00e7evirmek oldu.\u201d<\/p>\n\n\n\n<p><strong>M\u00dcLK SAH\u0130PLER\u0130NDEN HELALL\u0130K ALDIK<\/strong><\/p>\n\n\n\n<p>Korkuteli OSB\u2019yi b\u00f6lgeye kazand\u0131rmak i\u00e7in b\u00fcy\u00fck riskleri g\u00f6ze ald\u0131klar\u0131n\u0131 kaydeden Ba\u015fkan Bahar, \u201cB\u00f6yle b\u00fcy\u00fck bir eseri size kazand\u0131rman\u0131n ger\u00e7ekten \u00e7ok b\u00fcy\u00fck bir heyecan\u0131n\u0131 ya\u015f\u0131yoruz. Buray\u0131 size kazand\u0131rmak i\u00e7in s\u0131n\u0131rlar\u0131 zorlad\u0131k. Metrekare fiyat\u0131n\u0131n \u00e7ok daha \u00fczerinde, m\u00fclk sahipleriyle atalar\u0131nda kalan yerlerini onlarla helalle\u015fmek suretiyle, bir\u00e7ok yerde oldu\u011fu gibi ve herkesin hayal k\u0131r\u0131kl\u0131\u011f\u0131na u\u011frad\u0131\u011f\u0131 \u015fekilde mahkeme s\u00fcreci ba\u015flatmadan, helallik alarak yapt\u0131\u011f\u0131m\u0131z bir i\u015f oldu. Bununla da b\u00fcy\u00fck bir gurur duyuyoruz bu helalli\u011fi alabildi\u011fimiz i\u00e7in. Hak sahipleriyle y\u00fczde 95\u2019in \u00fczerinde anla\u015fma sa\u011flanm\u0131\u015f durumda, \u015fu an finansman\u0131n\u0131 olu\u015fturmaya \u00e7al\u0131\u015f\u0131yoruz. H\u0131zla Korkuteli\u2019mize kazand\u0131rmaya \u00e7al\u0131\u015faca\u011f\u0131z\u201d dedi. Organize sanayi b\u00f6lgesi \u00e7al\u0131\u015fmalar\u0131n\u0131n t\u00fcm h\u0131z\u0131yla devam etti\u011fini kaydeden Ba\u015fkan Bahar, \u201cBizim i\u00e7in \u00e7ok \u00f6nemli bir konu daha, bu tahsislerin verilmesinde, Korkuteli\u2019nde i\u015f yapan, marka olmu\u015f ya da markala\u015fma s\u00fcrecinde olan, kendi fabrikas\u0131na s\u0131\u011fmayan, b\u00fcy\u00fcme potansiyeli olan t\u00fcm firmalar\u0131m\u0131z bu tahsislerde \u00f6ncelikli olacaklar. Bu sayede 95\u2019e yak\u0131n fabrikay\u0131 kazand\u0131racak, 6-7 bin ki\u015filik bir istihdam olu\u015fmas\u0131n\u0131 sa\u011flayaca\u011f\u0131z. Bu konuda belediyemizle birlikte \u00e7al\u0131\u015f\u0131yoruz. Etraf\u0131nda toplu konutlar\u0131n, i\u015f yerlerinin ve kalk\u0131nman\u0131n ne kadar \u00e7abuk ve h\u0131zl\u0131 geli\u015fti\u011fini sizlere g\u00f6stermek i\u00e7in b\u00fcy\u00fck bir sab\u0131rs\u0131zl\u0131k ya\u015f\u0131yoruz\u201d diye konu\u015ftu.<\/p>\n\n\n\n<p><strong>ANTALYA TE\u015eV\u0130K VE H\u0130BELERDE 5\u2019\u0130NC\u0130 B\u00d6LGE OLSUN<\/strong><\/p>\n\n\n\n<p>T\u00fcrkiye\u2019de te\u015fvik ve hibelerden faydalanma konusunda Antalya\u2019n\u0131n turizm ve tar\u0131m organizasyonundan kaynakl\u0131 olarak birinci b\u00f6lge oldu\u011funu belirten Ba\u015fkan Bahar, s\u00f6zlerini \u015f\u00f6yle s\u00fcrd\u00fcrd\u00fc; \u201cAncak biz bu b\u00f6lge sisteminin de art\u0131k \u015fehirler olarak de\u011fil, il\u00e7eler olarak revize edilmesini devletimizden talep ediyoruz. Antalya\u2019n\u0131n Kemer, Gazipa\u015fa, Manavgat, Alanya gibi il\u00e7eleri te\u015fvik ve hibelerde belki birinci s\u0131rada olabilir ama Elmal\u0131, Korkuteli, Akseki gibi il\u00e7elerimizin birinci b\u00f6lge olmas\u0131n\u0131n do\u011fru olmad\u0131\u011f\u0131n\u0131 d\u00fc\u015f\u00fcn\u00fcyorum. Te\u015fvik ve hibe alma konusunda 5\u2019inci b\u00f6lge olmam\u0131z, bunlardan faydalanmam\u0131z\u0131 daha kolay hale getirecektir. Kuzey il\u00e7elerimiz neden bunlardan faydalanm\u0131yor, g\u00fcndeme getiriyoruz. Burada 900\u2019e yak\u0131n ATSO\u2019ya kay\u0131tl\u0131 \u00fcyemiz bulunmakta. Biz bug\u00fcn bir ilki ve ilk dokunu\u015fu ger\u00e7ekle\u015ftiriyoruz Bundan sonra da kopmayaca\u011f\u0131m\u0131z\u0131 s\u00f6yl\u00fcyoruz.\u201d<\/p>\n\n\n\n<p><strong>\u0130L\u00c7EM\u0130Z ADINA BA\u015eARIYA ADIM ATILAN B\u0130R D\u00d6NEM<\/strong><\/p>\n\n\n\n<p>S\u00f6zlerine ATSO Ba\u015fkan\u0131 ve y\u00f6netimine te\u015fekk\u00fcr ederek ba\u015flayan Korkuteli Belediye Ba\u015fkan\u0131 \u00d6mer Niyazi \u0130\u015flek, \u201cHer ba\u015far\u0131n\u0131n, her yat\u0131r\u0131m\u0131n arkas\u0131nda bir hik\u00e2ye vard\u0131r. Antalya Ticaret ve Sanayi Odas\u0131\u2019nda ba\u015far\u0131ya ad\u0131m at\u0131ld\u0131\u011f\u0131 d\u00f6nemin tam da il\u00e7emiz ad\u0131na bu d\u00f6nem oldu\u011funu, bu il\u00e7enin belediye ba\u015fkan\u0131 olarak sizlerin huzurunda s\u00f6yl\u00fcyorum. Say\u0131n Ali Bahar\u2019a ve y\u00f6netim kuruluna te\u015fekk\u00fcr ediyorum. Belediye ba\u015fkan\u0131 olarak g\u00f6rev ba\u015flad\u0131\u011f\u0131mda il\u00e7emin 5-10 y\u0131l\u0131n\u0131 planlamak zorundayd\u0131m. Dolay\u0131s\u0131yla turizm, tar\u0131m, ticaret ve sanayi dedi\u011fimiz bu d\u00f6rtl\u00fcde sadece Antalya\u2019n\u0131n yaylas\u0131 olmak, i\u015f yerlerimizin 3-4 ay gelen yazl\u0131k\u00e7\u0131larla ge\u00e7inmeye \u00e7al\u0131\u015fmas\u0131, yat\u0131r\u0131m yapmak isteyenlerin kendine yer bulamamas\u0131, tar\u0131mda \u00fclkeye paralel olarak ya\u015fanan sorunlar\u0131 yakinen ya\u015famak, bizleri sanayi konusunda ATSO\u2019nun ad\u0131m atmas\u0131yla heyecanland\u0131rd\u0131\u201d dedi.<\/p>\n\n\n\n<p><strong>HAYALLER\u0130M\u0130Z VARDI, GER\u00c7EKLE\u015eT\u0130R\u0130YORUZ<\/strong><\/p>\n\n\n\n<p>Korkuteli\u2019nde mermer ihtisas de\u011fil karma organize sanayi olmas\u0131 i\u00e7in \u0131srar etti\u011fini kaydeden \u0130\u015flek, \u201cO d\u00f6nemki y\u00f6netim kurulumuzdan talep ettim fakat kabul g\u00f6rmedi. 1.5 y\u0131l u\u011fra\u015ft\u0131m, zaman zaman benim de maruz kald\u0131\u011f\u0131m arkadan i\u015fleri durdurma olay\u0131n\u0131 ilk defa ben yapt\u0131m. Ankara\u2019ya gittim ve dedim ki bu i\u015fin beklemesi laz\u0131m, ne zamana kadar, ta ki Ali Bahar ve y\u00f6netimi se\u00e7ilinceye kadar. Se\u00e7ime 2 ay kadar vard\u0131, te\u015frif ettiler ve biz belediyemizde 2,5 saat kadar organize sanayiyi konu\u015ftuk. Hayallerimiz vard\u0131, dedim Ali abi l\u00fctfen buray\u0131 karma yapal\u0131m, gere\u011fi bizde, biz Korkutelililer olarak gere\u011fini yapar\u0131z dedim ve yapt\u0131k. Deste\u011fini verdiler. Ben binlerce kez te\u015fekk\u00fcr ediyorum karma OSB\u2019ye \u00e7evirebildi\u011fimiz i\u00e7in. Hayallerimizi ger\u00e7ekle\u015ftiriyoruz\u201d diye konu\u015ftu. B\u00f6lgeye yap\u0131lan yat\u0131r\u0131mla beraber, belediye olarak imar \u00e7al\u0131\u015fmalar\u0131na ba\u015flad\u0131klar\u0131n\u0131 dile getiren Ba\u015fkan \u0130\u015flek, \u201cBu yat\u0131r\u0131m sadece \u00fcretim anlam\u0131nda de\u011fil, il\u00e7emizin geli\u015fmesi anlam\u0131nda, bizim acilen yapmas\u0131 gereken i\u015fle var. Bin 200 d\u00f6n\u00fcml\u00fck OSB i\u00e7in belediye olarak etraf\u0131nda 3 kilometre \u00e7ap\u0131nda OSB\u2019yi destekleyecek yan sanayilerle ilgili imar planlar\u0131n\u0131 \u00e7al\u0131\u015f\u0131yoruz\u201d dedi.<\/p>\n\n\n\n<p><strong>ATSO\u2019YA TE\u015eEKK\u00dcR ED\u0130YORUZ<\/strong><\/p>\n\n\n\n<p>Karar vermenin ve uygulaman\u0131n zor i\u015fler oldu\u011funu kaydeden Korkuteli Kaymakam\u0131 Sezgin \u00dc\u00e7\u00fcnc\u00fc, \u201cBa\u015fkan\u0131m\u0131za Korkuteli i\u00e7in te\u015fekk\u00fcr ediyorum, \u015fu anda oradaki altyap\u0131n\u0131n yap\u0131ld\u0131\u011f\u0131n\u0131 g\u00f6receksiniz. Bundaki en b\u00fcy\u00fck katk\u0131 Say\u0131n ATSO Ba\u015fkan\u0131m\u0131z Ali Bahar ve y\u00f6netim kurulu \u00fcyelerinde. Ankara\u2019da arkada\u015flar\u0131m\u0131z var g\u00fc\u00e7leriyle \u00e7al\u0131\u015f\u0131yor. Bu geceyi tertip eden ba\u015fkana te\u015fekk\u00fcr ediyoruz. Deprem dolay\u0131s\u0131yla yapt\u0131klar\u0131 yard\u0131mlar i\u00e7in ATSO ve esnaflar\u0131m\u0131za te\u015fekk\u00fcr ediyoruz. \u00dcretmek insanlar\u0131 \u00f6zg\u00fcr k\u0131lar\u201d diye konu\u015ftu.<\/p>\n\n\n\n<p><strong>GEL\u0130R VE KURUMLAR VERG\u0130S\u0130NDE DERECEYE G\u0130RENLERE PLAKET TAKD\u0130M ED\u0130LD\u0130<\/strong><\/p>\n\n\n\n<p>Toplant\u0131, Korkuteli \u0130l\u00e7esi 2022 Y\u0131l\u0131 Ticari Bilan\u00e7o B\u00fcy\u00fckl\u00fc\u011f\u00fcne g\u00f6re Gelir ve Kurumlar Vergisi Kategorilerinde dereceye giren \u00fcyelere ATSO Ba\u015fkan\u0131 Ali Bahar ve protokol \u00fcyeleri taraf\u0131ndan plaketleri takdim edildi.<\/p>\n\n\n\n<p>Korkuteli il\u00e7esi 2022 y\u0131l\u0131 ticari bilan\u00e7o b\u00fcy\u00fckl\u00fc\u011f\u00fcne g\u00f6re gelir vergisi matrah\u0131<\/p>\n\n\n\n<p>1-&nbsp;&nbsp;&nbsp; \u0130brahim Karalar &#8211; Korkuteli Ger\u00e7ek ki\u015fi birincisi<\/p>\n\n\n\n<p>2-&nbsp;&nbsp;&nbsp; Mehmet Tiryaki &#8211;&nbsp; Korkuteli Ger\u00e7ek ki\u015fi ikincisi<\/p>\n\n\n\n<p>3-&nbsp;&nbsp;&nbsp; \u0130brahim Yava\u015f &#8211; Korkuteli Ger\u00e7ek ki\u015fi \u00fc\u00e7\u00fcnc\u00fcs\u00fc<\/p>\n\n\n\n<p>4-&nbsp;&nbsp;&nbsp; Mustafa \u00d6zl\u00fc- Korkuteli ikinci ger\u00e7ek ki\u015fi birincisi<\/p>\n\n\n\n<p>5-&nbsp;&nbsp;&nbsp; S\u00fcleyman Tun\u00e7- Korkuteli ikinci ger\u00e7ek ki\u015fi ikincisi<\/p>\n\n\n\n<p>6-&nbsp;&nbsp;&nbsp; \u015eeref K\u0131z\u0131lkaya &#8211; Korkuteli ikinci ger\u00e7ek ki\u015fi \u00fc\u00e7\u00fcnc\u00fcs\u00fc<\/p>\n\n\n\n<p>Korkuteli \u0130l\u00e7esi 2022 Y\u0131l\u0131 Ticari Bilan\u00e7o B\u00fcy\u00fckl\u00fc\u011f\u00fcne G\u00f6re Kurumlar Vergisi Matrah\u0131<\/p>\n\n\n\n<p>1-&nbsp;&nbsp;&nbsp; SMS Ersanlar Tar\u0131m Madencilik G\u0131da Sanayi ve Ticaret Limited \u015eirketi &#8211; Korkuteli T\u00fczel Ki\u015fi Birincisi<\/p>\n\n\n\n<p>2-&nbsp;&nbsp;&nbsp; Kortes \u0130n\u015faat Taahh\u00fct Turizm Nakliye Ticaret Limited \u015eirketi &#8211; Korkuteli T\u00fczel Ki\u015fi<\/p>\n\n\n\n<p>3-&nbsp;&nbsp;&nbsp; HBT \u0130nternet M\u00fccevherat Tekstil \u0130n\u015faat G\u0131da Otomotiv \u0130thalat \u0130hracat Pazarlama Sanayi Ve Ticaret Limited \u015eirketi &#8211; Korkuteli T\u00fczel Ki\u015fi \u00dc\u00e7\u00fcnc\u00fcs\u00fc<\/p>\n\n\n\n<p>4-&nbsp;&nbsp;&nbsp; Karaka\u015f S\u00fct Hayvanc\u0131l\u0131k Sanayi Ve Ticaret Limited \u015eirketi &#8211; Korkuteli \u0130kinci T\u00fczel Ki\u015fi Birincisi<\/p>\n\n\n\n<p>5-&nbsp;&nbsp;&nbsp; Nur G\u0131da \u0130n\u015faat Unlu Mamuller Ve Su \u00dcr\u00fcnleri Sanayi Ticaret Limited \u015eirketi &#8211; Korkuteli \u0130kinci T\u00fczel \u0130kincisi<\/p>\n\n\n\n<p>6-&nbsp;&nbsp;&nbsp; I\u015f\u0131kyuvar Enerji Elektronik \u0130n\u015faat Sanayi Ve Ticaret Limited \u015eirketi &#8211; Korkuteli \u0130kinci T\u00fczel Ki\u015fi \u00dc\u00e7\u00fcnc\u00fcs\u00fc<\/p>\n\n\n\n<p>Antalya Ticaret ve Sanayi Odas\u0131 \/ B\u00fclten<\/p>\n","protected":false},"excerpt":{"rendered":"<p>ATSO Ba\u015fkan\u0131 Ali Bahar ve y\u00f6netimi, Korkuteli&#8217;nde \u00fcyelerle bulu\u015ftu. Ba\u015fkan Bahar, ATSO taraf\u0131ndan hayata ge\u00e7irilen ve 750 bin metrekarelik bir alana sahip olan Korkuteli OSB&#8217;yi <a href=\"https:\/\/akdenizhaber.com.tr\/index.php\/2023\/09\/30\/korkuteli-osb-heyecani-uyelerle-paylasildi\/\" class=\"read-more-link\">[more&#8230;]<\/a><\/p>\n","protected":false},"author":2,"featured_media":16212,"comment_status":"open","ping_status":"open","sticky":false,"template":"","format":"standard","meta":{"footnotes":""},"categories":[2],"tags":[],"class_list":["post-16211","post","type-post","status-publish","format-standard","has-post-thumbnail","hentry","category-gundem"],"_links":{"self":[{"href":"https:\/\/akdenizhaber.com.tr\/index.php\/wp-json\/wp\/v2\/posts\/16211","targetHints":{"allow":["GET"]}}],"collection":[{"href":"https:\/\/akdenizhaber.com.tr\/index.php\/wp-json\/wp\/v2\/posts"}],"about":[{"href":"https:\/\/akdenizhaber.com.tr\/index.php\/wp-json\/wp\/v2\/types\/post"}],"author":[{"embeddable":true,"href":"https:\/\/akdenizhaber.com.tr\/index.php\/wp-json\/wp\/v2\/users\/2"}],"replies":[{"embeddable":true,"href":"https:\/\/akdenizhaber.com.tr\/index.php\/wp-json\/wp\/v2\/comments?post=16211"}],"version-history":[{"count":0,"href":"https:\/\/akdenizhaber.com.tr\/index.php\/wp-json\/wp\/v2\/posts\/16211\/revisions"}],"wp:featuredmedia":[{"embeddable":true,"href":"https:\/\/akdenizhaber.com.tr\/index.php\/wp-json\/wp\/v2\/media\/16212"}],"wp:attachment":[{"href":"https:\/\/akdenizhaber.com.tr\/index.php\/wp-json\/wp\/v2\/media?parent=16211"}],"wp:term":[{"taxonomy":"category","embeddable":true,"href":"https:\/\/akdenizhaber.com.tr\/index.php\/wp-json\/wp\/v2\/categories?post=16211"},{"taxonomy":"post_tag","embeddable":true,"href":"https:\/\/akdenizhaber.com.tr\/index.php\/wp-json\/wp\/v2\/tags?post=16211"}],"curies":[{"name":"wp","href":"https:\/\/api.w.org\/{rel}","templated":true}]}}