{"id":16208,"date":"2023-09-30T11:55:53","date_gmt":"2023-09-30T08:55:53","guid":{"rendered":"https:\/\/akdenizhaber.com.tr\/?p=16208"},"modified":"2023-09-30T11:55:54","modified_gmt":"2023-09-30T08:55:54","slug":"100uncu-yil-kutlamalari-icin-hazirliklar-devam-ediyor","status":"publish","type":"post","link":"https:\/\/akdenizhaber.com.tr\/index.php\/2023\/09\/30\/100uncu-yil-kutlamalari-icin-hazirliklar-devam-ediyor\/","title":{"rendered":"100\u2019\u00fcnc\u00fc Y\u0131l Kutlamalar\u0131 \u0130\u00e7in Haz\u0131rl\u0131klar Devam Ediyor"},"content":{"rendered":"\n<p><\/p>\n\n\n\n<p><br><strong>29 Ekim Cumhuriyet Bayram\u0131\u2019n\u0131n 100\u2019\u00fcnc\u00fc Y\u0131l D\u00f6n\u00fcm\u00fc Kutlama Etkinlikleri Toplant\u0131s\u0131, Vali Hulusi \u015eahin ba\u015fkanl\u0131\u011f\u0131nda ger\u00e7ekle\u015ftirildi.<\/strong><strong><\/strong><\/p>\n\n\n\n<p><br>T\u00fcrkiye Cumhuriyeti Devleti\u2019nin kurulu\u015funun 100\u2019\u00fcnc\u00fc y\u0131l\u0131n\u0131 kutlayaca\u011f\u0131m\u0131z 29 Ekim Cumhuriyet Bayram\u0131\u2019na say\u0131l\u0131 g\u00fcnler kala kamu kurum ve kurulu\u015flar\u0131 \u0130le Sivil Toplum Kurulu\u015flar\u0131n\u0131n \u00e7al\u0131\u015fmalar\u0131 t\u00fcm h\u0131z\u0131yla devam ediyor. 29 Ekim Cumhuriyet Bayram\u0131\u2019n\u0131 unutulmaz k\u0131lmak i\u00e7in \u00e7al\u0131\u015fmalar\u0131n titizlikle planland\u0131\u011f\u0131 etkinlikler kapsam\u0131nda, Vali Hulusi \u015eahin ba\u015fkanl\u0131\u011f\u0131nda Antalya Valili\u011fi Toplant\u0131 Salonu\u2019nda 29 Ekim Cumhuriyet Bayram\u0131\u2019n\u0131n 100\u2019\u00fcnc\u00fc Y\u0131l D\u00f6n\u00fcm\u00fc Kutlama Etkinlikleri Toplant\u0131s\u0131 ger\u00e7ekle\u015ftirildi.<\/p>\n\n\n\n<p><br>Toplant\u0131ya Vali \u015eahin\u2019in yan\u0131 s\u0131ra Antalya B\u00fcy\u00fck\u015fehir Belediye Ba\u015fkan\u0131 Muhittin B\u00f6cek, Vali Yard\u0131mc\u0131s\u0131 Yal\u00e7\u0131n Sezgin ve ilgili kurum amirleri ve Sivil Toplum Kurulu\u015flar\u0131n\u0131n temsilcileri kat\u0131ld\u0131.<\/p>\n\n\n\n<p><br>Vali \u015eahin ile kamu kurumlar\u0131 ve Sivil Toplum Kurulu\u015flar\u0131n\u0131n temsilcilerinin 29 Ekim Cumhuriyet Bayram\u0131\u2019n\u0131n 100\u2019\u00fcnc\u00fc Y\u0131l\u0131 Kutlamalar\u0131 hakk\u0131nda de\u011ferlendirmelerde bulunulmas\u0131yla toplant\u0131 sona erdi.<\/p>\n\n\n\n<p>Antalya Valili\u011fi \/ B\u00fclten<\/p>\n","protected":false},"excerpt":{"rendered":"<p>29 Ekim Cumhuriyet Bayram\u0131\u2019n\u0131n 100\u2019\u00fcnc\u00fc Y\u0131l D\u00f6n\u00fcm\u00fc Kutlama Etkinlikleri Toplant\u0131s\u0131, Vali Hulusi \u015eahin ba\u015fkanl\u0131\u011f\u0131nda ger\u00e7ekle\u015ftirildi. T\u00fcrkiye Cumhuriyeti Devleti\u2019nin kurulu\u015funun 100\u2019\u00fcnc\u00fc y\u0131l\u0131n\u0131 kutlayaca\u011f\u0131m\u0131z 29 Ekim Cumhuriyet <a href=\"https:\/\/akdenizhaber.com.tr\/index.php\/2023\/09\/30\/100uncu-yil-kutlamalari-icin-hazirliklar-devam-ediyor\/\" class=\"read-more-link\">[more&#8230;]<\/a><\/p>\n","protected":false},"author":2,"featured_media":16209,"comment_status":"open","ping_status":"open","sticky":false,"template":"","format":"standard","meta":{"footnotes":""},"categories":[2],"tags":[],"class_list":["post-16208","post","type-post","status-publish","format-standard","has-post-thumbnail","hentry","category-gundem"],"_links":{"self":[{"href":"https:\/\/akdenizhaber.com.tr\/index.php\/wp-json\/wp\/v2\/posts\/16208","targetHints":{"allow":["GET"]}}],"collection":[{"href":"https:\/\/akdenizhaber.com.tr\/index.php\/wp-json\/wp\/v2\/posts"}],"about":[{"href":"https:\/\/akdenizhaber.com.tr\/index.php\/wp-json\/wp\/v2\/types\/post"}],"author":[{"embeddable":true,"href":"https:\/\/akdenizhaber.com.tr\/index.php\/wp-json\/wp\/v2\/users\/2"}],"replies":[{"embeddable":true,"href":"https:\/\/akdenizhaber.com.tr\/index.php\/wp-json\/wp\/v2\/comments?post=16208"}],"version-history":[{"count":0,"href":"https:\/\/akdenizhaber.com.tr\/index.php\/wp-json\/wp\/v2\/posts\/16208\/revisions"}],"wp:featuredmedia":[{"embeddable":true,"href":"https:\/\/akdenizhaber.com.tr\/index.php\/wp-json\/wp\/v2\/media\/16209"}],"wp:attachment":[{"href":"https:\/\/akdenizhaber.com.tr\/index.php\/wp-json\/wp\/v2\/media?parent=16208"}],"wp:term":[{"taxonomy":"category","embeddable":true,"href":"https:\/\/akdenizhaber.com.tr\/index.php\/wp-json\/wp\/v2\/categories?post=16208"},{"taxonomy":"post_tag","embeddable":true,"href":"https:\/\/akdenizhaber.com.tr\/index.php\/wp-json\/wp\/v2\/tags?post=16208"}],"curies":[{"name":"wp","href":"https:\/\/api.w.org\/{rel}","templated":true}]}}