{"id":16205,"date":"2023-09-30T11:55:14","date_gmt":"2023-09-30T08:55:14","guid":{"rendered":"https:\/\/akdenizhaber.com.tr\/?p=16205"},"modified":"2023-09-30T11:55:15","modified_gmt":"2023-09-30T08:55:15","slug":"dogu-garaji-meydan-arasindaki-tramvay-seferleri-yeniden-basladi","status":"publish","type":"post","link":"https:\/\/akdenizhaber.com.tr\/index.php\/2023\/09\/30\/dogu-garaji-meydan-arasindaki-tramvay-seferleri-yeniden-basladi\/","title":{"rendered":"Do\u011fu Garaj\u0131-Meydan aras\u0131ndaki tramvay seferleri yeniden ba\u015flad\u0131"},"content":{"rendered":"\n<p><\/p>\n\n\n\n<p>Antalya B\u00fcy\u00fck\u015fehir Belediyesi Do\u011fu Garaj\u0131 &#8211; Meydan duraklar\u0131 aras\u0131ndaki yedi ar\u0131klar b\u00f6lgesinde kalan tramvay hatt\u0131ndaki onar\u0131m \u00e7al\u0131\u015fmas\u0131n\u0131 tamamland\u0131. Tramvay hatt\u0131 yenilenen haliyle sa\u011fl\u0131kl\u0131 ve g\u00fcvenli bir \u015fekilde yeniden kullan\u0131ma a\u00e7\u0131ld\u0131.<\/p>\n\n\n\n<p>Antalya B\u00fcy\u00fck\u015fehir Belediyesi\u2019nin Do\u011fu Garaj\u0131- Meydan aras\u0131nda kalan tramvay hatt\u0131n\u0131n alt yap\u0131s\u0131ndaki \u00e7\u00f6kmeler nedeniyle A\u011fustos ay\u0131nda ba\u015flatt\u0131\u011f\u0131 onar\u0131m \u00e7al\u0131\u015fmas\u0131 tamamlanarak, tramvay seferleri yeniden ba\u015flat\u0131ld\u0131.<\/p>\n\n\n\n<p>ALT YAPI G\u00dc\u00c7LEND\u0130R\u0130LD\u0130<\/p>\n\n\n\n<p>Tramvay hatt\u0131n\u0131n yap\u0131ld\u0131\u011f\u0131 d\u00f6nemde hatt\u0131n ge\u00e7ece\u011fi alan\u0131n alt\u0131n\u0131n tam doldurulmamas\u0131 ve s\u0131k\u0131\u015ft\u0131rma i\u015fleminin yap\u0131lmamas\u0131 nedeniyle yeralt\u0131 suyuna ve zamana ba\u011fl\u0131 olarak \u00e7\u00f6kme meydana geldi. Antalya B\u00fcy\u00fck\u015fehir Belediyesi i\u015fletme g\u00fcvenli\u011finin tam olarak sa\u011flanmas\u0131 i\u00e7in zaruri bir onar\u0131m \u00e7al\u0131\u015fmas\u0131 ba\u015flatt\u0131.Yeralt\u0131nda \u00e7\u00f6kmelerin giderilmesi amac\u0131yla ekipler, Meydan-Do\u011fu Garaj\u0131 aras\u0131ndaki hat b\u00f6lgesinde yerin alt\u0131ndaki sert zemine ula\u015f\u0131ncaya kadar kaz\u0131 yapt\u0131. Zemin yeniden doldurularak, hatt\u0131n alt yap\u0131s\u0131 g\u00fc\u00e7lendirildi. Onar\u0131m \u00e7al\u0131\u015fmas\u0131n\u0131n yap\u0131ld\u0131\u011f\u0131 b\u00f6lgede yeniden raylar d\u00f6\u015fenerek, elektrik altyap\u0131s\u0131 yenilendi.<\/p>\n\n\n\n<p>KULLANIMA A\u00c7ILDI<\/p>\n\n\n\n<p>Meydan-Do\u011fu Garaj\u0131 aras\u0131ndaki \u00e7al\u0131\u015fmay\u0131 k\u0131sa s\u00fcre i\u00e7erisinde tamamlayan Antalya B\u00fcy\u00fck\u015fehir Belediyesi tramvay seferlerini yeniden halk\u0131n kullan\u0131m\u0131na a\u00e7t\u0131. Do\u011fu Garaj\u0131-Meydan aras\u0131ndaki tramvay hatt\u0131 yenilenen haliyle sa\u011fl\u0131kl\u0131 ve g\u00fcvenli bir \u015fekilde kullan\u0131ma a\u00e7\u0131ld\u0131.<\/p>\n\n\n\n<p>Antalya B\u00fcy\u00fck\u015fehir Belediyesi \/ B\u00fclten<\/p>\n","protected":false},"excerpt":{"rendered":"<p>Antalya B\u00fcy\u00fck\u015fehir Belediyesi Do\u011fu Garaj\u0131 &#8211; Meydan duraklar\u0131 aras\u0131ndaki yedi ar\u0131klar b\u00f6lgesinde kalan tramvay hatt\u0131ndaki onar\u0131m \u00e7al\u0131\u015fmas\u0131n\u0131 tamamland\u0131. Tramvay hatt\u0131 yenilenen haliyle sa\u011fl\u0131kl\u0131 ve g\u00fcvenli <a href=\"https:\/\/akdenizhaber.com.tr\/index.php\/2023\/09\/30\/dogu-garaji-meydan-arasindaki-tramvay-seferleri-yeniden-basladi\/\" class=\"read-more-link\">[more&#8230;]<\/a><\/p>\n","protected":false},"author":2,"featured_media":16206,"comment_status":"open","ping_status":"open","sticky":false,"template":"","format":"standard","meta":{"footnotes":""},"categories":[2],"tags":[],"class_list":["post-16205","post","type-post","status-publish","format-standard","has-post-thumbnail","hentry","category-gundem"],"_links":{"self":[{"href":"https:\/\/akdenizhaber.com.tr\/index.php\/wp-json\/wp\/v2\/posts\/16205","targetHints":{"allow":["GET"]}}],"collection":[{"href":"https:\/\/akdenizhaber.com.tr\/index.php\/wp-json\/wp\/v2\/posts"}],"about":[{"href":"https:\/\/akdenizhaber.com.tr\/index.php\/wp-json\/wp\/v2\/types\/post"}],"author":[{"embeddable":true,"href":"https:\/\/akdenizhaber.com.tr\/index.php\/wp-json\/wp\/v2\/users\/2"}],"replies":[{"embeddable":true,"href":"https:\/\/akdenizhaber.com.tr\/index.php\/wp-json\/wp\/v2\/comments?post=16205"}],"version-history":[{"count":0,"href":"https:\/\/akdenizhaber.com.tr\/index.php\/wp-json\/wp\/v2\/posts\/16205\/revisions"}],"wp:featuredmedia":[{"embeddable":true,"href":"https:\/\/akdenizhaber.com.tr\/index.php\/wp-json\/wp\/v2\/media\/16206"}],"wp:attachment":[{"href":"https:\/\/akdenizhaber.com.tr\/index.php\/wp-json\/wp\/v2\/media?parent=16205"}],"wp:term":[{"taxonomy":"category","embeddable":true,"href":"https:\/\/akdenizhaber.com.tr\/index.php\/wp-json\/wp\/v2\/categories?post=16205"},{"taxonomy":"post_tag","embeddable":true,"href":"https:\/\/akdenizhaber.com.tr\/index.php\/wp-json\/wp\/v2\/tags?post=16205"}],"curies":[{"name":"wp","href":"https:\/\/api.w.org\/{rel}","templated":true}]}}