{"id":16202,"date":"2023-09-30T11:54:36","date_gmt":"2023-09-30T08:54:36","guid":{"rendered":"https:\/\/akdenizhaber.com.tr\/?p=16202"},"modified":"2023-09-30T11:54:37","modified_gmt":"2023-09-30T08:54:37","slug":"akdeniz-universitesi-the-2024-dunya-universiteleri-siralamasinda-yukseldi","status":"publish","type":"post","link":"https:\/\/akdenizhaber.com.tr\/index.php\/2023\/09\/30\/akdeniz-universitesi-the-2024-dunya-universiteleri-siralamasinda-yukseldi\/","title":{"rendered":"Akdeniz \u00dcniversitesi, THE 2024 D\u00fcnya \u00dcniversiteleri S\u0131ralamas\u0131nda y\u00fckseldi"},"content":{"rendered":"\n<p><\/p>\n\n\n\n<p>Akdeniz \u00dcniversitesi, Times HigherEducation (THE) 2024 D\u00fcnya \u00dcniversiteleri S\u0131ralamas\u0131nda ilk bin 200 \u00fcniversite aras\u0131nda yer ald\u0131.<\/p>\n\n\n\n<p>\u0130ngiltere kurulu\u015fu olan Times HigherEducation (THE) 2024 D\u00fcnya \u00dcniversiteleri S\u0131ralamas\u0131 a\u00e7\u0131kland\u0131. Times HigherEducation (THE) D\u00fcnya \u00dcniversiteleri S\u0131ralamas\u0131 2022 s\u0131ralamas\u0131nda 1200+, 2023 s\u0131ralamas\u0131nda 1201-1500 aras\u0131nda yer alan Akdeniz \u00dcniversitesi 2024 s\u0131ralamas\u0131nda 1001-1200 band\u0131nda yer alarak D\u00fcnya \u00fcniversiteleri aras\u0131nda y\u00fckseli\u015f g\u00f6sterdi.<\/p>\n\n\n\n<p>T\u00dcRK\u0130YE\u2019DE \u0130LK 18 \u00dcN\u0130VERS\u0130TE ARASINDA<\/p>\n\n\n\n<p>Times HigherEducation D\u00fcnya \u00dcniversite S\u0131ralamas\u0131 2024\u2019te D\u00fcnya\u2019daki ilk 1200 \u00fcniversite aras\u0131nda T\u00fcrkiye\u2019den 12 devlet ve 6 vak\u0131f \u00fcniversitesi yer buldu. T\u00fcrkiye\u2019deki 18 \u00fcniversite aras\u0131nda ise Akdeniz \u00dcniversitesi\u2019nin en \u00e7ok \u00f6\u011frenci say\u0131s\u0131na sahip ikinci \u00fcniversite oldu\u011fu g\u00f6zlendi.<\/p>\n\n\n\n<p>ARA\u015eTIRMA ALANINDA ALTINCI \u00dcN\u0130VERS\u0130TE<\/p>\n\n\n\n<p>\u00d6\u011fretim, ara\u015ft\u0131rma ortam\u0131, ara\u015ft\u0131rma kalitesi, end\u00fcstri ve uluslararas\u0131 g\u00f6r\u00fcn\u00fcm alanlar\u0131n\u0131n da de\u011ferlendirildi\u011fi ara\u015ft\u0131rmada Akdeniz \u00dcniversitesi, ara\u015ft\u0131rma alan\u0131nda T\u00fcrkiye&#8217;deki \u00fcniversiteler aras\u0131nda en y\u00fcksek puana sahip alt\u0131nc\u0131 \u00fcniversite olarak yer ald\u0131.<\/p>\n\n\n\n<p>T\u00dcRK\u0130YE\u2019DEN 75 \u00dcN\u0130VERS\u0130TE SIRALAMADA<\/p>\n\n\n\n<p>108 \u00fclkeden bin 904 \u00fcniversitenin s\u0131raland\u0131\u011f\u0131 listede T\u00fcrkiye\u2019den 75 \u00fcniversite s\u0131ralamaya girme ba\u015far\u0131s\u0131 g\u00f6stererek bu say\u0131 ile d\u00fcnyada 7. en iyi temsil edilen \u00fclke unvan\u0131n\u0131 kazand\u0131. T\u00fcrkiye\u2019den 35 \u00fcniversite 1001-1500 diliminde yer ald\u0131.<\/p>\n\n\n\n<p>HEDEF\u0130M\u0130Z \u0130LK 1000<\/p>\n\n\n\n<p>Akdeniz \u00dcniversitesi Rekt\u00f6r\u00fc Prof. Dr. \u00d6zlenen \u00d6zkan, hedeflerinin ilk 1000 \u00fcniversite aras\u0131na girmek oldu\u011funu s\u00f6yledi. Bu ama\u00e7la son 3 y\u0131lda \u00f6nemli ad\u0131mlar at\u0131ld\u0131\u011f\u0131n\u0131n alt\u0131n\u0131 \u00e7izen Rekt\u00f6r Prof. Dr. \u00d6zlenen \u00d6zkan, \u201cBilimsel ara\u015ft\u0131rma projeleri y\u00f6nergemizi, atama y\u00fckseltme kriterlerimizi ve stratejik plan\u0131m\u0131z\u0131 g\u00fcncelledik.Son 2 y\u0131lda \u00f6\u011fretim \u00fcyesi ba\u015f\u0131na d\u00fc\u015fen yay\u0131n say\u0131s\u0131 oran\u0131 T\u00fcrkiye ortalamas\u0131nda d\u00fc\u015ferken \u00fcniversitemizde y\u00fczde 40 artt\u0131. Uluslararas\u0131 sayg\u0131n indekslerde en az bir makalesi olan \u00f6\u011fretim \u00fcyesi say\u0131s\u0131 y\u0131llar i\u00e7inde artarak \u00fcniversite tarihinde ilk kez 500\u2019\u00fcn \u00fczerine y\u00fckseldi. Att\u0131\u011f\u0131m\u0131z ad\u0131mlar\u0131n \u00fcniversitemize ve bilim d\u00fcnyam\u0131za katk\u0131s\u0131n\u0131 ilerleyen s\u00fcre\u00e7te \u00e7ok daha \u00e7arp\u0131c\u0131 bir \u015fekilde g\u00f6rece\u011fimize inan\u0131yorum. \u00dcniversitemizin b\u00fcy\u00fcmesi ve geli\u015fmesi i\u00e7in \u00f6zveriyle \u00e7al\u0131\u015fan t\u00fcm akademik ve idari personelimize te\u015fekk\u00fcr ederim.\u201d dedi.<\/p>\n\n\n\n<p>Akdeniz \u00dcniversitesi Rekt\u00f6rl\u00fc\u011f\u00fc \/ B\u00fclten<\/p>\n","protected":false},"excerpt":{"rendered":"<p>Akdeniz \u00dcniversitesi, Times HigherEducation (THE) 2024 D\u00fcnya \u00dcniversiteleri S\u0131ralamas\u0131nda ilk bin 200 \u00fcniversite aras\u0131nda yer ald\u0131. \u0130ngiltere kurulu\u015fu olan Times HigherEducation (THE) 2024 D\u00fcnya \u00dcniversiteleri <a href=\"https:\/\/akdenizhaber.com.tr\/index.php\/2023\/09\/30\/akdeniz-universitesi-the-2024-dunya-universiteleri-siralamasinda-yukseldi\/\" class=\"read-more-link\">[more&#8230;]<\/a><\/p>\n","protected":false},"author":2,"featured_media":16203,"comment_status":"open","ping_status":"open","sticky":false,"template":"","format":"standard","meta":{"footnotes":""},"categories":[2],"tags":[],"class_list":["post-16202","post","type-post","status-publish","format-standard","has-post-thumbnail","hentry","category-gundem"],"_links":{"self":[{"href":"https:\/\/akdenizhaber.com.tr\/index.php\/wp-json\/wp\/v2\/posts\/16202","targetHints":{"allow":["GET"]}}],"collection":[{"href":"https:\/\/akdenizhaber.com.tr\/index.php\/wp-json\/wp\/v2\/posts"}],"about":[{"href":"https:\/\/akdenizhaber.com.tr\/index.php\/wp-json\/wp\/v2\/types\/post"}],"author":[{"embeddable":true,"href":"https:\/\/akdenizhaber.com.tr\/index.php\/wp-json\/wp\/v2\/users\/2"}],"replies":[{"embeddable":true,"href":"https:\/\/akdenizhaber.com.tr\/index.php\/wp-json\/wp\/v2\/comments?post=16202"}],"version-history":[{"count":0,"href":"https:\/\/akdenizhaber.com.tr\/index.php\/wp-json\/wp\/v2\/posts\/16202\/revisions"}],"wp:featuredmedia":[{"embeddable":true,"href":"https:\/\/akdenizhaber.com.tr\/index.php\/wp-json\/wp\/v2\/media\/16203"}],"wp:attachment":[{"href":"https:\/\/akdenizhaber.com.tr\/index.php\/wp-json\/wp\/v2\/media?parent=16202"}],"wp:term":[{"taxonomy":"category","embeddable":true,"href":"https:\/\/akdenizhaber.com.tr\/index.php\/wp-json\/wp\/v2\/categories?post=16202"},{"taxonomy":"post_tag","embeddable":true,"href":"https:\/\/akdenizhaber.com.tr\/index.php\/wp-json\/wp\/v2\/tags?post=16202"}],"curies":[{"name":"wp","href":"https:\/\/api.w.org\/{rel}","templated":true}]}}