{"id":16199,"date":"2023-09-29T14:41:49","date_gmt":"2023-09-29T11:41:49","guid":{"rendered":"https:\/\/akdenizhaber.com.tr\/?p=16199"},"modified":"2023-09-29T14:41:50","modified_gmt":"2023-09-29T11:41:50","slug":"tgf-genel-baskani-yilmaz-karaca-ganire-pasayevanin-olumu-turk-dunyasi-icin-buyuk-bir-kayiptir","status":"publish","type":"post","link":"https:\/\/akdenizhaber.com.tr\/index.php\/2023\/09\/29\/tgf-genel-baskani-yilmaz-karaca-ganire-pasayevanin-olumu-turk-dunyasi-icin-buyuk-bir-kayiptir\/","title":{"rendered":"TGF Genel Ba\u015fkan\u0131 Y\u0131lmaz Karaca; Ganire Pa\u015fayeva\u2019n\u0131n \u00f6l\u00fcm\u00fc T\u00fcrk D\u00fcnyas\u0131 i\u00e7in b\u00fcy\u00fck bir kay\u0131pt\u0131r"},"content":{"rendered":"\n<p><\/p>\n\n\n\n<p>TGF Genel ba\u015fkan\u0131 Y\u0131lmaz Karaca, Azerbaycan Milletvekili Ganire Pa\u015fayeva\u2019n\u0131n \u00f6l\u00fcm\u00fcn\u00fcn T\u00fcrk D\u00fcnyas\u0131 i\u00e7in b\u00fcy\u00fck bir kay\u0131p oldu\u011funu s\u00f6yledi.<\/p>\n\n\n\n<p>Ganire Pa\u015fayeva\u2019n\u0131n vefat\u0131 \u00fczerine bir Ba\u015fsa\u011fl\u0131\u011f\u0131 mesaj\u0131 yay\u0131nlayan Genel ba\u015fkan Y\u0131lmaz Karaca, &#8220;T\u00fcrk d\u00fcnyas\u0131n\u0131n ve de\u011ferlerinin savunucusu Ganire Pa\u015fayeva\u2019n\u0131n vefat\u0131n\u0131 b\u00fcy\u00fck bir \u00fcz\u00fcnt\u00fcyle \u00f6\u011frenmi\u015f bulunmaktay\u0131z.<\/p>\n\n\n\n<p>De\u011ferli milletvekili Pa\u015fayeva\u2019n\u0131n vefat\u0131, sadece Azerbaycan i\u00e7in de\u011fil, t\u00fcm T\u00fcrk milleti i\u00e7in b\u00fcy\u00fck bir kay\u0131pt\u0131r. T\u00fcrkiye Gazeteciler Federasyonu ile g\u00fc\u00e7l\u00fc ba\u011flant\u0131lar\u0131 olan de\u011ferli milletvekilimiz iki hafta \u00f6nce TGF heyetini Bak\u00fc\u2019de a\u011f\u0131rlam\u0131\u015f, T\u00fcrk D\u00fcnyas\u0131 Gazeteciler \u015furas\u0131 program\u0131m\u0131za b\u00fcy\u00fck destek vermi\u015fti.<\/p>\n\n\n\n<p>Azerbaycan\u2019\u0131n d\u00fc\u015fman i\u015fgalinden kurtulu\u015funun 105\u2019inci y\u0131ld\u00f6n\u00fcm\u00fcn\u00fcn oldu\u011fu g\u00fcn TGF heyetine T\u00fcrk d\u00fcnyas\u0131na y\u00f6nelik \u00f6nemli a\u00e7\u0131klamalar da yapan de\u011ferli milletvekilimiz g\u00f6n\u00fcllerimizde taht kurmu\u015ftu.<\/p>\n\n\n\n<p>Birka\u00e7 g\u00fcnd\u00fcr tedavi g\u00f6ren ve ne yaz\u0131k ki hayata tutunamayan Ganire Pa\u015fayeva\u2019ya Allah\u2019tan rahmet, kederli ailesine, Azerbaycan milletine ve T\u00fcrk d\u00fcnyas\u0131na ba\u015fsa\u011fl\u0131\u011f\u0131 dilerim&#8221; dedi.<\/p>\n\n\n\n<p>Ganire Pa\u015fayeva kimdir ?<\/p>\n\n\n\n<p>Ganire Pa\u015fayeva, 24 Mart 1975 tarihinde Azerbaycan&#8217;\u0131n Tovuz rayonundaki D\u00fcz K\u0131r\u0131kl\u0131 kentinde d\u00fcnyaya geldi. \u0130lk ve orta\u00f6\u011freniminin ard\u0131ndan Azerbaycan T\u0131p \u00dcniversitesi Pediatri B\u00f6l\u00fcm\u00fc&#8217;n\u00fc ve Bak\u00fc Devlet \u00dcniversitesi Uluslararas\u0131 Hukuk B\u00f6l\u00fcm\u00fc&#8217;n\u00fc bitirdi.<\/p>\n\n\n\n<p>1998 y\u0131l\u0131nda ANS televizyonunda muhabir olarak \u00e7al\u0131\u015fmaya ba\u015flad\u0131 ve burada \u00e7ok \u00e7e\u015fitli g\u00f6revlerde bulundu. 2005 y\u0131l\u0131nda Haydar Aliyev Vakf\u0131&#8217;n\u0131n halkla ili\u015fkiler b\u00f6l\u00fcm ba\u015fkan\u0131 oldu.<\/p>\n\n\n\n<p>6 Kas\u0131m 2005 g\u00fcn\u00fc yap\u0131lan genel se\u00e7imlere ba\u011f\u0131ms\u0131z aday olarak kat\u0131ld\u0131 ve Tovuz milletvekili olarak Azerbaycan Mill\u00ee Meclisi&#8217;ne girdi. Mill\u00ee Meclis&#8217;teki Uluslararas\u0131 ve Parlamentolar Aras\u0131 \u0130li\u015fkiler Daimi Komisyonu&#8217;nun \u00fcyesi olan Ganire Pa\u015fayeva, ayn\u0131 zamanda Azerbaycan-G\u00fcrcistan Parlamentolar Aras\u0131 \u00c7al\u0131\u015fma Grubu&#8217;nun ba\u015fkan\u0131 ve Azerbaycan-T\u00fcrkiye, Azerbaycan-Hindistan ve Azerbaycan-Japonya Parlamentolar Aras\u0131 \u00c7al\u0131\u015fma Gruplar\u0131&#8217;n\u0131n \u00fcyesidir. Ganire Pa\u015fayeva, Avrupa Konseyi Parlamenter Asamblesi&#8217;nde Azerbaycan Cumhuriyeti&#8217;ni temsil eden kurulun da \u00fcyesidir.<\/p>\n\n\n\n<p>Bek\u00e2r olan Ganire Pa\u015fayeva, Azerbaycan T\u00fcrk\u00e7esi&#8217;nin yan\u0131 s\u0131ra Rus\u00e7a ve \u0130ngilizce bilmektedir.<\/p>\n\n\n\n<p>Astana Yay\u0131nlar\u0131 taraf\u0131ndan yay\u0131mlanm\u0131\u015f &#8220;A\u015fk Ba\u015fka&#8221; adl\u0131 bir \u015fiir kitab\u0131 bulunmaktad\u0131r.<\/p>\n\n\n\n<p>7 Ocak 2017 tarihten D\u00fcnya Alpagut Federasyonu As Ba\u015fkan Yard\u0131mc\u0131s\u0131 g\u00f6revinde bulunmaktad\u0131r.<\/p>\n\n\n\n<p>Pa\u015fayeva, 24 Eyl\u00fcl 2023&#8217;te komaya girdi. 28 Eyl\u00fcl 2023&#8217;te vefat etti.<\/p>\n\n\n\n<p>(Haber Merkezi)<\/p>\n","protected":false},"excerpt":{"rendered":"<p>TGF Genel ba\u015fkan\u0131 Y\u0131lmaz Karaca, Azerbaycan Milletvekili Ganire Pa\u015fayeva\u2019n\u0131n \u00f6l\u00fcm\u00fcn\u00fcn T\u00fcrk D\u00fcnyas\u0131 i\u00e7in b\u00fcy\u00fck bir kay\u0131p oldu\u011funu s\u00f6yledi. Ganire Pa\u015fayeva\u2019n\u0131n vefat\u0131 \u00fczerine bir Ba\u015fsa\u011fl\u0131\u011f\u0131 mesaj\u0131 <a href=\"https:\/\/akdenizhaber.com.tr\/index.php\/2023\/09\/29\/tgf-genel-baskani-yilmaz-karaca-ganire-pasayevanin-olumu-turk-dunyasi-icin-buyuk-bir-kayiptir\/\" class=\"read-more-link\">[more&#8230;]<\/a><\/p>\n","protected":false},"author":2,"featured_media":16200,"comment_status":"open","ping_status":"open","sticky":false,"template":"","format":"standard","meta":{"footnotes":""},"categories":[2],"tags":[],"class_list":["post-16199","post","type-post","status-publish","format-standard","has-post-thumbnail","hentry","category-gundem"],"_links":{"self":[{"href":"https:\/\/akdenizhaber.com.tr\/index.php\/wp-json\/wp\/v2\/posts\/16199","targetHints":{"allow":["GET"]}}],"collection":[{"href":"https:\/\/akdenizhaber.com.tr\/index.php\/wp-json\/wp\/v2\/posts"}],"about":[{"href":"https:\/\/akdenizhaber.com.tr\/index.php\/wp-json\/wp\/v2\/types\/post"}],"author":[{"embeddable":true,"href":"https:\/\/akdenizhaber.com.tr\/index.php\/wp-json\/wp\/v2\/users\/2"}],"replies":[{"embeddable":true,"href":"https:\/\/akdenizhaber.com.tr\/index.php\/wp-json\/wp\/v2\/comments?post=16199"}],"version-history":[{"count":0,"href":"https:\/\/akdenizhaber.com.tr\/index.php\/wp-json\/wp\/v2\/posts\/16199\/revisions"}],"wp:featuredmedia":[{"embeddable":true,"href":"https:\/\/akdenizhaber.com.tr\/index.php\/wp-json\/wp\/v2\/media\/16200"}],"wp:attachment":[{"href":"https:\/\/akdenizhaber.com.tr\/index.php\/wp-json\/wp\/v2\/media?parent=16199"}],"wp:term":[{"taxonomy":"category","embeddable":true,"href":"https:\/\/akdenizhaber.com.tr\/index.php\/wp-json\/wp\/v2\/categories?post=16199"},{"taxonomy":"post_tag","embeddable":true,"href":"https:\/\/akdenizhaber.com.tr\/index.php\/wp-json\/wp\/v2\/tags?post=16199"}],"curies":[{"name":"wp","href":"https:\/\/api.w.org\/{rel}","templated":true}]}}