{"id":16176,"date":"2023-09-29T14:34:05","date_gmt":"2023-09-29T11:34:05","guid":{"rendered":"https:\/\/akdenizhaber.com.tr\/?p=16176"},"modified":"2023-09-29T14:34:05","modified_gmt":"2023-09-29T11:34:05","slug":"antalya-buyuksehir-dunya-bankasi-heyeti-ile-bulustu","status":"publish","type":"post","link":"https:\/\/akdenizhaber.com.tr\/index.php\/2023\/09\/29\/antalya-buyuksehir-dunya-bankasi-heyeti-ile-bulustu\/","title":{"rendered":"Antalya B\u00fcy\u00fck\u015fehir D\u00fcnya Bankas\u0131 heyeti ile bulu\u015ftu"},"content":{"rendered":"\n<p><\/p>\n\n\n\n<p><strong>D\u00fcnya Bankas\u0131 ve \u0130ller Bankas\u0131 i\u015fbirli\u011fiyle haz\u0131rlanan, &#8216;Ye\u015fil ve Gelece\u011fin \u015eehirleri Projesi&#8217; kapsam\u0131nda pilot illerden biri se\u00e7ilen Antalya B\u00fcy\u00fck\u015fehir Belediyesi, D\u00fcnya Bankas\u0131 yetkilileriyle haz\u0131rl\u0131k toplant\u0131s\u0131nda bir araya geldi. \u0130ki g\u00fcn s\u00fcresince D\u00fcnya Bankas\u0131 heyeti, Antalya\u2019n\u0131n iklim de\u011fi\u015fikli\u011fine y\u00f6nelik \u00e7al\u0131\u015fmalar\u0131n\u0131 yerinde g\u00f6rd\u00fc. <\/strong><strong><\/strong><\/p>\n\n\n\n<p><strong>D\u00fcnya Bankas\u0131 ve \u0130ller Bankas\u0131 i\u015fbirli\u011fiyle haz\u0131rlanan, &#8216;Ye\u015fil ve Gelece\u011fin \u015eehirleri Projesi&#8217; kapsam\u0131nda Antalya ve Konya pilot il se\u00e7ildi. Bu projeyle birlikte Antalya B\u00fcy\u00fck\u015fehir Belediye Ba\u015fkan\u0131 Muhittin B\u00f6cek\u2019in \u201c\u00c7evre ve Do\u011fa Dostu\u201d projeleriyle fark yaratan Antalya B\u00fcy\u00fck\u015fehir Belediyesi\u2019nin iklim de\u011fi\u015fikli\u011fiyle ilgili m\u00fccadelesine destek verilmesi ve B\u00fcy\u00fck\u015fehir Belediyesi\u2019nin bu y\u00f6nde teknik kapasitesinin artt\u0131r\u0131lmas\u0131 ama\u00e7lan\u0131yor.<br>\u0130KL\u0130M DE\u011e\u0130\u015e\u0130KL\u0130\u011e\u0130 \u00c7ALI\u015eMALARI ANLATILDI<\/strong><strong><\/strong><\/p>\n\n\n\n<p><strong>\u2018Ye\u015fil ve Gelece\u011fin \u015eehirleri Projesi\u2019nin detaylar\u0131n\u0131 g\u00f6r\u00fc\u015fmek \u00fczere D\u00fcnya Bankas\u0131, \u0130ller Bankas\u0131 ve Cumhurba\u015fkanl\u0131\u011f\u0131 Strateji ve B\u00fct\u00e7e Ba\u015fkanl\u0131\u011f\u0131 temsilcileri Antalya\u2019y\u0131 ziyaret ederek, B\u00fcy\u00fck\u015fehir Belediyesi yetkilileri ile toplant\u0131da bir araya geldi. Toplant\u0131ya Antalya B\u00fcy\u00fck\u015fehir Belediyesi Ba\u015fkan Dan\u0131\u015fmanlar\u0131 Cem O\u011fuz, Lokman Atasoy, D\u00fcnya Bankas\u0131, \u0130ller Bankas\u0131 ve Cumhurba\u015fkanl\u0131\u011f\u0131Strateji ve B\u00fct\u00e7e Ba\u015fkanl\u0131\u011f\u0131 temsilcileri kat\u0131ld\u0131.Toplant\u0131 B\u00fcy\u00fck\u015fehir Belediyesi\u2019nin \u0130klim De\u011fi\u015fikli\u011fine y\u00f6nelik yapt\u0131\u011f\u0131 \u00e7al\u0131\u015fmalar\u0131 anlatan bir tan\u0131t\u0131m videosu vesunumu ile ba\u015flad\u0131.<br>TRAF\u0130K KAYNAKLI SERA GAZLARI \u00c7EVRE DOSTU ULA\u015eIM \u0130LE AZALACAK<\/strong><strong><\/strong><\/p>\n\n\n\n<p>Ba\u015fkan Dan\u0131\u015fman\u0131 ayn\u0131 zamanda projenin koordinat\u00f6r\u00fc olan Lokman Atasoy, D\u00fcnya Bankas\u0131 yetkililerine,B\u00fcy\u00fck\u015fehir Belediyesi taraf\u0131ndan haz\u0131rlanan S\u00fcrd\u00fcr\u00fclebilir Enerji ve \u0130klim Eylem Plan\u0131 kapsam\u0131nda yap\u0131lan sera gaz\u0131 envanter \u00e7al\u0131\u015fmas\u0131nda, ula\u015f\u0131m\u0131n b\u00fcy\u00fck etkisi oldu\u011funu ve karbon sal\u0131m\u0131n\u0131n azalt\u0131lmas\u0131nda rayl\u0131 sistemlerin, toplu ta\u015f\u0131man\u0131n yayg\u0131nla\u015ft\u0131r\u0131lmas\u0131n\u0131n iklim de\u011fi\u015fikli\u011fi ile m\u00fccadele a\u00e7\u0131s\u0131ndan son derece \u00f6nem arz etti\u011fini vurgulad\u0131.&nbsp;<\/p>\n\n\n\n<p>Antalya ula\u015f\u0131m\u0131 ile ilgili bilgi veren Ba\u015fkan Dan\u0131\u015fman\u0131 Cem O\u011fuz, 2019-2023 y\u0131llar\u0131 aras\u0131nda Antalya n\u00fcfusunun 176 bin ki\u015fi artmas\u0131na ra\u011fmen, ara\u00e7 say\u0131s\u0131n\u0131n 329 bin artt\u0131\u011f\u0131na dikkat \u00e7ekti.O\u011fuz, \u201cToplu ta\u015f\u0131mada rayl\u0131 sistem a\u011f\u0131n\u0131n geni\u015fletilmesiyle \u00f6zel ara\u00e7 kullan\u0131m\u0131 azalacak, kenti\u00e7i trafi\u011finde rahatlama olacakt\u0131r. Antalya\u2019da 5 etap rayl\u0131 sistem a\u011f\u0131 planland\u0131. Bunun 3 tanesi tamamland\u0131. 4\u2019\u00fcnc\u00fc etap rayl\u0131 sistem 18 km bunun t\u00fcm izinleri al\u0131nd\u0131. Yap\u0131m ihalesi s\u00fcrecine girdik. Bundan sonraki a\u015famada sizden destek isteyece\u011fimiz 5\u2019inci etap rayl\u0131 sistem 22 km olacak. Bu etap da tamamlan\u0131nca Antalya\u2019n\u0131n rayl\u0131 sisteminin t\u00fcm etaplar\u0131 tamamlanm\u0131\u015f oluyor. B\u00f6ylelikle Antalya\u2019da vatanda\u015flar\u0131m\u0131z bir yerden bir yere ula\u015fmak istediklerindeh\u0131zl\u0131, konforlu ve g\u00fcvenli olan rayl\u0131 sistemi kullanabilecekler. Antalya trafi\u011finde b\u00fcy\u00fck bir rahatlama sa\u011flanacak\u201d dedi.<br>D\u00dcNYA BANKASI TEKN\u0130K VE F\u0130NANSAL DESTEK SA\u011eLAYACAK<\/p>\n\n\n\n<p>D\u00fcnya Bankas\u0131 yetkililerinden Joanna Masic isebelediyelerin iklim de\u011fi\u015fikli\u011fi ile ilgili konular s\u00f6z konusu oldu\u011funda merkezi h\u00fck\u00fcmetlerden daha iyi \u00e7al\u0131\u015ft\u0131\u011f\u0131n\u0131 kaydetti. Joanna Masic, bu proje kapsam\u0131nda az say\u0131da \u015fehir \u00fczerinden ilerlemek istediklerini aktararak, \u015f\u00f6yle konu\u015ftu: \u201cBu belediyelerinde hali haz\u0131rda bir tak\u0131m eylem planlar\u0131n\u0131n, yap\u0131lacak \u00e7al\u0131\u015fmalar\u0131n ve isteklili\u011finin y\u00fcksek olmas\u0131 gerekiyordu. Projenin kapsam\u0131 hem karbon emisyonlar\u0131n\u0131n azalt\u0131lmas\u0131 hem de iklim de\u011fi\u015fikli\u011fine uyum sa\u011flanmas\u0131d\u0131r.<\/p>\n\n\n\n<p>Projenin geli\u015fim hedefi belediyelerin iklim de\u011fi\u015fikli\u011fi kar\u015f\u0131s\u0131nda dayan\u0131kl\u0131l\u0131k karbon emisyonlar\u0131nda azaltmaya y\u00f6nelik mekanlar haz\u0131rlamas\u0131na yard\u0131mc\u0131 olmak.<\/p>\n\n\n\n<p>Proje kapsam\u0131nda teknik destekle ilgili \u00e7al\u0131\u015fmalarda ger\u00e7ekle\u015ftirilecek. Bunun d\u0131\u015f\u0131nda sa\u011flanan krediler \u00fczerinden farkl\u0131 finansman olanaklar\u0131 \u00fczerinden sizlerin de eri\u015febilece\u011fi teknik destek \u00e7al\u0131\u015fmalar\u0131 olacak. Yapaca\u011f\u0131m\u0131z toplant\u0131larda ne gibi ek destekler sa\u011flayabiliriz bunlar\u0131 de\u011ferlendirece\u011fiz.\u201d<\/p>\n\n\n\n<p>D\u00dcNYA BANKASI HEYET\u0130 SAHA GEZ\u0130S\u0130NDE<\/p>\n\n\n\n<p>D\u00fcnya Bankas\u0131 heyeti de\u011ferlendirme toplant\u0131s\u0131 sonras\u0131nda ilk olarak Antalya B\u00fcy\u00fck\u015fehir Belediyesi binas\u0131nda bulunan depolamal\u0131 \u00e7at\u0131 tipi G\u00fcne\u015f Enerji Santrali\u2019ni inceledi. Ard\u0131ndan yine hizmet binas\u0131 i\u00e7erisinde yer alan enerji verimlili\u011fi \u00e7al\u0131\u015fmalar\u0131n\u0131 inceleyen heyet, tramvay ile \u015fehir i\u00e7erisinde k\u0131sa bir tur att\u0131. Daha sonra Bo\u011fa\u00e7ay\u0131 2. Etap Projesi ve merkez hal \u00fczerine yap\u0131lmas\u0131 planlanan \u00e7at\u0131 tipi GES projesi hakk\u0131nda yerinde bilgilendirildi. Heyet, D\u00f6\u015femealt\u0131 il\u00e7esinde bulunan baz\u0131 ya\u011fmur suyu ve kanalizasyon hatlar\u0131nda inceleme yaparak, Antalya program\u0131n\u0131 tamamlad\u0131.<\/p>\n\n\n\n<p><strong>Antalya B\u00fcy\u00fck\u015fehir Belediyesi \/ B\u00fclten<\/strong><\/p>\n","protected":false},"excerpt":{"rendered":"<p>D\u00fcnya Bankas\u0131 ve \u0130ller Bankas\u0131 i\u015fbirli\u011fiyle haz\u0131rlanan, &#8216;Ye\u015fil ve Gelece\u011fin \u015eehirleri Projesi&#8217; kapsam\u0131nda pilot illerden biri se\u00e7ilen Antalya B\u00fcy\u00fck\u015fehir Belediyesi, D\u00fcnya Bankas\u0131 yetkilileriyle haz\u0131rl\u0131k toplant\u0131s\u0131nda <a href=\"https:\/\/akdenizhaber.com.tr\/index.php\/2023\/09\/29\/antalya-buyuksehir-dunya-bankasi-heyeti-ile-bulustu\/\" class=\"read-more-link\">[more&#8230;]<\/a><\/p>\n","protected":false},"author":2,"featured_media":16177,"comment_status":"open","ping_status":"open","sticky":false,"template":"","format":"standard","meta":{"footnotes":""},"categories":[2],"tags":[],"class_list":["post-16176","post","type-post","status-publish","format-standard","has-post-thumbnail","hentry","category-gundem"],"_links":{"self":[{"href":"https:\/\/akdenizhaber.com.tr\/index.php\/wp-json\/wp\/v2\/posts\/16176","targetHints":{"allow":["GET"]}}],"collection":[{"href":"https:\/\/akdenizhaber.com.tr\/index.php\/wp-json\/wp\/v2\/posts"}],"about":[{"href":"https:\/\/akdenizhaber.com.tr\/index.php\/wp-json\/wp\/v2\/types\/post"}],"author":[{"embeddable":true,"href":"https:\/\/akdenizhaber.com.tr\/index.php\/wp-json\/wp\/v2\/users\/2"}],"replies":[{"embeddable":true,"href":"https:\/\/akdenizhaber.com.tr\/index.php\/wp-json\/wp\/v2\/comments?post=16176"}],"version-history":[{"count":0,"href":"https:\/\/akdenizhaber.com.tr\/index.php\/wp-json\/wp\/v2\/posts\/16176\/revisions"}],"wp:featuredmedia":[{"embeddable":true,"href":"https:\/\/akdenizhaber.com.tr\/index.php\/wp-json\/wp\/v2\/media\/16177"}],"wp:attachment":[{"href":"https:\/\/akdenizhaber.com.tr\/index.php\/wp-json\/wp\/v2\/media?parent=16176"}],"wp:term":[{"taxonomy":"category","embeddable":true,"href":"https:\/\/akdenizhaber.com.tr\/index.php\/wp-json\/wp\/v2\/categories?post=16176"},{"taxonomy":"post_tag","embeddable":true,"href":"https:\/\/akdenizhaber.com.tr\/index.php\/wp-json\/wp\/v2\/tags?post=16176"}],"curies":[{"name":"wp","href":"https:\/\/api.w.org\/{rel}","templated":true}]}}