{"id":16156,"date":"2023-09-28T13:51:06","date_gmt":"2023-09-28T10:51:06","guid":{"rendered":"https:\/\/akdenizhaber.com.tr\/?p=16156"},"modified":"2023-09-28T13:51:07","modified_gmt":"2023-09-28T10:51:07","slug":"caltilicukur-ve-murtici-grup-yolunda-sathi-asfalt-calismasi","status":"publish","type":"post","link":"https:\/\/akdenizhaber.com.tr\/index.php\/2023\/09\/28\/caltilicukur-ve-murtici-grup-yolunda-sathi-asfalt-calismasi\/","title":{"rendered":"\u00c7alt\u0131l\u0131\u00e7ukur ve Murti\u00e7i grup yolunda sathi asfalt \u00e7al\u0131\u015fmas\u0131"},"content":{"rendered":"\n<p><\/p>\n\n\n\n<p>Antalya B\u00fcy\u00fck\u015fehir Belediyesi k\u0131rsal hizmetler ekipleri Akseki\u2019nin \u00c7alt\u0131l\u0131\u00e7ukur ve Murti\u00e7i Mahalle grup yolunu asfaltla kapl\u0131yor.<\/p>\n\n\n\n<p>Antalya B\u00fcy\u00fck\u015fehir Belediyesi k\u0131rsalda asfalt seferberli\u011fini s\u00fcrd\u00fcr\u00fcyor. Vatanda\u015flar\u0131n konforlu bir \u015fekilde ula\u015f\u0131mlar\u0131n\u0131 sa\u011flamalar\u0131 i\u00e7in \u00e7al\u0131\u015fmalar\u0131n\u0131 gece g\u00fcnd\u00fcz s\u00fcrd\u00fcren B\u00fcy\u00fck\u015fehir Belediyesi, Akseki il\u00e7esine ba\u011fl\u0131 \u00c7alt\u0131l\u0131\u00e7ukur ve Murti\u00e7i mahallesi grup yolunda sathi asfalt \u00e7al\u0131\u015fmalar\u0131 yap\u0131yor.<\/p>\n\n\n\n<p>G\u00dcVENL\u0130 VE KONFORLU<\/p>\n\n\n\n<p>Antalya B\u00fcy\u00fck\u015fehir Belediyesi K\u0131rsal Hizmetler Daire Ba\u015fkanl\u0131\u011f\u0131 grup yolunda daha \u00f6nceden altyap\u0131 g\u00fc\u00e7lendirme b\u00fcz menfez \u00e7al\u0131\u015fmalar\u0131 yapm\u0131\u015ft\u0131. K\u0131rsal Hizmetlere ba\u011fl\u0131 asfalt ekipleri \u015fimdide sathi asfalt \u00e7al\u0131\u015fmas\u0131na ba\u015flad\u0131. 13 kilometre uzunlu\u011fundaki asfalt \u00e7al\u0131\u015fmalar\u0131 tamamland\u0131\u011f\u0131nda grup yolu g\u00fcvenli ve konforlu hale gelecek.<\/p>\n\n\n\n<p>YER\u0130NDE \u0130NCELED\u0130<\/p>\n\n\n\n<p>Antalya B\u00fcy\u00fck\u015fehir Belediyesi K\u0131rsal Hizmetler sorumlusu \u0130sa Akdemir, \u00c7alt\u0131l\u0131\u00e7ukur Mahalle Muhtar\u0131 Dursun Y\u00fcksel ile birlikte yap\u0131lan sathi asfalt \u00e7al\u0131\u015fmalar\u0131n\u0131 yerinde inceleyerek, yolun b\u00f6lge halk\u0131na hay\u0131rl\u0131 olmas\u0131n\u0131 diledi. \u0130sa Akdemir, B\u00fcy\u00fck\u015fehir Belediyesi\u2019nin g\u00fcvenli hale getirerek vatanda\u015flar\u0131n hizmetine sundu\u011funu s\u00f6yledi.<\/p>\n\n\n\n<p>YOL BOZUK D\u0130YE K\u0130MSE GELM\u0130YOR<\/p>\n\n\n\n<p>\u00c7alt\u0131l\u0131\u00e7ukur Mahalle Muhtar\u0131 Dursun Y\u00fcksel n\u00fcfusun b\u00fcy\u00fck oranda Antalya\u2019da ya\u015fad\u0131\u011f\u0131na dikkat \u00e7ekerek \u201cYollar bozuk oldu\u011fu zaman kimse gelmiyor. Biz istiyoruz ki gen\u00e7leri k\u00f6ye \u00e7ekelim. Muhittin Ba\u015fkan\u0131m\u0131zdan Allah raz\u0131 olsun yollar\u0131m\u0131z\u0131 yapt\u0131\u201d dedi.<\/p>\n\n\n\n<p>BA\u015eKAN B\u00d6CEK KIRSALA \u00d6NEM VER\u0130YOR<\/p>\n\n\n\n<p>Akseki \u00c7ukurk\u00f6yl\u00fc Aydan Y\u00fcksel de b\u00f6lgede uzun zamand\u0131r yol sorunu oldu\u011funu belirterek \u015f\u00f6yle konu\u015ftu: \u201cBu yol \u00fczerinde orman kesimleri var. \u00c7ok a\u011f\u0131r tonajl\u0131 ara\u00e7lar ge\u00e7ti\u011fi i\u00e7in yollar beklenen s\u00fcrenin daha alt\u0131nda bozuluyor. B\u00fcy\u00fck\u015fehir Belediye Ba\u015fkan\u0131m\u0131z bu yola el atmasayd\u0131 daha da bozulacakt\u0131 ve tamiri daha zor olacakt\u0131. Ba\u015fkan Muhittin B\u00f6cek\u2019in k\u0131rsala y\u00f6nelik \u00e7al\u0131\u015fmalar\u0131 \u00e7ok fazla. Ba\u015fkan k\u0131rsala \u00e7ok \u00f6nem veriyor.\u00c7al\u0131\u015fmalar\u0131n\u0131 \u00e7ok takdir ediyoruz.\u201d<\/p>\n\n\n\n<p>Antalya B\u00fcy\u00fck\u015fehir Belediyesi \/ B\u00fclten<\/p>\n","protected":false},"excerpt":{"rendered":"<p>Antalya B\u00fcy\u00fck\u015fehir Belediyesi k\u0131rsal hizmetler ekipleri Akseki\u2019nin \u00c7alt\u0131l\u0131\u00e7ukur ve Murti\u00e7i Mahalle grup yolunu asfaltla kapl\u0131yor. Antalya B\u00fcy\u00fck\u015fehir Belediyesi k\u0131rsalda asfalt seferberli\u011fini s\u00fcrd\u00fcr\u00fcyor. Vatanda\u015flar\u0131n konforlu bir <a href=\"https:\/\/akdenizhaber.com.tr\/index.php\/2023\/09\/28\/caltilicukur-ve-murtici-grup-yolunda-sathi-asfalt-calismasi\/\" class=\"read-more-link\">[more&#8230;]<\/a><\/p>\n","protected":false},"author":2,"featured_media":16157,"comment_status":"open","ping_status":"open","sticky":false,"template":"","format":"standard","meta":{"footnotes":""},"categories":[2],"tags":[],"class_list":["post-16156","post","type-post","status-publish","format-standard","has-post-thumbnail","hentry","category-gundem"],"_links":{"self":[{"href":"https:\/\/akdenizhaber.com.tr\/index.php\/wp-json\/wp\/v2\/posts\/16156","targetHints":{"allow":["GET"]}}],"collection":[{"href":"https:\/\/akdenizhaber.com.tr\/index.php\/wp-json\/wp\/v2\/posts"}],"about":[{"href":"https:\/\/akdenizhaber.com.tr\/index.php\/wp-json\/wp\/v2\/types\/post"}],"author":[{"embeddable":true,"href":"https:\/\/akdenizhaber.com.tr\/index.php\/wp-json\/wp\/v2\/users\/2"}],"replies":[{"embeddable":true,"href":"https:\/\/akdenizhaber.com.tr\/index.php\/wp-json\/wp\/v2\/comments?post=16156"}],"version-history":[{"count":0,"href":"https:\/\/akdenizhaber.com.tr\/index.php\/wp-json\/wp\/v2\/posts\/16156\/revisions"}],"wp:featuredmedia":[{"embeddable":true,"href":"https:\/\/akdenizhaber.com.tr\/index.php\/wp-json\/wp\/v2\/media\/16157"}],"wp:attachment":[{"href":"https:\/\/akdenizhaber.com.tr\/index.php\/wp-json\/wp\/v2\/media?parent=16156"}],"wp:term":[{"taxonomy":"category","embeddable":true,"href":"https:\/\/akdenizhaber.com.tr\/index.php\/wp-json\/wp\/v2\/categories?post=16156"},{"taxonomy":"post_tag","embeddable":true,"href":"https:\/\/akdenizhaber.com.tr\/index.php\/wp-json\/wp\/v2\/tags?post=16156"}],"curies":[{"name":"wp","href":"https:\/\/api.w.org\/{rel}","templated":true}]}}