{"id":16147,"date":"2023-09-28T13:49:22","date_gmt":"2023-09-28T10:49:22","guid":{"rendered":"https:\/\/akdenizhaber.com.tr\/?p=16147"},"modified":"2023-09-28T13:49:23","modified_gmt":"2023-09-28T10:49:23","slug":"cevre-egitim-ve-inovasyon-merkezine-uluslararasi-odul","status":"publish","type":"post","link":"https:\/\/akdenizhaber.com.tr\/index.php\/2023\/09\/28\/cevre-egitim-ve-inovasyon-merkezine-uluslararasi-odul\/","title":{"rendered":"\u00c7evre E\u011fitim ve \u0130novasyon Merkezi\u2019ne uluslararas\u0131 \u00f6d\u00fcl"},"content":{"rendered":"\n<p><\/p>\n\n\n\n<p>Antalya B\u00fcy\u00fck\u015fehir Belediyesi \u00e7evre \u00f6d\u00fcllerine bir yenisini daha ekledi. Uluslararas\u0131 \u00c7evre E\u011fitim Vakf\u0131 taraf\u0131ndan d\u00fczenlenen \u201cEn \u0130yi Uygulama \u00d6rnekleri\u201d (Best Practice) yar\u0131\u015fmas\u0131nda, Antalya B\u00fcy\u00fck\u015fehir Belediyesi \u00c7evre E\u011fitim ve \u0130novasyon Merkezi \u201cEnerji Tasarrufu ve Y\u00f6netimi\u201d kategorisinde T\u00fcrkiye ad\u0131na \u00f6d\u00fcl ald\u0131. Bu \u00f6d\u00fclle birlikte B\u00fcy\u00fck\u015fehir Belediyesi\u2019nin 4.5 y\u0131lda ald\u0131\u011f\u0131 \u00e7evre \u00f6d\u00fcl\u00fc say\u0131s\u0131 18\u2019e ula\u015ft\u0131<\/p>\n\n\n\n<p>Merkezi Danimarka\u2019da bulunan 81 \u00fcye \u00fclkesi olan Uluslararas\u0131 \u00c7evre E\u011fitim Vakf\u0131 taraf\u0131ndan d\u00fczenlenen \u201cEn iyi Uygulama \u00d6rnekleri\u201d (Best Practice) yar\u0131\u015fmas\u0131nda,&nbsp; Antalya B\u00fcy\u00fck\u015fehir Belediyesi \u0130klim De\u011fi\u015fikli\u011fi ve S\u0131f\u0131r At\u0131k Dairesi Ba\u015fkanl\u0131\u011f\u0131\u2019na ba\u011fl\u0131 \u00c7evre E\u011fitim ve \u0130novasyon Merkezi \u201cEnerji tasarrufu ve y\u00f6netimi\u201d kategorisinde T\u00fcrkiye ad\u0131na \u00f6d\u00fcl ald\u0131. &nbsp;\u00d6d\u00fcl\u00fc vermek \u00fczere Malta\u2019dan g\u00f6revlendirilen heyet, Antalya\u2019ya geldi. \u00c7evre E\u011fitim ve \u0130novasyon Merkezi\u2019nde incelemelerde bulunan heyet ard\u0131ndan T\u00dcR\u00c7EV yetkilileri ile birlikte Antalya B\u00fcy\u00fck\u015fehir Belediye Ba\u015fkan\u0131 Muhittin B\u00f6cek\u2019i ziyaret ederek, \u00f6d\u00fcl\u00fc takdim etti.<\/p>\n\n\n\n<p>T\u00dcRK\u0130YE\u2019YE \u00d6RNEK OLUYORUZ<\/p>\n\n\n\n<p>Antalya B\u00fcy\u00fck\u015fehir Belediye Ba\u015fkan\u0131 Muhittin B\u00f6cek, B\u00fcy\u00fck\u015fehir Belediyesi\u2019nin yapm\u0131\u015f oldu\u011fu \u00e7al\u0131\u015fmalar\u0131n her zaman \u00f6rnek oldu\u011funu belirterek \u201cT\u00fcrkiye\u2019de \u00e7evre projelerimizle \u00f6rnek bir belediye olmaya devam ediyoruz. Toplumun en \u00f6nemli yap\u0131 ta\u015flar\u0131 olan \u00e7ocuklar\u0131m\u0131zdan ba\u015flayarak, \u00e7evre bilincini art\u0131rmaya \u00e7al\u0131\u015f\u0131yoruz. Bu kapsamda \u00c7evre E\u011fitim ve \u0130novasyon Merkezi\u2019mizi faaliyete sokarak fark\u0131ndal\u0131k olu\u015fturduk. Bu \u00f6d\u00fclle birlikte ald\u0131\u011f\u0131m\u0131z \u00e7evre \u00f6d\u00fcl\u00fc say\u0131s\u0131 18\u2019e ula\u015ft\u0131.&nbsp; \u00d6d\u00fcl\u00fc almam\u0131zda eme\u011fi ge\u00e7en herkese te\u015fekk\u00fcr ediyorum\u201d ifadelerini kulland\u0131.<\/p>\n\n\n\n<p>BA\u015eKAN B\u00d6CEK\u2019E TE\u015eEKK\u00dcR<\/p>\n\n\n\n<p>Uluslararas\u0131 \u00c7evre E\u011fitim Vakf\u0131n\u0131n Malta temsilcili\u011fini y\u00fcr\u00fcten Do\u011fay\u0131 Ara\u015ft\u0131rma ve Koruma Derne\u011fi \u2018Nature Trust\u2019\u0131n \u0130dari Ba\u015fkan\u0131 ve Heyet Ba\u015fkan\u0131 Vincent Attard, \u00e7evre konusunda yap\u0131lan ba\u015far\u0131l\u0131 \u00e7al\u0131\u015fmalar\u0131ndan dolay\u0131 Ba\u015fkan B\u00f6cek\u2019e te\u015fekk\u00fcr etti. Attard, deniz ara\u00e7lar\u0131ndan kaynaklanan kirlili\u011fin \u00f6nlenmesine y\u00f6nelik belediyenin faaliyete ge\u00e7irdi\u011fi Elektronik Gemi Denetim Merkezini de ziyaret ettiklerini ve uygulaman\u0131n \u00e7ok ba\u015far\u0131l\u0131 oldu\u011funu belirtti. B\u00fcy\u00fck\u015fehir Belediyesi \u00c7evre E\u011fitim ve \u0130novasyon Merkezi\u2019nden \u00e7ok etkilendiklerini, sadece \u00e7ocuklara de\u011fil yeti\u015fkinlere de hitap etmesinin son derece faydal\u0131 oldu\u011funu dile getiren Attard, konuyla ilgili i\u015fbirli\u011fine haz\u0131r olduklar\u0131n\u0131 ifade etti.<\/p>\n\n\n\n<p>Antalya B\u00fcy\u00fck\u015fehir Belediyesi\/B\u00fclten<\/p>\n","protected":false},"excerpt":{"rendered":"<p>Antalya B\u00fcy\u00fck\u015fehir Belediyesi \u00e7evre \u00f6d\u00fcllerine bir yenisini daha ekledi. Uluslararas\u0131 \u00c7evre E\u011fitim Vakf\u0131 taraf\u0131ndan d\u00fczenlenen \u201cEn \u0130yi Uygulama \u00d6rnekleri\u201d (Best Practice) yar\u0131\u015fmas\u0131nda, Antalya B\u00fcy\u00fck\u015fehir Belediyesi <a href=\"https:\/\/akdenizhaber.com.tr\/index.php\/2023\/09\/28\/cevre-egitim-ve-inovasyon-merkezine-uluslararasi-odul\/\" class=\"read-more-link\">[more&#8230;]<\/a><\/p>\n","protected":false},"author":2,"featured_media":16148,"comment_status":"open","ping_status":"open","sticky":false,"template":"","format":"standard","meta":{"footnotes":""},"categories":[2],"tags":[],"class_list":["post-16147","post","type-post","status-publish","format-standard","has-post-thumbnail","hentry","category-gundem"],"_links":{"self":[{"href":"https:\/\/akdenizhaber.com.tr\/index.php\/wp-json\/wp\/v2\/posts\/16147","targetHints":{"allow":["GET"]}}],"collection":[{"href":"https:\/\/akdenizhaber.com.tr\/index.php\/wp-json\/wp\/v2\/posts"}],"about":[{"href":"https:\/\/akdenizhaber.com.tr\/index.php\/wp-json\/wp\/v2\/types\/post"}],"author":[{"embeddable":true,"href":"https:\/\/akdenizhaber.com.tr\/index.php\/wp-json\/wp\/v2\/users\/2"}],"replies":[{"embeddable":true,"href":"https:\/\/akdenizhaber.com.tr\/index.php\/wp-json\/wp\/v2\/comments?post=16147"}],"version-history":[{"count":0,"href":"https:\/\/akdenizhaber.com.tr\/index.php\/wp-json\/wp\/v2\/posts\/16147\/revisions"}],"wp:featuredmedia":[{"embeddable":true,"href":"https:\/\/akdenizhaber.com.tr\/index.php\/wp-json\/wp\/v2\/media\/16148"}],"wp:attachment":[{"href":"https:\/\/akdenizhaber.com.tr\/index.php\/wp-json\/wp\/v2\/media?parent=16147"}],"wp:term":[{"taxonomy":"category","embeddable":true,"href":"https:\/\/akdenizhaber.com.tr\/index.php\/wp-json\/wp\/v2\/categories?post=16147"},{"taxonomy":"post_tag","embeddable":true,"href":"https:\/\/akdenizhaber.com.tr\/index.php\/wp-json\/wp\/v2\/tags?post=16147"}],"curies":[{"name":"wp","href":"https:\/\/api.w.org\/{rel}","templated":true}]}}