{"id":16135,"date":"2023-09-28T13:47:10","date_gmt":"2023-09-28T10:47:10","guid":{"rendered":"https:\/\/akdenizhaber.com.tr\/?p=16135"},"modified":"2023-09-28T13:47:10","modified_gmt":"2023-09-28T10:47:10","slug":"turkiyenin-tum-renkleri-muratpasada","status":"publish","type":"post","link":"https:\/\/akdenizhaber.com.tr\/index.php\/2023\/09\/28\/turkiyenin-tum-renkleri-muratpasada\/","title":{"rendered":"T\u00fcrkiye\u2019nin t\u00fcm renkleri Muratpa\u015fa\u2019da"},"content":{"rendered":"\n<p><\/p>\n\n\n\n<p><strong>Antalya\u2019da Muratpa\u015fa Belediyesi\u2019nin 7\u2019ncisini d\u00fczenlendi\u011fi Y\u00f6reler Renkler Festivali\u2019nde derneklerin kurdu\u011fu stantlar\u0131 ziyaret eden Belediye Ba\u015fkan\u0131 \u00dcmit Uysal, Kahramanmara\u015fl\u0131larla dondurma yapt\u0131, Nev\u015fehirlilerle testi kebab\u0131 k\u0131r\u0131p Trabzonlularla kuymak haz\u0131rlad\u0131.<\/strong><\/p>\n\n\n\n<p>\u201cT\u00fcrkiye\u2019miz hepimizin\u201d slogan\u0131yla Muratpa\u015fa Belediyesi\u2019nin 7\u2019ncisini d\u00fczenledi\u011fi Y\u00f6reler Renkler Festivali devam ediyor. Festivalin ikinci g\u00fcn\u00fcnde Ba\u015fkan Uysal, festivale kat\u0131lan derneklerin Muratpa\u015fa Atat\u00fcrk Kent Meydan\u0131\u2019ndaki stantlar\u0131n\u0131 ziyaret etti. Uysal, dernek temsilcilerinin Mevlit Kandilini kutlad\u0131 ve kandil simidi ikram etti.<br><br>\u015eehirlerin yemeklerinin, el sanatlar\u0131n\u0131n, do\u011fal ve tarihi g\u00fczelliklerinin tan\u0131t\u0131ld\u0131\u011f\u0131 stantlarda Ba\u015fkan Uysal,&nbsp;Kahramanmara\u015fl\u0131larla dondurma yapt\u0131, Nev\u015fehirlilerle testi kebab\u0131 k\u0131r\u0131p Trabzonlularla kuymak haz\u0131rlad\u0131. Ba\u015fkan Uysal, ziyaretinde derneklerle ve festival alan\u0131n dolduran vatanda\u015flarla bol bol hat\u0131ra foto\u011fraf\u0131 da \u00e7ektirdi.<br><br>Festivalin ikinci g\u00fcn\u00fc,&nbsp;Ege ve Marmara gecesiyle devam etti. Gecede \u0130lke T\u00fcrkdo\u011fan ve Antalya Orkestras\u0131 sahne ald\u0131. Gecede, Ba\u015fkan Uysal Marmara ve Ege b\u00f6lgeleri hem\u015feri derneklerine Ba\u015fkan kat\u0131l\u0131m plaketlerini takdim etti. Uysal, konu\u015fmas\u0131nda ise Y\u00f6reler Renkler Festivali\u2019nin \u201cBir \u015fehirde bulu\u015ftuk bir \u015fehri olu\u015fturduk\u201d felsefesi ile yo\u011frulmu\u015f bir etkinlik oldu\u011funu s\u00f6yledi. T\u00fcrkiye\u2019nin ve \u00f6zellikle Antalya\u2019n\u0131n son 50-60 y\u0131l i\u00e7inde yo\u011fun bir g\u00f6\u00e7 ald\u0131\u011f\u0131na dikkat \u00e7eken Ba\u015fkan Uysal, Muratpa\u015fa\u2019da herkesin kendini e\u015fit, sayg\u0131 de\u011fer ve kom\u015fu hissetti\u011finin alt\u0131n\u0131 \u00e7izdi.<\/p>\n\n\n\n<p><strong>Muratpa\u015fa Belediyesi \/ B\u00fclten<\/strong><\/p>\n","protected":false},"excerpt":{"rendered":"<p>Antalya\u2019da Muratpa\u015fa Belediyesi\u2019nin 7\u2019ncisini d\u00fczenlendi\u011fi Y\u00f6reler Renkler Festivali\u2019nde derneklerin kurdu\u011fu stantlar\u0131 ziyaret eden Belediye Ba\u015fkan\u0131 \u00dcmit Uysal, Kahramanmara\u015fl\u0131larla dondurma yapt\u0131, Nev\u015fehirlilerle testi kebab\u0131 k\u0131r\u0131p Trabzonlularla <a href=\"https:\/\/akdenizhaber.com.tr\/index.php\/2023\/09\/28\/turkiyenin-tum-renkleri-muratpasada\/\" class=\"read-more-link\">[more&#8230;]<\/a><\/p>\n","protected":false},"author":2,"featured_media":16136,"comment_status":"open","ping_status":"open","sticky":false,"template":"","format":"standard","meta":{"footnotes":""},"categories":[2],"tags":[],"class_list":["post-16135","post","type-post","status-publish","format-standard","has-post-thumbnail","hentry","category-gundem"],"_links":{"self":[{"href":"https:\/\/akdenizhaber.com.tr\/index.php\/wp-json\/wp\/v2\/posts\/16135","targetHints":{"allow":["GET"]}}],"collection":[{"href":"https:\/\/akdenizhaber.com.tr\/index.php\/wp-json\/wp\/v2\/posts"}],"about":[{"href":"https:\/\/akdenizhaber.com.tr\/index.php\/wp-json\/wp\/v2\/types\/post"}],"author":[{"embeddable":true,"href":"https:\/\/akdenizhaber.com.tr\/index.php\/wp-json\/wp\/v2\/users\/2"}],"replies":[{"embeddable":true,"href":"https:\/\/akdenizhaber.com.tr\/index.php\/wp-json\/wp\/v2\/comments?post=16135"}],"version-history":[{"count":0,"href":"https:\/\/akdenizhaber.com.tr\/index.php\/wp-json\/wp\/v2\/posts\/16135\/revisions"}],"wp:featuredmedia":[{"embeddable":true,"href":"https:\/\/akdenizhaber.com.tr\/index.php\/wp-json\/wp\/v2\/media\/16136"}],"wp:attachment":[{"href":"https:\/\/akdenizhaber.com.tr\/index.php\/wp-json\/wp\/v2\/media?parent=16135"}],"wp:term":[{"taxonomy":"category","embeddable":true,"href":"https:\/\/akdenizhaber.com.tr\/index.php\/wp-json\/wp\/v2\/categories?post=16135"},{"taxonomy":"post_tag","embeddable":true,"href":"https:\/\/akdenizhaber.com.tr\/index.php\/wp-json\/wp\/v2\/tags?post=16135"}],"curies":[{"name":"wp","href":"https:\/\/api.w.org\/{rel}","templated":true}]}}