{"id":16127,"date":"2023-09-27T13:27:16","date_gmt":"2023-09-27T10:27:16","guid":{"rendered":"https:\/\/akdenizhaber.com.tr\/?p=16127"},"modified":"2023-09-27T13:27:17","modified_gmt":"2023-09-27T10:27:17","slug":"tgf-heyeti-antalya-valisi-hulusi-sahini-ziyaret-etti","status":"publish","type":"post","link":"https:\/\/akdenizhaber.com.tr\/index.php\/2023\/09\/27\/tgf-heyeti-antalya-valisi-hulusi-sahini-ziyaret-etti\/","title":{"rendered":"TGF heyeti Antalya Valisi Hulusi \u015eahin\u2019i ziyaret etti"},"content":{"rendered":"\n<p><\/p>\n\n\n\n<p>&nbsp;T\u00fcrkiye Gazeteciler Federasyonu Genel Ba\u015fkan\u0131 Y\u0131lmaz Karaca ve beraberindeki heyet Antalya Valisi Hulusi \u015eahin\u2019i makam\u0131nda ziyaret etti.<\/p>\n\n\n\n<p>Ziyarette Genel ba\u015fkan Y\u0131lmaz Karaca\u2019ya Genel ba\u015fkan yard\u0131mc\u0131s\u0131 Levent Altun, Antalya Bas\u0131n Cemiyeti ba\u015fkan\u0131 \u0130brahim Akkaya ve Genel sekreter Cem \u00c7on e\u015flik etti.<\/p>\n\n\n\n<p>Genel ba\u015fkan Y\u0131lmaz Karaca, Antalya\u2019da bir s\u00fcre \u00f6nce g\u00f6reve ba\u015flayan Vali Hulusi \u015eahin\u2019e hay\u0131rl\u0131 olsun temennisinde bulundu. Federasyonun \u00e7al\u0131\u015fmalar\u0131 hakk\u0131nda da bilgi veren Genel ba\u015fkan Y\u0131lmaz Karaca, Vali Hulusi \u015eahin\u2019e plaket takdim etti.<\/p>\n\n\n\n<p>Antalya Valisi Hulusi \u015eahin de TGF heyetine ba\u015far\u0131lar diledi.<\/p>\n\n\n\n<p>(Haber Merkezi)<\/p>\n","protected":false},"excerpt":{"rendered":"<p>&nbsp;T\u00fcrkiye Gazeteciler Federasyonu Genel Ba\u015fkan\u0131 Y\u0131lmaz Karaca ve beraberindeki heyet Antalya Valisi Hulusi \u015eahin\u2019i makam\u0131nda ziyaret etti. Ziyarette Genel ba\u015fkan Y\u0131lmaz Karaca\u2019ya Genel ba\u015fkan yard\u0131mc\u0131s\u0131 <a href=\"https:\/\/akdenizhaber.com.tr\/index.php\/2023\/09\/27\/tgf-heyeti-antalya-valisi-hulusi-sahini-ziyaret-etti\/\" class=\"read-more-link\">[more&#8230;]<\/a><\/p>\n","protected":false},"author":2,"featured_media":16128,"comment_status":"open","ping_status":"open","sticky":false,"template":"","format":"standard","meta":{"footnotes":""},"categories":[2],"tags":[],"class_list":["post-16127","post","type-post","status-publish","format-standard","has-post-thumbnail","hentry","category-gundem"],"_links":{"self":[{"href":"https:\/\/akdenizhaber.com.tr\/index.php\/wp-json\/wp\/v2\/posts\/16127","targetHints":{"allow":["GET"]}}],"collection":[{"href":"https:\/\/akdenizhaber.com.tr\/index.php\/wp-json\/wp\/v2\/posts"}],"about":[{"href":"https:\/\/akdenizhaber.com.tr\/index.php\/wp-json\/wp\/v2\/types\/post"}],"author":[{"embeddable":true,"href":"https:\/\/akdenizhaber.com.tr\/index.php\/wp-json\/wp\/v2\/users\/2"}],"replies":[{"embeddable":true,"href":"https:\/\/akdenizhaber.com.tr\/index.php\/wp-json\/wp\/v2\/comments?post=16127"}],"version-history":[{"count":0,"href":"https:\/\/akdenizhaber.com.tr\/index.php\/wp-json\/wp\/v2\/posts\/16127\/revisions"}],"wp:featuredmedia":[{"embeddable":true,"href":"https:\/\/akdenizhaber.com.tr\/index.php\/wp-json\/wp\/v2\/media\/16128"}],"wp:attachment":[{"href":"https:\/\/akdenizhaber.com.tr\/index.php\/wp-json\/wp\/v2\/media?parent=16127"}],"wp:term":[{"taxonomy":"category","embeddable":true,"href":"https:\/\/akdenizhaber.com.tr\/index.php\/wp-json\/wp\/v2\/categories?post=16127"},{"taxonomy":"post_tag","embeddable":true,"href":"https:\/\/akdenizhaber.com.tr\/index.php\/wp-json\/wp\/v2\/tags?post=16127"}],"curies":[{"name":"wp","href":"https:\/\/api.w.org\/{rel}","templated":true}]}}