{"id":16124,"date":"2023-09-27T13:26:40","date_gmt":"2023-09-27T10:26:40","guid":{"rendered":"https:\/\/akdenizhaber.com.tr\/?p=16124"},"modified":"2023-09-27T13:26:41","modified_gmt":"2023-09-27T10:26:41","slug":"sanli-bayragimizi-akdenizde-actik","status":"publish","type":"post","link":"https:\/\/akdenizhaber.com.tr\/index.php\/2023\/09\/27\/sanli-bayragimizi-akdenizde-actik\/","title":{"rendered":"\u015eanl\u0131 Bayra\u011f\u0131m\u0131z\u0131 Akdeniz\u2019de A\u00e7t\u0131k"},"content":{"rendered":"\n<p><\/p>\n\n\n\n<p>Dr. H\u00fcseyin Vural \u00d6zel E\u011fitim Ortaokulu \u00d6\u011fretmen ve \u00d6\u011frencileri Side Sualt\u0131 Arama Kurtarma Derne\u011fi ile i\u015fbirli\u011fi i\u00e7erisinde sualt\u0131 dal\u0131\u015f\u0131 yapt\u0131lar. Side SAK Ekibinden \u015eahin KAPTAN ve arkada\u015flar\u0131n\u0131n rehberli\u011finde ger\u00e7ekle\u015ftirilen etkinlikte okul \u00f6\u011frencileri \u00e7ok e\u011flendiler. Okul M\u00fcd\u00fcr\u00fc Ali Hakan \u00d6z, \u201c\u00d6\u011frencilerimiz Side SAK Ekibi ve \u00d6\u011fretmenleri ile birlikte \u015eanl\u0131 Bayra\u011f\u0131m\u0131z\u0131 Akdeniz\u2019de a\u00e7t\u0131lar. Eme\u011fi ge\u00e7en herkese te\u015fekk\u00fcr ederiz\u201d dedi.<br>(Haber Merkezi)<\/p>\n","protected":false},"excerpt":{"rendered":"<p>Dr. H\u00fcseyin Vural \u00d6zel E\u011fitim Ortaokulu \u00d6\u011fretmen ve \u00d6\u011frencileri Side Sualt\u0131 Arama Kurtarma Derne\u011fi ile i\u015fbirli\u011fi i\u00e7erisinde sualt\u0131 dal\u0131\u015f\u0131 yapt\u0131lar. Side SAK Ekibinden \u015eahin KAPTAN <a href=\"https:\/\/akdenizhaber.com.tr\/index.php\/2023\/09\/27\/sanli-bayragimizi-akdenizde-actik\/\" class=\"read-more-link\">[more&#8230;]<\/a><\/p>\n","protected":false},"author":2,"featured_media":16125,"comment_status":"open","ping_status":"open","sticky":false,"template":"","format":"standard","meta":{"footnotes":""},"categories":[2],"tags":[],"class_list":["post-16124","post","type-post","status-publish","format-standard","has-post-thumbnail","hentry","category-gundem"],"_links":{"self":[{"href":"https:\/\/akdenizhaber.com.tr\/index.php\/wp-json\/wp\/v2\/posts\/16124","targetHints":{"allow":["GET"]}}],"collection":[{"href":"https:\/\/akdenizhaber.com.tr\/index.php\/wp-json\/wp\/v2\/posts"}],"about":[{"href":"https:\/\/akdenizhaber.com.tr\/index.php\/wp-json\/wp\/v2\/types\/post"}],"author":[{"embeddable":true,"href":"https:\/\/akdenizhaber.com.tr\/index.php\/wp-json\/wp\/v2\/users\/2"}],"replies":[{"embeddable":true,"href":"https:\/\/akdenizhaber.com.tr\/index.php\/wp-json\/wp\/v2\/comments?post=16124"}],"version-history":[{"count":0,"href":"https:\/\/akdenizhaber.com.tr\/index.php\/wp-json\/wp\/v2\/posts\/16124\/revisions"}],"wp:featuredmedia":[{"embeddable":true,"href":"https:\/\/akdenizhaber.com.tr\/index.php\/wp-json\/wp\/v2\/media\/16125"}],"wp:attachment":[{"href":"https:\/\/akdenizhaber.com.tr\/index.php\/wp-json\/wp\/v2\/media?parent=16124"}],"wp:term":[{"taxonomy":"category","embeddable":true,"href":"https:\/\/akdenizhaber.com.tr\/index.php\/wp-json\/wp\/v2\/categories?post=16124"},{"taxonomy":"post_tag","embeddable":true,"href":"https:\/\/akdenizhaber.com.tr\/index.php\/wp-json\/wp\/v2\/tags?post=16124"}],"curies":[{"name":"wp","href":"https:\/\/api.w.org\/{rel}","templated":true}]}}