{"id":16121,"date":"2023-09-27T13:25:55","date_gmt":"2023-09-27T10:25:55","guid":{"rendered":"https:\/\/akdenizhaber.com.tr\/?p=16121"},"modified":"2023-09-27T13:25:55","modified_gmt":"2023-09-27T10:25:55","slug":"antalya-tarim-zirvesi-basladi","status":"publish","type":"post","link":"https:\/\/akdenizhaber.com.tr\/index.php\/2023\/09\/27\/antalya-tarim-zirvesi-basladi\/","title":{"rendered":"Antalya Tar\u0131m Zirvesi Ba\u015flad\u0131"},"content":{"rendered":"\n<p><\/p>\n\n\n\n<p><br><strong>Vali Hulusi \u015eahin, Tar\u0131m ve Orman Bakan Yard\u0131mc\u0131s\u0131 Ebubekir Gizligider ile birlikte Antalya Ticaret ve Sanayi Odas\u0131 (ATSO) ev sahipli\u011finde ger\u00e7ekle\u015ftirilen \u201cTar\u0131m\u0131n Kalbinden D\u00fcnya\u2019ya; Antalya Tar\u0131m Zirvesi\u201dne kat\u0131ld\u0131.<\/strong><br>Tar\u0131m\u0131n uluslararas\u0131 arenada markala\u015fmas\u0131n\u0131 sa\u011flamak, milli ve yerel \u00fcretim hareketini desteklemek, T\u00fcrkiye\u2019nin sahip oldu\u011fu de\u011ferlerin gelecek vizyonunu ve ekonomik faydalar\u0131n\u0131 d\u00fcnyaya anlatmak amac\u0131yla AB T\u00fcrkiye Delegasyonu destekleri ile Antalya Ticaret ve Sanayi Odas\u0131 ev sahipli\u011finde \u201cTar\u0131m\u0131n Kalbinden D\u00fcnya\u2019ya; Antalya Tar\u0131m Zirvesi\u201d ger\u00e7ekle\u015ftirildi. Zirvenin a\u00e7\u0131l\u0131\u015f\u0131na Vali Hulusi \u015eahin, Tar\u0131m ve Orman Bakan Yard\u0131mc\u0131s\u0131 Ebubekir Gizligider, Milletvekilleri, ATSO Ba\u015fkan\u0131 Ali Bahar, ATSO \u00dcyeleri, STK Temsilcileri ile tar\u0131m sekt\u00f6r\u00fcn\u00fcn \u00f6nde gelen isimleri kat\u0131ld\u0131.<br>Zirvedeki konu\u015fmas\u0131nda Antalya tar\u0131m\u0131n\u0131n \u00f6nemine dikkat \u00e7eken Vali \u015eahin; \u201cAntalya art\u0131k tropik bir \u015fehir. Hi\u00e7 al\u0131\u015fmad\u0131\u011f\u0131m\u0131z \u00fcr\u00fcn dallar\u0131yla tan\u0131\u015fmaya, farkl\u0131 \u00fcr\u00fcnler \u00fcretmeye ba\u015flad\u0131k. Ama sadece \u00fcretmek yetmiyor. Sa\u011flam bir zincir olmazsa \u00fcretmemizin de anlam\u0131 kalm\u0131yor. T\u00fcm mekanizmalar\u0131 \u00e7ok iyi planlamak laz\u0131m. \u00dcretirken satman\u0131n plan\u0131n\u0131 yapmak laz\u0131m.\u201d dedi.<\/p>\n\n\n\n<p>Antalya Valili\u011fi \/ B\u00fclten<strong><\/strong><\/p>\n","protected":false},"excerpt":{"rendered":"<p>Vali Hulusi \u015eahin, Tar\u0131m ve Orman Bakan Yard\u0131mc\u0131s\u0131 Ebubekir Gizligider ile birlikte Antalya Ticaret ve Sanayi Odas\u0131 (ATSO) ev sahipli\u011finde ger\u00e7ekle\u015ftirilen \u201cTar\u0131m\u0131n Kalbinden D\u00fcnya\u2019ya; Antalya <a href=\"https:\/\/akdenizhaber.com.tr\/index.php\/2023\/09\/27\/antalya-tarim-zirvesi-basladi\/\" class=\"read-more-link\">[more&#8230;]<\/a><\/p>\n","protected":false},"author":2,"featured_media":16122,"comment_status":"open","ping_status":"open","sticky":false,"template":"","format":"standard","meta":{"footnotes":""},"categories":[2],"tags":[],"class_list":["post-16121","post","type-post","status-publish","format-standard","has-post-thumbnail","hentry","category-gundem"],"_links":{"self":[{"href":"https:\/\/akdenizhaber.com.tr\/index.php\/wp-json\/wp\/v2\/posts\/16121","targetHints":{"allow":["GET"]}}],"collection":[{"href":"https:\/\/akdenizhaber.com.tr\/index.php\/wp-json\/wp\/v2\/posts"}],"about":[{"href":"https:\/\/akdenizhaber.com.tr\/index.php\/wp-json\/wp\/v2\/types\/post"}],"author":[{"embeddable":true,"href":"https:\/\/akdenizhaber.com.tr\/index.php\/wp-json\/wp\/v2\/users\/2"}],"replies":[{"embeddable":true,"href":"https:\/\/akdenizhaber.com.tr\/index.php\/wp-json\/wp\/v2\/comments?post=16121"}],"version-history":[{"count":0,"href":"https:\/\/akdenizhaber.com.tr\/index.php\/wp-json\/wp\/v2\/posts\/16121\/revisions"}],"wp:featuredmedia":[{"embeddable":true,"href":"https:\/\/akdenizhaber.com.tr\/index.php\/wp-json\/wp\/v2\/media\/16122"}],"wp:attachment":[{"href":"https:\/\/akdenizhaber.com.tr\/index.php\/wp-json\/wp\/v2\/media?parent=16121"}],"wp:term":[{"taxonomy":"category","embeddable":true,"href":"https:\/\/akdenizhaber.com.tr\/index.php\/wp-json\/wp\/v2\/categories?post=16121"},{"taxonomy":"post_tag","embeddable":true,"href":"https:\/\/akdenizhaber.com.tr\/index.php\/wp-json\/wp\/v2\/tags?post=16121"}],"curies":[{"name":"wp","href":"https:\/\/api.w.org\/{rel}","templated":true}]}}