{"id":16118,"date":"2023-09-27T13:25:26","date_gmt":"2023-09-27T10:25:26","guid":{"rendered":"https:\/\/akdenizhaber.com.tr\/?p=16118"},"modified":"2023-09-27T13:25:26","modified_gmt":"2023-09-27T10:25:26","slug":"asfaltsiz-yol-kalmayacak","status":"publish","type":"post","link":"https:\/\/akdenizhaber.com.tr\/index.php\/2023\/09\/27\/asfaltsiz-yol-kalmayacak\/","title":{"rendered":"Asfalts\u0131z yol kalmayacak"},"content":{"rendered":"\n<p><\/p>\n\n\n\n<p>Antalya&#8217;n\u0131n y\u00fcz \u00f6l\u00e7\u00fcm\u00fc olarak en b\u00fcy\u00fck merkez il\u00e7esi konumunda olan D\u00f6\u015femealt\u0131&#8217;nda s\u0131cak asfalt \u00e7al\u0131\u015fmalar\u0131 haftan\u0131n 7 g\u00fcn\u00fc aral\u0131ks\u0131z devam ediyor. Fen \u0130\u015fleri M\u00fcd\u00fcrl\u00fc\u011f\u00fc ekipleri \u00c7\u0131\u011fl\u0131k, Ayanlar ve Orta Mahallelerde 100 bin metrekare s\u0131cak asfalt serimine ba\u015flad\u0131. Belediye Ba\u015fkan\u0131 Turgay Gen\u00e7 ekiplerin ayn\u0131 anda 4 farkl\u0131 noktada asfalt serimi, yama asfalt ve bozulan yollar\u0131n tamirini ger\u00e7ekle\u015ftirdi\u011fini s\u00f6yledi.<\/p>\n\n\n\n<p>D\u00f6\u015femealt\u0131 \u0130l\u00e7esi, yeni yollar\u0131n a\u00e7\u0131lmas\u0131, bozulan yollar\u0131n tamir bak\u0131m ve onar\u0131lmas\u0131 ile dikkat \u00e7ekiyor. Alt yap\u0131s\u0131 tamamlanan mahalle cadde ve sokaklarda ise Fen \u0130\u015fleri M\u00fcd\u00fcrl\u00fc\u011f\u00fc&#8217;nce s\u0131cak asfalt serme i\u015flemlerini s\u00fcrd\u00fcr\u00fcyor. \u00c7\u0131\u011fl\u0131k Ayanlar ve Orta Mahallelerde serme s\u0131k\u0131\u015ft\u0131rma i\u015flemlerinin tamamlanmas\u0131n\u0131n ard\u0131ndan ba\u015flayan asfalt \u00e7al\u0131\u015fmalar\u0131nda 60 bin metrekare alan s\u0131cak asfaltla kapland\u0131. Birka\u00e7 g\u00fcn i\u00e7erisinde tamamlanmas\u0131 beklenen 2 mahallede toplam 100 bin metrekare s\u0131cak asfalt serimi yap\u0131lm\u0131\u015f olacak.<\/p>\n\n\n\n<p>Yap\u0131lan \u00e7al\u0131\u015fmalar hakk\u0131nda bilgi veren D\u00f6\u015femealt\u0131 Belediye Ba\u015fkan\u0131 Turgay Gen\u00e7, \u201cVatanda\u015flar\u0131m\u0131z m\u00fcsterih olsun. Avrupa standartlar\u0131na ula\u015fan il\u00e7emizde bozuk yol altyap\u0131s\u0131 biten mahallelerimizde ise s\u0131cak asfalts\u0131z cadde ve sokak kalmayacak. Ekiplerimiz hafta sonu dahil olmak \u00fczere halk\u0131m\u0131za en kaliteli hizmeti vermek i\u00e7in \u00e7al\u0131\u015f\u0131yor. Sab\u0131rlar\u0131ndan \u00f6t\u00fcr\u00fc il\u00e7e sakinlerimize te\u015fekk\u00fcr ederim. Hi\u00e7bir vatanda\u015f\u0131m\u0131z\u0131n aya\u011f\u0131 toza de\u011fmeyene kadar \u00e7al\u0131\u015fmalar\u0131m\u0131z devam edecek\u201d dedi.<a href=\"http:\/\/www.dosemealti.bel.tr\/Resim\/Fotogaleri\/Buyuk\/fotogaleri15728018d5.JPG\"><\/a><\/p>\n\n\n\n<p>&nbsp;D\u00f6\u015femealt\u0131 Belediyesi \/ B\u00fclten<\/p>\n\n\n\n<p><a href=\"http:\/\/www.dosemealti.bel.tr\/Resim\/Fotogaleri\/Buyuk\/fotogaleri1572914f5f.JPG\"><br><\/a><\/p>\n","protected":false},"excerpt":{"rendered":"<p>Antalya&#8217;n\u0131n y\u00fcz \u00f6l\u00e7\u00fcm\u00fc olarak en b\u00fcy\u00fck merkez il\u00e7esi konumunda olan D\u00f6\u015femealt\u0131&#8217;nda s\u0131cak asfalt \u00e7al\u0131\u015fmalar\u0131 haftan\u0131n 7 g\u00fcn\u00fc aral\u0131ks\u0131z devam ediyor. Fen \u0130\u015fleri M\u00fcd\u00fcrl\u00fc\u011f\u00fc ekipleri \u00c7\u0131\u011fl\u0131k, <a href=\"https:\/\/akdenizhaber.com.tr\/index.php\/2023\/09\/27\/asfaltsiz-yol-kalmayacak\/\" class=\"read-more-link\">[more&#8230;]<\/a><\/p>\n","protected":false},"author":2,"featured_media":16119,"comment_status":"open","ping_status":"open","sticky":false,"template":"","format":"standard","meta":{"footnotes":""},"categories":[2],"tags":[],"class_list":["post-16118","post","type-post","status-publish","format-standard","has-post-thumbnail","hentry","category-gundem"],"_links":{"self":[{"href":"https:\/\/akdenizhaber.com.tr\/index.php\/wp-json\/wp\/v2\/posts\/16118","targetHints":{"allow":["GET"]}}],"collection":[{"href":"https:\/\/akdenizhaber.com.tr\/index.php\/wp-json\/wp\/v2\/posts"}],"about":[{"href":"https:\/\/akdenizhaber.com.tr\/index.php\/wp-json\/wp\/v2\/types\/post"}],"author":[{"embeddable":true,"href":"https:\/\/akdenizhaber.com.tr\/index.php\/wp-json\/wp\/v2\/users\/2"}],"replies":[{"embeddable":true,"href":"https:\/\/akdenizhaber.com.tr\/index.php\/wp-json\/wp\/v2\/comments?post=16118"}],"version-history":[{"count":0,"href":"https:\/\/akdenizhaber.com.tr\/index.php\/wp-json\/wp\/v2\/posts\/16118\/revisions"}],"wp:featuredmedia":[{"embeddable":true,"href":"https:\/\/akdenizhaber.com.tr\/index.php\/wp-json\/wp\/v2\/media\/16119"}],"wp:attachment":[{"href":"https:\/\/akdenizhaber.com.tr\/index.php\/wp-json\/wp\/v2\/media?parent=16118"}],"wp:term":[{"taxonomy":"category","embeddable":true,"href":"https:\/\/akdenizhaber.com.tr\/index.php\/wp-json\/wp\/v2\/categories?post=16118"},{"taxonomy":"post_tag","embeddable":true,"href":"https:\/\/akdenizhaber.com.tr\/index.php\/wp-json\/wp\/v2\/tags?post=16118"}],"curies":[{"name":"wp","href":"https:\/\/api.w.org\/{rel}","templated":true}]}}