{"id":16100,"date":"2023-09-27T13:21:31","date_gmt":"2023-09-27T10:21:31","guid":{"rendered":"https:\/\/akdenizhaber.com.tr\/?p=16100"},"modified":"2023-09-27T13:21:32","modified_gmt":"2023-09-27T10:21:32","slug":"kas-yuvacik-grup-yolu-asfaltlaniyor","status":"publish","type":"post","link":"https:\/\/akdenizhaber.com.tr\/index.php\/2023\/09\/27\/kas-yuvacik-grup-yolu-asfaltlaniyor\/","title":{"rendered":"Ka\u015f Yuvac\u0131k grup yolu asfaltlan\u0131yor"},"content":{"rendered":"\n<p><\/p>\n\n\n\n<p>Antalya B\u00fcy\u00fck\u015fehir Belediyesi, Ka\u015f il\u00e7esine ba\u011fl\u0131 Yuvac\u0131k Mahallesi grup yolunu sathi asfaltla kapl\u0131yor.<\/p>\n\n\n\n<p>Antalya B\u00fcy\u00fck\u015fehir Belediyesi k\u0131rsalda asfalt seferberli\u011fini s\u00fcrd\u00fcr\u00fcyor. Vatanda\u015flar\u0131n konforlu bir \u015fekilde ula\u015f\u0131mlar\u0131n\u0131 sa\u011flamalar\u0131 i\u00e7in \u00e7al\u0131\u015fmalar\u0131n\u0131 gece g\u00fcnd\u00fcz s\u00fcrd\u00fcren B\u00fcy\u00fck\u015fehir Belediyesi, Ka\u015f il\u00e7esine ba\u011fl\u0131 Yuvac\u0131k mahallesi grup yolunda asfalt \u00e7al\u0131\u015fmalar\u0131 yap\u0131yor.K\u0131rsal Hizmetler Daire Ba\u015fkanl\u0131\u011f\u0131 alt yap\u0131 ekipleri, daha \u00f6nce grup yolunda g\u00fc\u00e7lendirme, b\u00fcz ve \u015farampol \u00e7al\u0131\u015fmalar\u0131 yapm\u0131\u015ft\u0131. Asfalt ekipleri&nbsp; haz\u0131rl\u0131\u011f\u0131 biten grup yolunda sathi asfalt \u00e7al\u0131\u015fmas\u0131na ba\u015flad\u0131 2.5 kilometre uzunlu\u011fundaki asfalt \u00e7al\u0131\u015fmalar\u0131 tamamland\u0131\u011f\u0131nda grup yolu g\u00fcvenli ve konforlu hale gelecek.Antalya B\u00fcy\u00fck\u015fehir Belediyesi K\u0131rsal Hizmetler Sorumlusu \u0130sa Akdemir, Yuvac\u0131k Mahalle Muhtar\u0131 Selehattin Bekta\u015fo\u011flu ile birlikte yap\u0131lan sathi asfalt \u00e7al\u0131\u015fmalar\u0131n\u0131 yerinde inceleyerek, yolun b\u00f6lge halk\u0131na hay\u0131rl\u0131 olmas\u0131n\u0131 diledi.<\/p>\n\n\n\n<p>Antalya B\u00fcy\u00fck\u015fehir Belediyesi \/ B\u00fclten<\/p>\n","protected":false},"excerpt":{"rendered":"<p>Antalya B\u00fcy\u00fck\u015fehir Belediyesi, Ka\u015f il\u00e7esine ba\u011fl\u0131 Yuvac\u0131k Mahallesi grup yolunu sathi asfaltla kapl\u0131yor. Antalya B\u00fcy\u00fck\u015fehir Belediyesi k\u0131rsalda asfalt seferberli\u011fini s\u00fcrd\u00fcr\u00fcyor. Vatanda\u015flar\u0131n konforlu bir \u015fekilde ula\u015f\u0131mlar\u0131n\u0131 <a href=\"https:\/\/akdenizhaber.com.tr\/index.php\/2023\/09\/27\/kas-yuvacik-grup-yolu-asfaltlaniyor\/\" class=\"read-more-link\">[more&#8230;]<\/a><\/p>\n","protected":false},"author":2,"featured_media":16101,"comment_status":"open","ping_status":"open","sticky":false,"template":"","format":"standard","meta":{"footnotes":""},"categories":[2],"tags":[],"class_list":["post-16100","post","type-post","status-publish","format-standard","has-post-thumbnail","hentry","category-gundem"],"_links":{"self":[{"href":"https:\/\/akdenizhaber.com.tr\/index.php\/wp-json\/wp\/v2\/posts\/16100","targetHints":{"allow":["GET"]}}],"collection":[{"href":"https:\/\/akdenizhaber.com.tr\/index.php\/wp-json\/wp\/v2\/posts"}],"about":[{"href":"https:\/\/akdenizhaber.com.tr\/index.php\/wp-json\/wp\/v2\/types\/post"}],"author":[{"embeddable":true,"href":"https:\/\/akdenizhaber.com.tr\/index.php\/wp-json\/wp\/v2\/users\/2"}],"replies":[{"embeddable":true,"href":"https:\/\/akdenizhaber.com.tr\/index.php\/wp-json\/wp\/v2\/comments?post=16100"}],"version-history":[{"count":0,"href":"https:\/\/akdenizhaber.com.tr\/index.php\/wp-json\/wp\/v2\/posts\/16100\/revisions"}],"wp:featuredmedia":[{"embeddable":true,"href":"https:\/\/akdenizhaber.com.tr\/index.php\/wp-json\/wp\/v2\/media\/16101"}],"wp:attachment":[{"href":"https:\/\/akdenizhaber.com.tr\/index.php\/wp-json\/wp\/v2\/media?parent=16100"}],"wp:term":[{"taxonomy":"category","embeddable":true,"href":"https:\/\/akdenizhaber.com.tr\/index.php\/wp-json\/wp\/v2\/categories?post=16100"},{"taxonomy":"post_tag","embeddable":true,"href":"https:\/\/akdenizhaber.com.tr\/index.php\/wp-json\/wp\/v2\/tags?post=16100"}],"curies":[{"name":"wp","href":"https:\/\/api.w.org\/{rel}","templated":true}]}}