{"id":16096,"date":"2023-09-26T12:45:26","date_gmt":"2023-09-26T09:45:26","guid":{"rendered":"https:\/\/akdenizhaber.com.tr\/?p=16096"},"modified":"2023-09-26T12:45:27","modified_gmt":"2023-09-26T09:45:27","slug":"iyi-parti-antalya-milletvekili-aykut-kayadan-yeni-yapilacak-manavgat-devlet-hastanesinin-hem-yerine-hem-de-ozelliklerine-elestiri-hastane-yeri","status":"publish","type":"post","link":"https:\/\/akdenizhaber.com.tr\/index.php\/2023\/09\/26\/iyi-parti-antalya-milletvekili-aykut-kayadan-yeni-yapilacak-manavgat-devlet-hastanesinin-hem-yerine-hem-de-ozelliklerine-elestiri-hastane-yeri\/","title":{"rendered":"\u0130Y\u0130 Parti Antalya Milletvekili Aykut Kaya\u2019dan \u00a0yeni yap\u0131lacak Manavgat Devlet Hastanesi\u2019nin hem yerine, hem de \u00f6zelliklerine ele\u015ftiri :                      \u201cHastane yeri acilen de\u011fi\u015ftirilmelidir\u201d"},"content":{"rendered":"\n<p><\/p>\n\n\n\n<p>\u0130Y\u0130 Parti Antalya Milletvekili Aykut Kaya, yeni yap\u0131lacak Manavgat Devlet Hastanesi ile ilgili olarak hastane in\u015faat b\u00f6lgesine giderek yerinde bir bas\u0131n a\u00e7\u0131klamas\u0131 yapt\u0131. Yeni yap\u0131lacak Manavgat Devlet Hastanesinin hem yerine hem de \u00f6zelliklerine ele\u015ftirilerde bulunan Kaya, &nbsp;\u201cUlualan b\u00f6lgesi bir g\u00f6l yata\u011f\u0131d\u0131r. Ha deniz dalgas\u0131n\u0131n bitti\u011fi yere in\u015faat yapm\u0131\u015fs\u0131n\u0131z, ha buraya in\u015faat yapm\u0131\u015fs\u0131n\u0131z\u2026 bu proje hem ekonomik de\u011fildir hem de zaman kayb\u0131na sebebiyet verecektir. Bu proje ile s\u00fcr\u00fcncemede kalan sadece bir in\u015faat de\u011fil Manavgat halk\u0131n\u0131n sa\u011fl\u0131\u011f\u0131d\u0131r. T\u00fcm m\u00fchendislik \u00f6nlemleri al\u0131nsa dahi olas\u0131 bir depremde hastane in\u015faat\u0131 i\u00e7in risk ta\u015f\u0131yan bir aland\u0131r. Do\u011fa ile inatla\u015fmamak gerekiyor. \u0130vedilikle bu yerin de\u011fi\u015ftirilmesi gerekmektedir. \u201ddedi.<\/p>\n\n\n\n<p>Kaya\u2019n\u0131n bas\u0131n a\u00e7\u0131klamas\u0131 aynen \u015f\u00f6yle:<\/p>\n\n\n\n<p>G\u00f6reve geldi\u011fimiz g\u00fcnden beri milletimizin bize verdi\u011fi vek\u00e2letin k\u0131ymetini bilerek gere\u011fini yerine getirmek i\u00e7in \u00e7al\u0131\u015fan bir karde\u015finizim. Bunu da yaparken \u00f6nyarg\u0131l\u0131 ve fanatik\u00e7e yakla\u015fmadan \u00f6nce vatanda\u015flar\u0131m\u0131z\u0131n hakk\u0131n\u0131 hakkaniyetli bir \u015fekilde g\u00f6zetmeye \u00e7al\u0131\u015f\u0131yorum. Do\u011fruya do\u011fru yanl\u0131\u015fa yanl\u0131\u015f diyoruz.<\/p>\n\n\n\n<p>\u0130ktidar Antalya\u2019m\u0131z ve Manavgat\u2019\u0131m\u0131z i\u00e7in do\u011fru bir \u015feyler yapsa ilk destekleyecek bizler oluruz. Bizim rekabetimiz A partisi B partisi ile de\u011fil bizim \u00f6nceli\u011fimiz halk\u0131m\u0131z\u0131n refah\u0131 ve hak etti\u011fi hizmete ula\u015fmas\u0131d\u0131r.<\/p>\n\n\n\n<p>Bug\u00fcn burada Manavgat\u2019\u0131m\u0131za planlanan yeni devlet hastanesi in\u015faat projesi alan\u0131nday\u0131z.<\/p>\n\n\n\n<p>Manavgat\u2019\u0131m\u0131z dinamik ve s\u00fcrekli geni\u015fleyen bir il\u00e7emizdir.<\/p>\n\n\n\n<p>Yaz\u0131n g\u00fcnl\u00fck ortalama 1 milyonluk n\u00fcfusa ula\u015fan, Antalya\u2019m\u0131za gelen turistlerin \u00fc\u00e7te birine ev sahipli\u011fi yapan, ekonomisi 40 ilden b\u00fcy\u00fck bir il\u00e7emizdir.<\/p>\n\n\n\n<p>Tar\u0131m ve turizm alan\u0131nda \u00f6nc\u00fc olan bu il\u00e7emiz \u00fclke ekonomisine y\u00fcksek miktarda katk\u0131 sa\u011flamaktad\u0131r. Bug\u00fcn bizim burada bu a\u00e7\u0131klamay\u0131 yapmak zorunda kalmam\u0131zdan dolay\u0131 bir Manavgat\u2019l\u0131 olarak \u00fcz\u00fcl\u00fcyorum.<\/p>\n\n\n\n<p><a><\/a>\u00dclke ekonomisine hat\u0131r\u0131 say\u0131l\u0131r derecede katk\u0131 yapan Manavgat\u2019\u0131m\u0131z\u0131n hak edip de alamad\u0131\u011f\u0131 \u00f6yle alelade bir hizmet de\u011fildir, elzem bir hizmet olan sa\u011fl\u0131k hizmetidir.<\/p>\n\n\n\n<p>S\u00f6z konusu olan Manavgat halk\u0131n\u0131n sa\u011fl\u0131\u011f\u0131d\u0131r.<\/p>\n\n\n\n<p>Mevcut devlet hastanesi bu ihtiyac\u0131 kar\u015f\u0131lamamaktad\u0131r. Bir\u00e7ok kritik hizmeti vatanda\u015f\u0131m\u0131z alamamakta ya da gecikmeli olarak almaktad\u0131rlar.<\/p>\n\n\n\n<p>Bir randevu talebi 1 ile 2 ay aras\u0131nda verilebilmektedir.<\/p>\n\n\n\n<p>Yeterli donan\u0131m ve kadroya sahip olunmad\u0131\u011f\u0131 i\u00e7in kritik \u00f6nemde olan Antalya\u2019ya gitmekte daha \u00f6nce a\u00e7\u0131klad\u0131\u011f\u0131m gibi ula\u015f\u0131m ciddi bir problem. Acil hastalar\u0131m\u0131z i\u00e7in Antalya\u2019ya 2 saat s\u00fcren ula\u015f\u0131m ya\u015famsal bir \u00f6nem arz etmektedir.<\/p>\n\n\n\n<p>Resmiyette 225 odal\u0131 g\u00f6r\u00fcnen mevcut hastanemiz 195 hasta odas\u0131 ile hizmet vermekte ve fiziki olarak yetersiz durumdad\u0131r.<\/p>\n\n\n\n<p>\u00d6rne\u011fin kalp damar cerrahi yo\u011fun bak\u0131m \u00fcnitesi yoktur.<\/p>\n\n\n\n<p>Bir vatanda\u015f\u0131m\u0131z acil kalp damar cerrahi m\u00fcdahalesine ihtiya\u00e7 duyarsa 2 saat yol giderek Antalya\u2019daki hastanelere sevk edilecektir.<\/p>\n\n\n\n<p>Hepimiz biliriz ki bu kadar aciliyeti olan hastalar\u0131m\u0131z i\u00e7in 2 saatlik ula\u015f\u0131m mesafesi ya\u015famsald\u0131r.<\/p>\n\n\n\n<p>Eksik olan birka\u00e7 tane \u00fcnite de\u011fil kaybetti\u011fimiz canlar olacakt\u0131r.<\/p>\n\n\n\n<p>Lakin A\u011fustos ay\u0131nda acilde 7 doktor g\u00fcnde 1400 ile 1500 hastaya hizmet etmeye \u00e7al\u0131\u015fm\u0131\u015ft\u0131r. Tablo \u00e7ok vahimdir.<\/p>\n\n\n\n<p>Bir \u00f6rnek daha vermek istiyorum. Devlet hastanemiz i\u00e7in a\u00e7\u0131lm\u0131\u015f bir plastik cerrahi kadromuz var o da ge\u00e7ici g\u00f6revlendirme ile ba\u015fka bir il\u00e7emize g\u00f6revlendirilmi\u015f durumdad\u0131r.<\/p>\n\n\n\n<p>2018 y\u0131l\u0131nda iktidar temsilcileri a\u00e7\u0131klama yaparak 500 yatakl\u0131 Ara\u015ft\u0131rma hastanesi stat\u00fcs\u00fcnde bir hastane yap\u0131laca\u011f\u0131n\u0131 vaat ettiler.<\/p>\n\n\n\n<p>Tespit do\u011fru ve yap\u0131lmas\u0131 gerekli olan da 500 yatakl\u0131 ara\u015ft\u0131rma hastanesidir.<\/p>\n\n\n\n<p>\u015eimdi kar\u015f\u0131la\u015ft\u0131\u011f\u0131m\u0131z sonuca bakal\u0131m:<\/p>\n\n\n\n<p>300 yatakl\u0131 bir devlet hastanesi planlan\u0131yor ve bu hastanenin konumu t\u0131rnak i\u00e7erisinde s\u00f6yl\u00fcyorum \u201c\u00e7ok \u00f6zenle se\u00e7ilmi\u015f, Manavgat\u2019taki jeoloji m\u00fchendislerine ve in\u015faat m\u00fchendislerine bir hastane nereye yap\u0131lamaz diye sorsak birinci g\u00f6sterecekleri alan\u0131 biz in\u015faat projesini yapmak i\u00e7in se\u00e7mi\u015f bulunmaktay\u0131z.<\/p>\n\n\n\n<p>Gelelim bu \u00f6zenle se\u00e7ilmi\u015f hastane projesinin \u00f6zelliklerine:<\/p>\n\n\n\n<p>Manavgat\u2019ta ya\u015fayan hemen hemen herkesin bildi\u011fi gibi bu Ulualan b\u00f6lgesi bir g\u00f6l yata\u011f\u0131d\u0131r. Hatta Piri Reis\u2019in haritalar\u0131nda bile g\u00f6l yata\u011f\u0131 olarak i\u015faretlenmi\u015f bir b\u00f6lgedir. Daha sonraki y\u0131llarda \u0131slah \u00e7al\u0131\u015fmalar\u0131 yap\u0131larak kurutularak tar\u0131ma kazand\u0131r\u0131lm\u0131\u015f bir aland\u0131r.<\/p>\n\n\n\n<p>Bir projenin ba\u015far\u0131l\u0131 kabul edilebilmesi i\u00e7in etkin ve verimli olmas\u0131 gerekir.<\/p>\n\n\n\n<p>Etkinlik; projeyi do\u011fru zamanda bitirmek demektir. Verimlilik de do\u011fru kaynaklar ve do\u011fru maliyetle projeyi bitirmektir. Biz projeye kar\u015f\u0131 de\u011filiz. Milletimiz i\u00e7in daha \u00e7ok proje yap\u0131ls\u0131n.<\/p>\n\n\n\n<p>Biz sadece do\u011fru maliyetle do\u011fru zamanda bitecek ve do\u011fru yerde yap\u0131lmas\u0131n\u0131 savunuyoruz.<\/p>\n\n\n\n<p>Yeni hastane in\u015faat\u0131 bu parametrelerin hi\u00e7birisini kar\u015f\u0131lamamaktad\u0131r.<\/p>\n\n\n\n<p>Size \u015f\u00f6yle anlatay\u0131m:<\/p>\n\n\n\n<p>\u201c\u2026Ha deniz dalgas\u0131n\u0131n bitti\u011fi yere in\u015faat yapm\u0131\u015fs\u0131n\u0131z ha buraya in\u015faat yapm\u0131\u015fs\u0131n\u0131z\u2026\u201d<\/p>\n\n\n\n<p>70-80 cm kazd\u0131\u011f\u0131n\u0131zda yer alt\u0131 suyu \u00e7\u0131kan kumlu bir zemin. Deniz seviyesinden sadece 2-3 metre y\u00fckseklikte herhangi bir su bask\u0131n\u0131na kar\u015f\u0131 savunmas\u0131z, hafriyat\u0131 zor, izolasyonu zor, ekstra zemin iyile\u015ftirme \u00f6nlemi gereken, su tahliyesinin zor oldu\u011fu bir yerdir.<\/p>\n\n\n\n<p>Bu hususlara bak\u0131ld\u0131\u011f\u0131nda bu proje hem ekonomik de\u011fildir hem de zaman kayb\u0131na sebebiyet verecektir.<\/p>\n\n\n\n<p>Bu proje ile s\u00fcr\u00fcncemede kalan sadece bir in\u015faat de\u011fil Manavgat halk\u0131n\u0131n sa\u011fl\u0131\u011f\u0131d\u0131r.<\/p>\n\n\n\n<p>T\u00fcm m\u00fchendislik \u00f6nlemleri al\u0131nsa dahi olas\u0131 bir depremde hastane in\u015faat\u0131 i\u00e7in risk ta\u015f\u0131yan bir aland\u0131r.<\/p>\n\n\n\n<p>Do\u011fa ile inatla\u015fmamak gerekiyor.<\/p>\n\n\n\n<p>Ya\u011f\u0131\u015f\u0131n fazla oldu\u011fu d\u00f6nemde su bask\u0131nlar\u0131 ile kar\u015f\u0131la\u015fabiliriz. Bu su bask\u0131nlar\u0131 buraya ula\u015f\u0131m\u0131 g\u00fc\u00e7le\u015ftirece\u011fi gibi yap\u0131y\u0131 da etkileyebilecektir.<\/p>\n\n\n\n<p>Size \u00e7ok daha hayati bir durumdan bahsetmek istiyorum. \u00dclkemiz bir deprem ku\u015fa\u011f\u0131nda. Deprem olmayaca\u011f\u0131n\u0131n bir garantisi yok. Hatay Hastanesi 2016 y\u0131l\u0131nda en son tekniklere g\u00f6re yap\u0131lm\u0131\u015f bir hastaneydi. 2023 depreminde a\u011f\u0131r hasarl\u0131 \u00e7\u0131kt\u0131 ve y\u0131k\u0131ld\u0131. Ayn\u0131 Ulualan Ovas\u0131 toprak yap\u0131s\u0131na benzeyen Amik Ovas\u0131\u2019nda yap\u0131lm\u0131\u015ft\u0131 bu hastane ve her t\u00fcrl\u00fc yeni in\u015faat teknikleri uygulanm\u0131\u015ft\u0131. Ama depreme kar\u015f\u0131 dayanamad\u0131. Bu tarz toprak s\u0131v\u0131la\u015fmas\u0131n\u0131n oldu\u011fu kum zeminlerde 4 \u015fiddetindeki bir deprem 6 \u015fiddetinde gibi hissedilir. Dolay\u0131s\u0131yla burada binan\u0131n y\u0131k\u0131lma ya da yan yatma riski bulunmaktad\u0131r. Tekraren belirtiyorum ki \u201cdo\u011fayla inatla\u015fma olmaz\u201d<\/p>\n\n\n\n<p>\u015eu anda in\u015faat\u0131n ba\u015flang\u0131c\u0131nday\u0131z. \u0130vedilikle bu yerin de\u011fi\u015ftirilmesi gerekmektedir.<\/p>\n\n\n\n<p>Bu mesele siyasi bir mesele de\u011fildir. Bu, en sevdiklerimizin, ailelerimizin, kom\u015fular\u0131m\u0131z\u0131n hayat\u0131n\u0131 ilgilendiren bir meseledir. Bu, siyaset \u00fcst\u00fc bir durumdur. T\u00fcm siyasi parti yetkililerini, sivil toplum \u00f6rg\u00fctlerini ve kamu g\u00f6revlilerini bu konu ile ilgili ivedilikle harekete ge\u00e7meye \u00e7a\u011f\u0131r\u0131yorum. S\u00f6z konusu olan bir hastane projesi de\u011fil Manavgat halk\u0131n\u0131n sa\u011fl\u0131k ve ya\u015fam hakk\u0131d\u0131r. Manavgat halk\u0131n\u0131n \u00e7\u0131kar\u0131n\u0131 savunan yerel bas\u0131n mensuplar\u0131na ayr\u0131ca te\u015fekk\u00fcr ediyorum. Bu in\u015faat s\u00fcrecini de aral\u0131klarla gelip kontrol edip kamuoyu ile de payla\u015faca\u011f\u0131m.<\/p>\n\n\n\n<p>haber merkezi<\/p>\n","protected":false},"excerpt":{"rendered":"<p>\u0130Y\u0130 Parti Antalya Milletvekili Aykut Kaya, yeni yap\u0131lacak Manavgat Devlet Hastanesi ile ilgili olarak hastane in\u015faat b\u00f6lgesine giderek yerinde bir bas\u0131n a\u00e7\u0131klamas\u0131 yapt\u0131. Yeni yap\u0131lacak <a href=\"https:\/\/akdenizhaber.com.tr\/index.php\/2023\/09\/26\/iyi-parti-antalya-milletvekili-aykut-kayadan-yeni-yapilacak-manavgat-devlet-hastanesinin-hem-yerine-hem-de-ozelliklerine-elestiri-hastane-yeri\/\" class=\"read-more-link\">[more&#8230;]<\/a><\/p>\n","protected":false},"author":2,"featured_media":16097,"comment_status":"open","ping_status":"open","sticky":false,"template":"","format":"standard","meta":{"footnotes":""},"categories":[2],"tags":[],"class_list":["post-16096","post","type-post","status-publish","format-standard","has-post-thumbnail","hentry","category-gundem"],"_links":{"self":[{"href":"https:\/\/akdenizhaber.com.tr\/index.php\/wp-json\/wp\/v2\/posts\/16096","targetHints":{"allow":["GET"]}}],"collection":[{"href":"https:\/\/akdenizhaber.com.tr\/index.php\/wp-json\/wp\/v2\/posts"}],"about":[{"href":"https:\/\/akdenizhaber.com.tr\/index.php\/wp-json\/wp\/v2\/types\/post"}],"author":[{"embeddable":true,"href":"https:\/\/akdenizhaber.com.tr\/index.php\/wp-json\/wp\/v2\/users\/2"}],"replies":[{"embeddable":true,"href":"https:\/\/akdenizhaber.com.tr\/index.php\/wp-json\/wp\/v2\/comments?post=16096"}],"version-history":[{"count":0,"href":"https:\/\/akdenizhaber.com.tr\/index.php\/wp-json\/wp\/v2\/posts\/16096\/revisions"}],"wp:featuredmedia":[{"embeddable":true,"href":"https:\/\/akdenizhaber.com.tr\/index.php\/wp-json\/wp\/v2\/media\/16097"}],"wp:attachment":[{"href":"https:\/\/akdenizhaber.com.tr\/index.php\/wp-json\/wp\/v2\/media?parent=16096"}],"wp:term":[{"taxonomy":"category","embeddable":true,"href":"https:\/\/akdenizhaber.com.tr\/index.php\/wp-json\/wp\/v2\/categories?post=16096"},{"taxonomy":"post_tag","embeddable":true,"href":"https:\/\/akdenizhaber.com.tr\/index.php\/wp-json\/wp\/v2\/tags?post=16096"}],"curies":[{"name":"wp","href":"https:\/\/api.w.org\/{rel}","templated":true}]}}