{"id":16093,"date":"2023-09-26T11:57:37","date_gmt":"2023-09-26T08:57:37","guid":{"rendered":"https:\/\/akdenizhaber.com.tr\/?p=16093"},"modified":"2023-09-26T11:57:38","modified_gmt":"2023-09-26T08:57:38","slug":"baskan-sozen-enerjimizi-genclerden-aliyoruz","status":"publish","type":"post","link":"https:\/\/akdenizhaber.com.tr\/index.php\/2023\/09\/26\/baskan-sozen-enerjimizi-genclerden-aliyoruz\/","title":{"rendered":"Ba\u015fkan S\u00f6zen; \u201cEnerjimizi Gen\u00e7lerden Al\u0131yoruz\u201d"},"content":{"rendered":"\n<p><\/p>\n\n\n\n<p>Manavgat Belediyesi, Drif ve Modifiye tutkunlar\u0131n\u0131 bir araya getirmek ve gen\u00e7leri bulu\u015fturmak amac\u0131yla Ulualan Kum Mevkii\u2019nde muhte\u015fem bir Drift Modifiye Bulu\u015fmas\u0131 etkinli\u011fi d\u00fczenledi. Etkinli\u011fe Manavgat Belediye Ba\u015fkan\u0131 \u015e\u00fckr\u00fc S\u00f6zen, e\u015fi Hatice S\u00f6zen, o\u011flu \u0130brahim S\u00f6zen, k\u0131z\u0131 \u0130rem S\u00f6zen, belediye ba\u015fkan yard\u0131mc\u0131lar\u0131, CHP Manavgat \u0130l\u00e7e Ba\u015fkan\u0131 Oykun Ba\u015far ve y\u00f6netim kurulu \u00fcyeleri ile modifiye dernekleri ve binlerce araba tutkunu gen\u00e7 kat\u0131ld\u0131. Manavgat Belediyesi taraf\u0131ndan b\u00fcy\u00fck bir \u00f6zenle ve t\u00fcm g\u00fcvenlik \u00f6nlemleri g\u00f6z \u00f6n\u00fcnde bulundurularak yap\u0131lan etkinlikte, spor ve modifiye arabalar izleyenlere unutulmaz g\u00f6rsel \u015fovlar yapt\u0131. Manavgat Belediye Ba\u015fkan\u0131 \u015e\u00fckr\u00fc S\u00f6zen de gen\u00e7lerle beraber arabalara binerek drift yapmay\u0131 ihmal etmedi. Ba\u015fkan \u015e\u00fckr\u00fc S\u00f6zen\u2019in drifti, gen\u00e7ler taraf\u0131ndan b\u00fcy\u00fck bir be\u011feni ve alk\u0131\u015f ald\u0131. Drift ve modifiye dernekleri, Manavgat Belediyesi\u2019nin organizasyonun kusursuz oldu\u011funu belirterek gen\u00e7leri e\u011flenceli bir aktiviteyle bir araya getiren Manavgat Belediye Ba\u015fkan\u0131 \u015e\u00fckr\u00fc S\u00f6zen\u2019e te\u015fekk\u00fcr etti. Etkinlikte gen\u00e7 sanat\u00e7\u0131 Tu\u011frul \u00c7\u0131ng\u0131 sahne alarak pop\u00fcler \u015fark\u0131lar\u0131yla co\u015fturdu.<\/p>\n\n\n\n<p>Manavgat Belediye Ba\u015fkan\u0131 \u015e\u00fckr\u00fc S\u00f6zen, gen\u00e7lerin drift ve modifiye tutkusunu b\u00fcy\u00fck heyecanla ger\u00e7ekle\u015ftirdiklerini s\u00f6yledi. Ba\u015fkan \u015e\u00fckr\u00fc S\u00f6zen, \u201cG\u00f6nl\u00fcm\u00fcz istiyor ki bu tutkuyu birbirimize zarar vermeden ger\u00e7ekle\u015ftirelim. Gen\u00e7lerimizin enerjisini, heyecan\u0131n\u0131 ve ya\u015fam tutkusunu biliyoruz. Onlar\u0131n yan\u0131nda olmak, heyecan\u0131 beraber ya\u015famak ve bu zemini beraber olu\u015fturmak da bizim g\u00f6revimiz. Bizler, sizlerden b\u00fcy\u00fck olsak da heyecan\u0131m\u0131z\u0131 ve enerjimizi sizlerden al\u0131yoruz. Emek verilerek haz\u0131rlanan ara\u00e7lar\u0131 hep beraber g\u00f6rd\u00fck ve gurur duyduk. Gen\u00e7lerin ara\u00e7lar\u0131yla gurur duydu\u011funa \u015fahitlik ettik. Tek dile\u011fimiz, gen\u00e7lerimizin bu alan\u0131 sa\u011fl\u0131kl\u0131 kullanmas\u0131 ve birbirine zarar vermeyecek \u015fekilde bu tutkular\u0131n\u0131 ya\u015famalar\u0131d\u0131r. Ya\u015fam ko\u015fullar\u0131n\u0131n s\u0131rt\u0131m\u0131za bindirdi\u011fi zorluklara ra\u011fmen bu kentin bu enerjiyi kullanabilecek gen\u00e7leri var. T\u00fcm gen\u00e7lerimizle gurur duyuyoruz. Bu vesile ile kat\u0131l\u0131m g\u00f6steren t\u00fcm payda\u015flara ve eme\u011fi ge\u00e7en t\u00fcm \u00e7al\u0131\u015fma arkada\u015flar\u0131ma te\u015fekk\u00fcr ediyorum\u201d dedi.&nbsp; Ba\u015fkan \u015e\u00fckr\u00fc S\u00f6zen, konu\u015fmas\u0131n\u0131n ard\u0131ndan Drift ve Modifiye derneklerinin temsilcilerine plaket verdi.<\/p>\n\n\n\n<p>Manavgat Belediyesi \/ B\u00fclten<\/p>\n","protected":false},"excerpt":{"rendered":"<p>Manavgat Belediyesi, Drif ve Modifiye tutkunlar\u0131n\u0131 bir araya getirmek ve gen\u00e7leri bulu\u015fturmak amac\u0131yla Ulualan Kum Mevkii\u2019nde muhte\u015fem bir Drift Modifiye Bulu\u015fmas\u0131 etkinli\u011fi d\u00fczenledi. Etkinli\u011fe Manavgat <a href=\"https:\/\/akdenizhaber.com.tr\/index.php\/2023\/09\/26\/baskan-sozen-enerjimizi-genclerden-aliyoruz\/\" class=\"read-more-link\">[more&#8230;]<\/a><\/p>\n","protected":false},"author":2,"featured_media":16094,"comment_status":"open","ping_status":"open","sticky":false,"template":"","format":"standard","meta":{"footnotes":""},"categories":[2],"tags":[],"class_list":["post-16093","post","type-post","status-publish","format-standard","has-post-thumbnail","hentry","category-gundem"],"_links":{"self":[{"href":"https:\/\/akdenizhaber.com.tr\/index.php\/wp-json\/wp\/v2\/posts\/16093","targetHints":{"allow":["GET"]}}],"collection":[{"href":"https:\/\/akdenizhaber.com.tr\/index.php\/wp-json\/wp\/v2\/posts"}],"about":[{"href":"https:\/\/akdenizhaber.com.tr\/index.php\/wp-json\/wp\/v2\/types\/post"}],"author":[{"embeddable":true,"href":"https:\/\/akdenizhaber.com.tr\/index.php\/wp-json\/wp\/v2\/users\/2"}],"replies":[{"embeddable":true,"href":"https:\/\/akdenizhaber.com.tr\/index.php\/wp-json\/wp\/v2\/comments?post=16093"}],"version-history":[{"count":0,"href":"https:\/\/akdenizhaber.com.tr\/index.php\/wp-json\/wp\/v2\/posts\/16093\/revisions"}],"wp:featuredmedia":[{"embeddable":true,"href":"https:\/\/akdenizhaber.com.tr\/index.php\/wp-json\/wp\/v2\/media\/16094"}],"wp:attachment":[{"href":"https:\/\/akdenizhaber.com.tr\/index.php\/wp-json\/wp\/v2\/media?parent=16093"}],"wp:term":[{"taxonomy":"category","embeddable":true,"href":"https:\/\/akdenizhaber.com.tr\/index.php\/wp-json\/wp\/v2\/categories?post=16093"},{"taxonomy":"post_tag","embeddable":true,"href":"https:\/\/akdenizhaber.com.tr\/index.php\/wp-json\/wp\/v2\/tags?post=16093"}],"curies":[{"name":"wp","href":"https:\/\/api.w.org\/{rel}","templated":true}]}}