{"id":16088,"date":"2023-09-26T11:54:08","date_gmt":"2023-09-26T08:54:08","guid":{"rendered":"https:\/\/akdenizhaber.com.tr\/?p=16088"},"modified":"2023-09-26T11:54:08","modified_gmt":"2023-09-26T08:54:08","slug":"manavgat-dr-huseyin-vural-okulu-yurtdisi-gezisinde","status":"publish","type":"post","link":"https:\/\/akdenizhaber.com.tr\/index.php\/2023\/09\/26\/manavgat-dr-huseyin-vural-okulu-yurtdisi-gezisinde\/","title":{"rendered":"Manavgat Dr. H\u00fcseyin Vural Okulu Yurtd\u0131\u015f\u0131 Gezisinde"},"content":{"rendered":"\n<p><\/p>\n\n\n\n<p>Antalya&#8217;n\u0131n Manavgat il\u00e7esindeki, Dr. H\u00fcseyin Vural \u00d6zel E\u011fitim Meslek Okulu Konaklama Hizmetleri alan\u0131 \u00f6\u011frencileri engelsiz staj konulu Erasmus + Projesi kapsam\u0131nda yurt d\u0131\u015f\u0131nda mesleki bilgi ve becerilerini geli\u015ftirme anlam\u0131nda ikinci kez yurt d\u0131\u015f\u0131 e\u011fitim gezisine gidiyor.<br>Hafif d\u00fczeyde mental yetersizli\u011fi olan gen\u00e7lere y\u00f6nelik e\u011fitim veren Milli E\u011fitim Bakanl\u0131\u011f\u0131na ba\u011fl\u0131 Dr. H\u00fcseyin Vural \u00d6zel E\u011fitim Meslek Okulu Konaklama Hizmetleri alan\u0131 \u00f6\u011frencileri alanlar\u0131na y\u00f6nelik staj yapmak \u00fczere yurt d\u0131\u015f\u0131na ikinci kez gidecekler, Daha \u00f6nce Avusturya\u2019n\u0131n Viyana \u015fehrinde mesleki tecr\u00fcbe edinen \u00f6\u011frencilerin ikinci kez yurt d\u0131\u015f\u0131na kat\u0131lacak olmas\u0131 okul y\u00f6netimi ve velilerce sevin\u00e7le kar\u015f\u0131land\u0131.<br>Manavgat Dr. H\u00fcseyin Vural \u00d6zel E\u011fitim Meslek Okulu m\u00fcd\u00fcr\u00fc Ali Hakan \u00d6z,\u00fclke s\u0131n\u0131rlar\u0131 ile birlikte Avrupa\u2019da okul olarak isimlerinden bahsedilmesin \u00e7ok b\u00fcy\u00fck mutluluk duyduklar\u0131n\u0131 ifade ederek,<br>\u201c2022 teklif \u00e7a\u011fr\u0131s\u0131 d\u00f6neminde kabul edilen 2022-1-TR01-KA122-VET-000077509 numaral\u0131 ve &#8220;Engelli \u00d6\u011frencilerimize \u00d6zel Kat ve Servis Hizmetleri Staj\u0131&#8221; adl\u0131 Erasmus+ projesi kapsam\u0131nda 8 \u00f6\u011frenci, 4 \u00f6\u011fretmen g\u00f6zetiminde Almanya&#8217;n\u0131n Dorsten \u015fehrine 14 g\u00fcnl\u00fck staj e\u011fitimlerini yapmak \u00fczere 27.09.2023 tarihinde hareket edeceklerdir. Bu kapsamda Almanya&#8217;da staj yapacak 4 adet konaklama, 4 adet yiyecek i\u00e7ecek hizmetleri olmak \u00fczere toplam 8 \u00f6\u011frenci ve \u00f6\u011frenci velileriyle 20 Eyl\u00fcl&#8217;de &#8220;Staj S\u00fcreciyle \u0130lgili Bilgilendirme&#8221; i\u00e7erikli toplant\u0131 yapt\u0131k.Verimli ge\u00e7en toplant\u0131da Avrupa\u2019daki stajla ilgili velilerimiz ve \u00f6\u011frencilerimiz bilgilendirildi.Kolektif bilin\u00e7le yar\u0131n\u0131n d\u00fcnyas\u0131n\u0131 bug\u00fcnden g\u00f6ren bir vizyonla \u00f6zel \u00f6\u011frencilerin akademik kariyerlerine alt\u0131n dokunu\u015flar yapan Dr. H\u00fcseyin Vural \u00d6zel E\u011fitim Meslek Okulu idareci ve \u00f6\u011fretmenlerine te\u015fekk\u00fcr edilerek toplant\u0131y\u0131 bitirdik\u201d dedi.<br>(Haber Merkezi)<\/p>\n","protected":false},"excerpt":{"rendered":"<p>Antalya&#8217;n\u0131n Manavgat il\u00e7esindeki, Dr. H\u00fcseyin Vural \u00d6zel E\u011fitim Meslek Okulu Konaklama Hizmetleri alan\u0131 \u00f6\u011frencileri engelsiz staj konulu Erasmus + Projesi kapsam\u0131nda yurt d\u0131\u015f\u0131nda mesleki bilgi <a href=\"https:\/\/akdenizhaber.com.tr\/index.php\/2023\/09\/26\/manavgat-dr-huseyin-vural-okulu-yurtdisi-gezisinde\/\" class=\"read-more-link\">[more&#8230;]<\/a><\/p>\n","protected":false},"author":2,"featured_media":16089,"comment_status":"open","ping_status":"open","sticky":false,"template":"","format":"standard","meta":{"footnotes":""},"categories":[2],"tags":[],"class_list":["post-16088","post","type-post","status-publish","format-standard","has-post-thumbnail","hentry","category-gundem"],"_links":{"self":[{"href":"https:\/\/akdenizhaber.com.tr\/index.php\/wp-json\/wp\/v2\/posts\/16088","targetHints":{"allow":["GET"]}}],"collection":[{"href":"https:\/\/akdenizhaber.com.tr\/index.php\/wp-json\/wp\/v2\/posts"}],"about":[{"href":"https:\/\/akdenizhaber.com.tr\/index.php\/wp-json\/wp\/v2\/types\/post"}],"author":[{"embeddable":true,"href":"https:\/\/akdenizhaber.com.tr\/index.php\/wp-json\/wp\/v2\/users\/2"}],"replies":[{"embeddable":true,"href":"https:\/\/akdenizhaber.com.tr\/index.php\/wp-json\/wp\/v2\/comments?post=16088"}],"version-history":[{"count":0,"href":"https:\/\/akdenizhaber.com.tr\/index.php\/wp-json\/wp\/v2\/posts\/16088\/revisions"}],"wp:featuredmedia":[{"embeddable":true,"href":"https:\/\/akdenizhaber.com.tr\/index.php\/wp-json\/wp\/v2\/media\/16089"}],"wp:attachment":[{"href":"https:\/\/akdenizhaber.com.tr\/index.php\/wp-json\/wp\/v2\/media?parent=16088"}],"wp:term":[{"taxonomy":"category","embeddable":true,"href":"https:\/\/akdenizhaber.com.tr\/index.php\/wp-json\/wp\/v2\/categories?post=16088"},{"taxonomy":"post_tag","embeddable":true,"href":"https:\/\/akdenizhaber.com.tr\/index.php\/wp-json\/wp\/v2\/tags?post=16088"}],"curies":[{"name":"wp","href":"https:\/\/api.w.org\/{rel}","templated":true}]}}