{"id":16082,"date":"2023-09-26T11:52:44","date_gmt":"2023-09-26T08:52:44","guid":{"rendered":"https:\/\/akdenizhaber.com.tr\/?p=16082"},"modified":"2023-09-26T11:52:45","modified_gmt":"2023-09-26T08:52:45","slug":"cittaslow-cocuk-senligi-sona-erdi","status":"publish","type":"post","link":"https:\/\/akdenizhaber.com.tr\/index.php\/2023\/09\/26\/cittaslow-cocuk-senligi-sona-erdi\/","title":{"rendered":"&#8216;Cittaslow \u00c7ocuk \u015eenli\u011fi&#8217; sona erdi"},"content":{"rendered":"\n<p><\/p>\n\n\n\n<p>Finike Belediyesi taraf\u0131ndan bu y\u0131l 23-24 Eyl\u00fcl tarihleri aras\u0131nda ilki ger\u00e7ekle\u015ftirilen Cittaslow \u00c7ocuk \u015eenli\u011fi birbirinden e\u011flenceli etkinliklerle son buldu. \u015eenlik alan\u0131nda unutamayacaklar\u0131 bir g\u00fcn ya\u015fayan \u00e7ocuklar etkinlikte g\u00f6n\u00fcllerince e\u011flendi.<\/p>\n\n\n\n<p>Liman \u0130\u00e7i Sahne&#8217;de Finike Belediyesi taraf\u0131ndan organize edilen ve iki g\u00fcn boyunca dolu dolu etkinliklerle \u00e7ocuklara keyifli anlar ya\u015fatan &#8216;Cittaslow \u00c7ocuk \u015eenli\u011fi&#8217; muhte\u015fem kapan\u0131\u015fla sona erdi. \u015eenlikte \u00e7e\u015fitli g\u00f6steriler ve y\u00f6resel lezzetlerle ziyaret\u00e7iler festivale doydu. \u015eenlik boyunca yerinde duramayan \u00e7ocuklar, m\u00fczikler ve animat\u00f6rler e\u015fli\u011finde g\u00f6n\u00fcllerince dans etti, \u015fi\u015fme oyun park\u0131n\u0131n g\u00fcn boyunca keyfini \u00e7\u0131kard\u0131. Alice in Wonderland, y\u00fcz boyama etkinli\u011fi, maskot dans, balon g\u00f6sterisi, ah\u015fap oyunlar\u0131 ve transformers robot g\u00f6sterisiyle de e\u011flenceli bir g\u00fcn ge\u00e7irdi. \u015eenlikte \u00e7ocuklar\u0131 yaln\u0131z b\u0131rakmayan ve &#8220;Bu festival, Cumhuriyetimizin 100&#8217;\u00fcnc\u00fc y\u0131l\u0131nda \u00e7ocuklar\u0131m\u0131za arma\u011fan\u0131m\u0131zd\u0131r&#8221; diyen Finike Belediye Ba\u015fkan\u0131 Mustafa Geyik\u00e7i, &#8220;Finike g\u00fczel bir \u015fenli\u011fe ev sahipli\u011fi yapt\u0131. Gelece\u011fimizin teminat\u0131 \u00e7ocuklar\u0131m\u0131zla birlikte \u00e7ok g\u00fczel bir etkinlik ger\u00e7ekle\u015ftirdik. G\u00fczel an\u0131lar biriktirdik. \u00d6n\u00fcm\u00fczdeki y\u0131llarda ger\u00e7ekle\u015ftirece\u011fimiz yeni projelerimizle birlikte Finike&#8217;yi marka bir \u015fehir haline getirmek i\u00e7in \u00e7al\u0131\u015fmalar\u0131m\u0131za devam edece\u011fiz. Bug\u00fcn burada bizimle bu mutlulu\u011fa ortak olan t\u00fcm \u00e7ocuklar\u0131m\u0131za, de\u011ferli ailelerimize, k\u0131ymetli hem\u015fehrilerimize ve eme\u011fi ge\u00e7en herkese te\u015fekk\u00fcr ediyorum&#8221; dedi.<\/p>\n\n\n\n<p>YARI\u015eMACILAR H\u00dcNERLER\u0130N\u0130 SERG\u0130LED\u0130<\/p>\n\n\n\n<p>\u015eenli\u011fin ikinci g\u00fcn\u00fcnde &#8220;Cittaslow ve Slow Food felsefeleri&#8221; hakk\u0131nda d\u00fczenlenen s\u00f6yle\u015finin ard\u0131ndan ger\u00e7ekle\u015ftirilen Finike&#8217;nin Slow lezzetlerinin \u00f6n plana \u00e7\u0131kt\u0131\u011f\u0131 yemek yar\u0131\u015fmas\u0131nda, el lezzetine g\u00fcvenen \u00e7ok say\u0131da kat\u0131l\u0131mc\u0131, sebze, fonksiyonel ve tatl\u0131 olmak \u00fczere \u00fc\u00e7 katagoride yar\u0131\u015farak h\u00fcnerlerini sergiledi. Yar\u0131\u015fmac\u0131lar\u0131n Finike&#8217;ye ait \u00fcr\u00fcnlerden en az birini yemeklerinde kulland\u0131\u011f\u0131 yar\u0131\u015fman\u0131n sonunda ise dereceye giren kat\u0131l\u0131mc\u0131lara Slow Food Finike&#8217;ye dair \u00e7e\u015fitli \u00f6d\u00fcller verildi.<\/p>\n\n\n\n<p>GELENEKSEL LEZZETLER YARI\u015eTI<\/p>\n\n\n\n<p>Finike&#8217;nin geleneksel lezzetelerinin yar\u0131\u015ft\u0131\u011f\u0131 etkinlikte konu\u015fan Ba\u015fkan Mustafa Geyik\u00e7i, &#8220;\u00d6ncelikle yar\u0131\u015fmaya kat\u0131lan arkada\u015flar\u0131m\u0131za, a\u015f\u00e7\u0131lar\u0131m\u0131za ve \u015feflerimize \u00e7ok te\u015fekk\u00fcr ediyorum. Finike&#8217;de ilk defa b\u00f6yle bir etkinlik yap\u0131yoruz. \u0130n\u015faallah bunu gelecek y\u0131llarda daha kapsaml\u0131 bir \u015fekilde tekrar yapmay\u0131 d\u00fc\u015f\u00fcn\u00fcyoruz. \u00c7ok \u00e7e\u015fitli y\u00f6resel yemeklere sahibiz. Bu yemeklerimizi de sizlere tatd\u0131rmak ve tan\u0131tmak istiyoruz. Bug\u00fcn burada ger\u00e7ekle\u015ftirdi\u011fimiz yemek yar\u0131\u015fmam\u0131zda dereceye giren b\u00fct\u00fcn kat\u0131l\u0131mc\u0131lar\u0131 tebrik ediyorum. \u015eeflerimize de ayr\u0131ca kat\u0131l\u0131mlar\u0131ndan dolay\u0131 te\u015fekk\u00fcr ediyorum. Elinize eme\u011finize sa\u011fl\u0131k&#8221; diyerek t\u00fcm kat\u0131l\u0131mc\u0131lara ba\u015far\u0131lar diledi.<\/p>\n\n\n\n<p>EN \u0130Y\u0130LER \u00d6D\u00dcLLEND\u0130R\u0130LD\u0130<\/p>\n\n\n\n<p>\u015eefler Serra Beklen, Tuncay G\u00fclc\u00fc ve Mehmet Ali B\u00f6rt\u00fccene&#8217;nin j\u00fcri \u00fcyeli\u011fi yapt\u0131\u011f\u0131 yar\u0131\u015fmada kat\u0131l\u0131mc\u0131lar\u0131n haz\u0131rlad\u0131\u011f\u0131 yemekler tek tek oyland\u0131. Oylaman\u0131n sonucunda sebze yemekleri kategorisinde Huriye Karac\u00fcce zeytinya\u011fl\u0131 sarma ile yar\u0131\u015fman\u0131n birincisi olurken, Semiha G\u00fcven ikinci oldu. Fonksiyonel g\u0131da kategorisinde yar\u0131\u015fman\u0131n birincisi nar ek\u015fili k\u0131s\u0131r ile Arzu Uygunsoy olurken, ikinci Semiha G\u00fcven oldu. Tatl\u0131 kategorisinde ise pekmezli muhallebi ile yar\u0131\u015fman\u0131n birincisi Duygu Turgut olurken, Sebile Aksoy ve Melike Harmandar ikincili\u011fi payla\u015ft\u0131. G\u00fclay Bulut ise yar\u0131\u015fman\u0131n \u00fc\u00e7\u00fcnc\u00fcs\u00fc oldu. Kazananlar\u0131n a\u00e7\u0131klanmas\u0131n\u0131n ard\u0131ndan Finike Belediye Ba\u015fkan\u0131 Mustafa Geyik\u00e7i, e\u015fi Kadriye Geyik\u00e7i, Finike Belediye Ba\u015fkan Yard\u0131m\u0131c\u0131s\u0131 S\u0131d\u0131ka G\u00f6kyar K\u0131z\u0131lca ve misafir \u015fefler dereceye girenlere tek tek \u00f6d\u00fcllerini takdim etti.<\/p>\n\n\n\n<p>Finike Belediyesi \/ B\u00fclten<\/p>\n","protected":false},"excerpt":{"rendered":"<p>Finike Belediyesi taraf\u0131ndan bu y\u0131l 23-24 Eyl\u00fcl tarihleri aras\u0131nda ilki ger\u00e7ekle\u015ftirilen Cittaslow \u00c7ocuk \u015eenli\u011fi birbirinden e\u011flenceli etkinliklerle son buldu. \u015eenlik alan\u0131nda unutamayacaklar\u0131 bir g\u00fcn ya\u015fayan <a href=\"https:\/\/akdenizhaber.com.tr\/index.php\/2023\/09\/26\/cittaslow-cocuk-senligi-sona-erdi\/\" class=\"read-more-link\">[more&#8230;]<\/a><\/p>\n","protected":false},"author":2,"featured_media":16083,"comment_status":"open","ping_status":"open","sticky":false,"template":"","format":"standard","meta":{"footnotes":""},"categories":[2],"tags":[],"class_list":["post-16082","post","type-post","status-publish","format-standard","has-post-thumbnail","hentry","category-gundem"],"_links":{"self":[{"href":"https:\/\/akdenizhaber.com.tr\/index.php\/wp-json\/wp\/v2\/posts\/16082","targetHints":{"allow":["GET"]}}],"collection":[{"href":"https:\/\/akdenizhaber.com.tr\/index.php\/wp-json\/wp\/v2\/posts"}],"about":[{"href":"https:\/\/akdenizhaber.com.tr\/index.php\/wp-json\/wp\/v2\/types\/post"}],"author":[{"embeddable":true,"href":"https:\/\/akdenizhaber.com.tr\/index.php\/wp-json\/wp\/v2\/users\/2"}],"replies":[{"embeddable":true,"href":"https:\/\/akdenizhaber.com.tr\/index.php\/wp-json\/wp\/v2\/comments?post=16082"}],"version-history":[{"count":0,"href":"https:\/\/akdenizhaber.com.tr\/index.php\/wp-json\/wp\/v2\/posts\/16082\/revisions"}],"wp:featuredmedia":[{"embeddable":true,"href":"https:\/\/akdenizhaber.com.tr\/index.php\/wp-json\/wp\/v2\/media\/16083"}],"wp:attachment":[{"href":"https:\/\/akdenizhaber.com.tr\/index.php\/wp-json\/wp\/v2\/media?parent=16082"}],"wp:term":[{"taxonomy":"category","embeddable":true,"href":"https:\/\/akdenizhaber.com.tr\/index.php\/wp-json\/wp\/v2\/categories?post=16082"},{"taxonomy":"post_tag","embeddable":true,"href":"https:\/\/akdenizhaber.com.tr\/index.php\/wp-json\/wp\/v2\/tags?post=16082"}],"curies":[{"name":"wp","href":"https:\/\/api.w.org\/{rel}","templated":true}]}}