{"id":16076,"date":"2023-09-26T11:51:23","date_gmt":"2023-09-26T08:51:23","guid":{"rendered":"https:\/\/akdenizhaber.com.tr\/?p=16076"},"modified":"2023-09-26T11:51:24","modified_gmt":"2023-09-26T08:51:24","slug":"kepezden-hastaneye-yeni-otopark","status":"publish","type":"post","link":"https:\/\/akdenizhaber.com.tr\/index.php\/2023\/09\/26\/kepezden-hastaneye-yeni-otopark\/","title":{"rendered":"Kepez\u2019den hastaneye yeni otopark"},"content":{"rendered":"\n<p><\/p>\n\n\n\n<p>Kepez Belediyesi, Kepez Devlet Hastanesi\u2019nin \u00e7evresinde olu\u015fturdu\u011fu250 ara\u00e7 kapasiteli a\u00e7\u0131k otopark alan\u0131n\u0131n giri\u015f ve \u00e7\u0131k\u0131\u015flar\u0131n\u0131, &nbsp;amb\u00fcl\u00e2nslar\u0131n acil servise ula\u015f\u0131m\u0131n\u0131 kolayla\u015ft\u0131rmak amac\u0131yla yeniden d\u00fczenledi.<\/p>\n\n\n\n<p>Kepez Belediyesi, il\u00e7e tarihinin en \u00f6nemli kamu yat\u0131r\u0131mlar\u0131ndan biri olan 350 yatakl\u0131 devlet hastanesinin ziyaret\u00e7i ara\u00e7 park\u0131 sorununu \u00e7\u00f6z\u00fcyor.&nbsp; Kepez Belediye Ba\u015fkan\u0131 Hakan T\u00fct\u00fcnc\u00fc\u2019n\u00fcn gayretleriyle belediye ait arsa \u00fczerine in\u015fa edilen hastanenin ilk olarak yol ihtiyac\u0131 kar\u015f\u0131lanm\u0131\u015ft\u0131.<\/p>\n\n\n\n<p><strong>HASTANEN\u0130N \u00d6NCE YOLLARI YAPILDI<\/strong><\/p>\n\n\n\n<p>Kepez Belediyesi, hastanenin olu\u015fturaca\u011f\u0131 ara\u00e7 trafi\u011fi yo\u011funlu\u011fu dikkate alarak b\u00f6lgedeki imar yollar\u0131n\u0131 ge\u00e7ti\u011fimiz y\u0131llarda ula\u015f\u0131ma a\u00e7t\u0131.<br>Yine hastaneye ula\u015f\u0131m\u0131 sa\u011flayan 15 Temmuz \u015eehitler Caddesi ile &nbsp;\u015eehit \u00d6mer Halis Demir Caddesi geni\u015fletildi ve caddelerin s\u0131cak asfalt\u0131 ile kald\u0131r\u0131m\u0131 yenilendi.<br>Kepez Belediyesi,&nbsp; bu \u00e7al\u0131\u015fmalarla birlikte hastanenin ara\u00e7 park\u0131 ihtiyac\u0131n\u0131 da kar\u015f\u0131lad\u0131.<\/p>\n\n\n\n<p><strong>HASTANEYE Z\u0130YARET\u00c7\u0130 OTOPARKI<\/strong><\/p>\n\n\n\n<p>Hastanenin hemen yan\u0131 ba\u015f\u0131nda 3516 Sokak ile 3512 Sokak aras\u0131nda kalan ve &nbsp;imar plan\u0131nda otopark olan alanda, hastaneye gelen hasta ve ziyaret\u00e7iler i\u00e7in \u00fccretsiz otopark alan\u0131 olu\u015fturuldu.&nbsp;<br>Hastanenin hizmete a\u00e7\u0131lmas\u0131yla birlikte b\u00f6lgedeki ticari hareketlili\u011fin artmas\u0131ndan dolay\u0131 ziyaret\u00e7i otopark\u0131 ihtiyac\u0131 kar\u015f\u0131layamaz hale geldi. Yine otopark alan\u0131na geli\u015fi g\u00fczel ara\u00e7 park edilmesi de amb\u00fcl\u00e2nslar\u0131n acil servis bah\u00e7esine giri\u015f ve \u00e7\u0131k\u0131\u015flar\u0131n\u0131 zorla\u015ft\u0131rd\u0131.<\/p>\n\n\n\n<p><strong>OTOPARKA AMBULANS D\u00dcZENLEMES\u0130<\/strong><\/p>\n\n\n\n<p>Kepez Belediyesi bu olumsuzluklar\u0131 dikkate alarak otopark alan\u0131nda yeni bir d\u00fczenlemeye gitti.<br>Kepez Belediyesi Fen \u0130\u015fleri M\u00fcd\u00fcrl\u00fc\u011f\u00fc bu d\u00fczenlemeyi de, Ula\u015f\u0131m Koordinasyon Merkezi (UKOME)\u2019nin \u00e7izdi\u011fi projeye g\u00f6re ger\u00e7ekle\u015ftirdi.<br>\u00d6nceki d\u00fczenlemede otopark alan\u0131n\u0131n sa\u011f\u0131nda ve solunda ara\u00e7 yolu bulunuyordu. Yeni d\u00fczenlemede bu yollar otopark alan\u0131n\u0131n ortas\u0131na al\u0131nd\u0131. \u0130ki y\u00f6nl\u00fc yolu b\u00f6lmek ve g\u00fcvenli\u011fi sa\u011flamak i\u00e7in de delinat\u00f6r duba kullan\u0131ld\u0131.<br>Yollar\u0131n sa\u011f ve sol b\u00f6l\u00fcmleri ise otopark olarak d\u00fczenlendi. Yol ve otopark alan\u0131 aras\u0131nda kald\u0131r\u0131m d\u00fczenlemesi yap\u0131ld\u0131. Her iki y\u00f6nde giri\u015f ve \u00e7\u0131k\u0131\u015flar\u0131n bulundu\u011fu otopark alan\u0131, \u00e7izgilerle ara\u00e7 park b\u00f6l\u00fcm\u00fcne ayr\u0131ld\u0131.<\/p>\n\n\n\n<p><strong>OTOPARKA D\u00dcZEN GELD\u0130<\/strong><\/p>\n\n\n\n<p>Fen \u0130\u015fleri M\u00fcd\u00fcrl\u00fc\u011f\u00fc, &nbsp;hastanenin kar\u015f\u0131s\u0131nda 15 Temmuz \u015eehitleri Caddesi\u2019nde yeni bir ziyaret\u00e7i otopark\u0131 in\u015fa etti. Bu \u00e7al\u0131\u015fmayla b\u00f6lgeye 250 ara\u00e7 kapasiteli ziyaret\u00e7i otopark\u0131 kazand\u0131r\u0131lm\u0131\u015f oldu.<br>Kepez Devlet Hastanesi\u2019nin, bug\u00fcne kadar bir\u00e7ok hizmet talebini kar\u015f\u0131lad\u0131klar\u0131n\u0131 belirten Ba\u015fkan Hakan T\u00fct\u00fcnc\u00fc,&nbsp; yeni otopark d\u00fczenlemesiyle de amb\u00fcl\u00e2nslar\u0131n hastanenin acil servisinin bulundu\u011fu alana giri\u015f ve \u00e7\u0131k\u0131\u015flar\u0131n\u0131 kolayla\u015ft\u0131rd\u0131klar\u0131n\u0131 s\u00f6yledi. Ba\u015fkan T\u00fct\u00fcnc\u00fc, yeni otopark \u00e7al\u0131\u015fmas\u0131yla hastane \u00e7evresindeki ara\u00e7 park\u0131na da bir d\u00fczen getirdiklerini kaydetti.&nbsp;<\/p>\n\n\n\n<p>Kepez Belediyesi \/ B\u00fclten<\/p>\n","protected":false},"excerpt":{"rendered":"<p>Kepez Belediyesi, Kepez Devlet Hastanesi\u2019nin \u00e7evresinde olu\u015fturdu\u011fu250 ara\u00e7 kapasiteli a\u00e7\u0131k otopark alan\u0131n\u0131n giri\u015f ve \u00e7\u0131k\u0131\u015flar\u0131n\u0131, &nbsp;amb\u00fcl\u00e2nslar\u0131n acil servise ula\u015f\u0131m\u0131n\u0131 kolayla\u015ft\u0131rmak amac\u0131yla yeniden d\u00fczenledi. Kepez Belediyesi, <a href=\"https:\/\/akdenizhaber.com.tr\/index.php\/2023\/09\/26\/kepezden-hastaneye-yeni-otopark\/\" class=\"read-more-link\">[more&#8230;]<\/a><\/p>\n","protected":false},"author":2,"featured_media":16077,"comment_status":"open","ping_status":"open","sticky":false,"template":"","format":"standard","meta":{"footnotes":""},"categories":[2],"tags":[],"class_list":["post-16076","post","type-post","status-publish","format-standard","has-post-thumbnail","hentry","category-gundem"],"_links":{"self":[{"href":"https:\/\/akdenizhaber.com.tr\/index.php\/wp-json\/wp\/v2\/posts\/16076","targetHints":{"allow":["GET"]}}],"collection":[{"href":"https:\/\/akdenizhaber.com.tr\/index.php\/wp-json\/wp\/v2\/posts"}],"about":[{"href":"https:\/\/akdenizhaber.com.tr\/index.php\/wp-json\/wp\/v2\/types\/post"}],"author":[{"embeddable":true,"href":"https:\/\/akdenizhaber.com.tr\/index.php\/wp-json\/wp\/v2\/users\/2"}],"replies":[{"embeddable":true,"href":"https:\/\/akdenizhaber.com.tr\/index.php\/wp-json\/wp\/v2\/comments?post=16076"}],"version-history":[{"count":0,"href":"https:\/\/akdenizhaber.com.tr\/index.php\/wp-json\/wp\/v2\/posts\/16076\/revisions"}],"wp:featuredmedia":[{"embeddable":true,"href":"https:\/\/akdenizhaber.com.tr\/index.php\/wp-json\/wp\/v2\/media\/16077"}],"wp:attachment":[{"href":"https:\/\/akdenizhaber.com.tr\/index.php\/wp-json\/wp\/v2\/media?parent=16076"}],"wp:term":[{"taxonomy":"category","embeddable":true,"href":"https:\/\/akdenizhaber.com.tr\/index.php\/wp-json\/wp\/v2\/categories?post=16076"},{"taxonomy":"post_tag","embeddable":true,"href":"https:\/\/akdenizhaber.com.tr\/index.php\/wp-json\/wp\/v2\/tags?post=16076"}],"curies":[{"name":"wp","href":"https:\/\/api.w.org\/{rel}","templated":true}]}}