{"id":16073,"date":"2023-09-26T11:50:24","date_gmt":"2023-09-26T08:50:24","guid":{"rendered":"https:\/\/akdenizhaber.com.tr\/?p=16073"},"modified":"2023-09-26T11:50:25","modified_gmt":"2023-09-26T08:50:25","slug":"konyaalti-hafta-sonunu-muzikle-gecirdi","status":"publish","type":"post","link":"https:\/\/akdenizhaber.com.tr\/index.php\/2023\/09\/26\/konyaalti-hafta-sonunu-muzikle-gecirdi\/","title":{"rendered":"Konyaalt\u0131 hafta sonunu m\u00fczikle ge\u00e7irdi"},"content":{"rendered":"\n<p><\/p>\n\n\n\n<p><strong>Konyaalt\u0131 Belediyesi Caz G\u00fcnleri ikinci hafta konserinde sanat\u00e7\u0131 Elif \u00c7a\u011flar Muslu sahne al\u0131rken, Konyaalt\u0131 Belediyesi T\u00fcrk Sanat M\u00fczi\u011fi Nazariyat Korosu da klasik T\u00fcrk m\u00fczi\u011fi sanat\u00e7\u0131s\u0131, icrac\u0131 ve bestek\u00e2r Prof. Dr. Alaeddin Yava\u015fca\u2019y\u0131 konserle and\u0131.<\/strong><\/p>\n\n\n\n<p>Konyaalt\u0131 Belediyesi\u2019nin bu y\u0131l 2\u2019ncisini d\u00fczenledi\u011fi Caz G\u00fcnleri konserleri kald\u0131\u011f\u0131 yerden devam ediyor. \u0130kinci hafta konserinde sanat\u00e7\u0131 Elif \u00c7a\u011flar Muslu sahne ald\u0131. Performans\u0131 ile alan\u0131 dolduran m\u00fczikseverleri kendine hayran b\u0131rakan Muslu, yerli ve yabanc\u0131 \u015fark\u0131lar s\u00f6yleyerek alanda bulunanlara keyifli bir gece ya\u015fatt\u0131. 7\u2019den 70\u2019e herkesin e\u011flendi\u011fi konserde bir grup dinleyici, \u015fark\u0131lar e\u015fli\u011finde dans ederek caz konserinin keyfini \u00e7\u0131kard\u0131. HayatPark\u2019ta ilk kez sahneye \u00e7\u0131kt\u0131\u011f\u0131n\u0131 ifade eden sanat\u00e7\u0131 Muslu, bundan dolay\u0131 duydu\u011fu memnuniyeti dile getirdi. Muslu\u2019ya \u00e7i\u00e7ek takdim edildikten sonra konser kald\u0131\u011f\u0131 yerden devam etti. \u00d6te yandan, Konyaalt\u0131 Caz G\u00fcnleri etkinli\u011finin her y\u0131l d\u00fczenlenmesini isteyen vatanda\u015flar\u0131 k\u0131rmayan Konyaalt\u0131 Belediye Ba\u015fkan\u0131 Semih Esen, bir etkinli\u011fi daha geleneksel hale getirmi\u015f oldu. Etkinlikte geriye iki konser kal\u0131rken 30 Eyl\u00fcl\u2019de Seran Bilgin, 7 Ekim\u2019de ise Ece G\u00f6ksu ile \u0130mer Demirer sahne alacak.<\/p>\n\n\n\n<p><strong>ALAEDD\u0130N YAVA\u015eCA ANILDI<\/strong><\/p>\n\n\n\n<p>Konyaalt\u0131 Belediyesi T\u00fcrk Sanat M\u00fczi\u011fi Nazariyat Korosu taraf\u0131ndan klasik T\u00fcrk m\u00fczi\u011fi sanat\u00e7\u0131s\u0131, icrac\u0131 ve bestek\u00e2r Prof. Dr. Alaeddin Yava\u015fca, d\u00fczenlenen anma konseriyle an\u0131ld\u0131. Naz\u0131m Hikmet Kongre ve Fuar Merkezi\u2019nde ger\u00e7ekle\u015fen konsere sanatseverler yo\u011fun ilgi g\u00f6sterdi. Sanatseverler Alaeddin Yava\u015fca\u2019n\u0131n eserleri ile keyifli dakikalar ge\u00e7irdi.<\/p>\n\n\n\n<p><strong>Konyaalt\u0131 Belediyesi \/ B\u00fclten<\/strong><\/p>\n","protected":false},"excerpt":{"rendered":"<p>Konyaalt\u0131 Belediyesi Caz G\u00fcnleri ikinci hafta konserinde sanat\u00e7\u0131 Elif \u00c7a\u011flar Muslu sahne al\u0131rken, Konyaalt\u0131 Belediyesi T\u00fcrk Sanat M\u00fczi\u011fi Nazariyat Korosu da klasik T\u00fcrk m\u00fczi\u011fi sanat\u00e7\u0131s\u0131, <a href=\"https:\/\/akdenizhaber.com.tr\/index.php\/2023\/09\/26\/konyaalti-hafta-sonunu-muzikle-gecirdi\/\" class=\"read-more-link\">[more&#8230;]<\/a><\/p>\n","protected":false},"author":2,"featured_media":16074,"comment_status":"open","ping_status":"open","sticky":false,"template":"","format":"standard","meta":{"footnotes":""},"categories":[2],"tags":[],"class_list":["post-16073","post","type-post","status-publish","format-standard","has-post-thumbnail","hentry","category-gundem"],"_links":{"self":[{"href":"https:\/\/akdenizhaber.com.tr\/index.php\/wp-json\/wp\/v2\/posts\/16073","targetHints":{"allow":["GET"]}}],"collection":[{"href":"https:\/\/akdenizhaber.com.tr\/index.php\/wp-json\/wp\/v2\/posts"}],"about":[{"href":"https:\/\/akdenizhaber.com.tr\/index.php\/wp-json\/wp\/v2\/types\/post"}],"author":[{"embeddable":true,"href":"https:\/\/akdenizhaber.com.tr\/index.php\/wp-json\/wp\/v2\/users\/2"}],"replies":[{"embeddable":true,"href":"https:\/\/akdenizhaber.com.tr\/index.php\/wp-json\/wp\/v2\/comments?post=16073"}],"version-history":[{"count":0,"href":"https:\/\/akdenizhaber.com.tr\/index.php\/wp-json\/wp\/v2\/posts\/16073\/revisions"}],"wp:featuredmedia":[{"embeddable":true,"href":"https:\/\/akdenizhaber.com.tr\/index.php\/wp-json\/wp\/v2\/media\/16074"}],"wp:attachment":[{"href":"https:\/\/akdenizhaber.com.tr\/index.php\/wp-json\/wp\/v2\/media?parent=16073"}],"wp:term":[{"taxonomy":"category","embeddable":true,"href":"https:\/\/akdenizhaber.com.tr\/index.php\/wp-json\/wp\/v2\/categories?post=16073"},{"taxonomy":"post_tag","embeddable":true,"href":"https:\/\/akdenizhaber.com.tr\/index.php\/wp-json\/wp\/v2\/tags?post=16073"}],"curies":[{"name":"wp","href":"https:\/\/api.w.org\/{rel}","templated":true}]}}